{"id":114501,"date":"2019-03-19T11:42:33","date_gmt":"2019-03-19T10:42:33","guid":{"rendered":"http:\/\/gazdasagportal.hu\/?p=114501"},"modified":"2019-03-19T11:42:33","modified_gmt":"2019-03-19T10:42:33","slug":"nav-mar-nem-kerhetok-postan-az-adobevallasi-tervezetek","status":"publish","type":"post","link":"https:\/\/gazdasagportal.hu\/index.php\/nav-mar-nem-kerhetok-postan-az-adobevallasi-tervezetek\/","title":{"rendered":"NAV: m\u00e1r nem k\u00e9rhet\u0151k post\u00e1n az ad\u00f3bevall\u00e1si tervezetek"},"content":{"rendered":"<p><strong>M\u00e1r nem k\u00e9rhet\u0151k post\u00e1n az ad\u00f3bevall\u00e1si tervezetek, \u00e9jf\u00e9lkor ugyanis lej\u00e1rt a hat\u00e1rid\u0151 &#8211; mondta Kiss P\u00e9ter Andr\u00e1s, a Nemzeti Ad\u00f3- \u00e9s V\u00e1mhivatal (NAV) ad\u00f3szakmai sz\u00f3viv\u0151je az M1 aktu\u00e1lis csatorn\u00e1n kedden.<\/strong><!--more--><\/p>\n<div class=\"ads-in-post1\"><div id=\"gazdasagportal.hu_fullbanner_wideboard\"><\/div>\r\n<\/div>\n<p>    Hozz\u00e1tette: azok az ad\u00f3z\u00f3k, akiknek nincs \u00fcgyf\u00e9lkapujuk most m\u00e1r csak szem\u00e9lyesen k\u00e9rhetik a bevall\u00e1si tervezet\u00fcket a NAV \u00fcgyf\u00e9lszolg\u00e1latain.<br \/>\n    Kiemelte: a NAV h\u00e9tf\u0151 reggeli adatai szerint 350 ezren m\u00e1r megn\u00e9zt\u00e9k, \u00e9s \u00fcgyf\u00e9lkapus azonos\u00edt\u00e1s ut\u00e1n 112 ezren elfogadt\u00e1k a tervezet\u00fcket a v\u00e1mhivatal honlapj\u00e1n. Csaknem \u00f6tvenezren m\u00e1r ad\u00f3juk egy sz\u00e1zal\u00e9k\u00e1r\u00f3l is rendelkeztek &#8211; jegyezte meg.<br \/>\n<div class=\"ads-in-post2\"><script async src=\"https:\/\/pagead2.googlesyndication.com\/pagead\/js\/adsbygoogle.js\"><\/script>\r\n<ins class=\"adsbygoogle\"\r\n     style=\"display:block\"\r\n     data-ad-format=\"fluid\"\r\n     data-ad-layout-key=\"-6t+ed+2i-1n-4w\"\r\n     data-ad-client=\"ca-pub-1959107119989764\"\r\n     data-ad-slot=\"4008251320\"><\/ins>\r\n<script>\r\n     (adsbygoogle = window.adsbygoogle || []).push({});\r\n<\/script><\/div>\n    Az ad\u00f3hat\u00f3s\u00e1g az idei \u00e9vt\u0151l mindenkinek &#8211; akir\u0151l a NAV munk\u00e1ltat\u00f3i, kifizet\u0151i adattal rendelkezik &#8211; k\u00e9sz\u00edt bevall\u00e1si tervezetet, teh\u00e1t az egy\u00e9ni v\u00e1llalkoz\u00f3knak is &#8211; hangs\u00falyozta.<br \/>\n    Elmondta: a munkav\u00e1llal\u00f3k tervezete m\u00e1jus 20-\u00e1n automatikusan szja-bevall\u00e1ss\u00e1 v\u00e1lik. Ezzel szemben az egy\u00e9ni v\u00e1llalkoz\u00f3knak, az \u0151stermel\u0151i \u00e9s \u00e1f\u00e1s mag\u00e1nszem\u00e9lyeknek nem v\u00e1lik automatikusan a tervezet bevall\u00e1ss\u00e1, \u0151k csak egyfajta visszamutat\u00e1st kapnak a NAV rendszer\u00e9b\u0151l, ezt kieg\u00e9sz\u00edtve kell beadni a bevall\u00e1sokat &#8211; magyar\u00e1zta Kiss P\u00e9ter Andr\u00e1s.<br \/>\n    A m\u0171sorban elhangzott, hogy 2019-ben a NAV csaknem 5,6 milli\u00f3 szja-ad\u00f3bevall\u00e1si tervezetet k\u00e9sz\u00edtett el, ez f\u00e9lmilli\u00f3val t\u00f6bb mint tavaly; az egy\u00e9ni v\u00e1llalkoz\u00f3knak k\u00e9sz\u00fclt ad\u00f3bevall\u00e1si tervezetek pedig t\u00f6bb mint 350 ezer v\u00e1llalkoz\u00f3nak k\u00f6nny\u00edti meg a bevall\u00e1s elk\u00e9sz\u00edt\u00e9s\u00e9t.(MTI)<\/p>\n","protected":false},"excerpt":{"rendered":"<p>M\u00e1r nem k\u00e9rhet\u0151k post\u00e1n az ad\u00f3bevall\u00e1si tervezetek, \u00e9jf\u00e9lkor ugyanis lej\u00e1rt a hat\u00e1rid\u0151 &#8211; mondta Kiss P\u00e9ter Andr\u00e1s, a Nemzeti Ad\u00f3- \u00e9s V\u00e1mhivatal (NAV) ad\u00f3szakmai sz\u00f3viv\u0151je az M1 aktu\u00e1lis csatorn\u00e1n kedden.<\/p>\n","protected":false},"author":1,"featured_media":0,"comment_status":"closed","ping_status":"open","sticky":false,"template":"","format":"standard","meta":[],"categories":[20,4,19],"tags":[],"_links":{"self":[{"href":"https:\/\/gazdasagportal.hu\/index.php\/wp-json\/wp\/v2\/posts\/114501"}],"collection":[{"href":"https:\/\/gazdasagportal.hu\/index.php\/wp-json\/wp\/v2\/posts"}],"about":[{"href":"https:\/\/gazdasagportal.hu\/index.php\/wp-json\/wp\/v2\/types\/post"}],"author":[{"embeddable":true,"href":"https:\/\/gazdasagportal.hu\/index.php\/wp-json\/wp\/v2\/users\/1"}],"replies":[{"embeddable":true,"href":"https:\/\/gazdasagportal.hu\/index.php\/wp-json\/wp\/v2\/comments?post=114501"}],"version-history":[{"count":1,"href":"https:\/\/gazdasagportal.hu\/index.php\/wp-json\/wp\/v2\/posts\/114501\/revisions"}],"predecessor-version":[{"id":114502,"href":"https:\/\/gazdasagportal.hu\/index.php\/wp-json\/wp\/v2\/posts\/114501\/revisions\/114502"}],"wp:attachment":[{"href":"https:\/\/gazdasagportal.hu\/index.php\/wp-json\/wp\/v2\/media?parent=114501"}],"wp:term":[{"taxonomy":"category","embeddable":true,"href":"https:\/\/gazdasagportal.hu\/index.php\/wp-json\/wp\/v2\/categories?post=114501"},{"taxonomy":"post_tag","embeddable":true,"href":"https:\/\/gazdasagportal.hu\/index.php\/wp-json\/wp\/v2\/tags?post=114501"}],"curies":[{"name":"wp","href":"https:\/\/api.w.org\/{rel}","templated":true}]}}