{"id":114483,"date":"2019-03-18T17:58:28","date_gmt":"2019-03-18T16:58:28","guid":{"rendered":"http:\/\/gazdasagportal.hu\/?p=114483"},"modified":"2019-03-18T14:59:22","modified_gmt":"2019-03-18T13:59:22","slug":"nyugat-europaba-latogat-a-kinai-elnok","status":"publish","type":"post","link":"https:\/\/gazdasagportal.hu\/index.php\/nyugat-europaba-latogat-a-kinai-elnok\/","title":{"rendered":"Nyugat-Eur\u00f3p\u00e1ba l\u00e1togat a k\u00ednai eln\u00f6k"},"content":{"rendered":"<p><strong>Hszi Csin-ping k\u00ednai eln\u00f6k m\u00e1rcius 21. \u00e9s 26. k\u00f6z\u00f6tt Olaszorsz\u00e1gba, Monac\u00f3ba \u00e9s Franciaorsz\u00e1gba l\u00e1togat idei els\u0151 hivatalos k\u00fclf\u00f6ldi \u00fatj\u00e1n &#8211; jelentette be Keng Csuang k\u00fcl\u00fcgyi sz\u00f3viv\u0151 h\u00e9tf\u0151n.<\/strong><!--more--><\/p>\n<div class=\"ads-in-post1\"><div id=\"gazdasagportal.hu_fullbanner_wideboard\"><\/div>\r\n<\/div>\n<p>    Hszi Csin-ping Sergio Mattarella olasz eln\u00f6k megh\u00edv\u00e1s\u00e1nak eleget t\u00e9ve utazik Olaszorsz\u00e1gba, ahol t\u00edz \u00e9v ut\u00e1n j\u00e1r el\u0151sz\u00f6r k\u00ednai \u00e1llamf\u0151. Id\u00e9n 15 \u00e9ve \u00edrt al\u00e1 a k\u00e9t orsz\u00e1g strat\u00e9giai partners\u00e9gr\u0151l sz\u00f3l\u00f3 meg\u00e1llapod\u00e1st, de a l\u00e1togat\u00e1s id\u0151z\u00edt\u00e9s\u00e9nek h\u00e1tter\u00e9ben nagyobb jelent\u0151s\u00e9ge lehet annak, hogy Giuseppe Conte olasz minisztereln\u00f6k a m\u00falt h\u00e9ten bejelentette: az Egyes\u00fclt \u00c1llamok \u00e9s az Eur\u00f3pai Uni\u00f3 fenntart\u00e1sai ellen\u00e9re a r\u00f3mai korm\u00e1ny csatlakozik K\u00edna Egy \u00f6vezet, egy \u00fat nev\u0171, vil\u00e1gm\u00e9ret\u0171 gazdas\u00e1gi-infrastruktur\u00e1lis terv\u00e9hez.<br \/>\n    Olasz sajt\u00f3\u00e9rtes\u00fcl\u00e9sek szerint az olasz-k\u00ednai meg\u00e1llapod\u00e1s sz\u00f6vege m\u00e1r elk\u00e9sz\u00fclt, \u00e9s a k\u00ednai eln\u00f6k m\u00e1rcius 21. \u00e9s 23. k\u00f6z\u00f6tti olaszorsz\u00e1gi l\u00e1togat\u00e1sa alkalm\u00e1val \u00edrj\u00e1k al\u00e1. Pekingben ezt egyel\u0151re nem er\u0151s\u00edtett\u00e9k meg.<br \/>\n<div class=\"ads-in-post2\"><script async src=\"https:\/\/pagead2.googlesyndication.com\/pagead\/js\/adsbygoogle.js\"><\/script>\r\n<ins class=\"adsbygoogle\"\r\n     style=\"display:block\"\r\n     data-ad-format=\"fluid\"\r\n     data-ad-layout-key=\"-6t+ed+2i-1n-4w\"\r\n     data-ad-client=\"ca-pub-1959107119989764\"\r\n     data-ad-slot=\"4008251320\"><\/ins>\r\n<script>\r\n     (adsbygoogle = window.adsbygoogle || []).push({});\r\n<\/script><\/div>\n    Hszi Olaszorsz\u00e1gb\u00f3l Monac\u00f3ba utazik, ahol II. Albert monac\u00f3i herceg fogadja majd. Ez lesz a k\u00ednai vezet\u0151 els\u0151 l\u00e1togat\u00e1sa a mini\u00e1llamban. A Hszinhua k\u00ednai \u00e1llami h\u00edr\u00fcgyn\u00f6ks\u00e9g a l\u00e1togat\u00e1ssal \u00f6sszef\u00fcgg\u00e9sben hangs\u00falyozta: a monac\u00f3i herceg a Nemzetk\u00f6zi Olimpiai Bizotts\u00e1g magas rang\u00fa tagjak\u00e9nt akt\u00edvan t\u00e1mogatta a K\u00edn\u00e1ban megrendezett olimpiai esem\u00e9nyeket, melyeken II. Albert szem\u00e9lyesen r\u00e9szt vett. A mostani l\u00e1togat\u00e1s id\u0151z\u00edt\u00e9s\u00e9ben teh\u00e1t k\u00f6zrej\u00e1tszhatott, hogy Pekingben jelenleg is zajlanak az el\u0151k\u00e9sz\u00fcletek a 2022-es t\u00e9li olimpiai j\u00e1t\u00e9kok megszervez\u00e9s\u00e9re.<br \/>\n    A hivatalos l\u00e1togat\u00e1s utols\u00f3 \u00e1llom\u00e1sak\u00e9nt a k\u00ednai eln\u00f6k Franciaorsz\u00e1gba utazik, ahol Emmanuel Macron \u00e1llamf\u0151vel tal\u00e1lkozik. A k\u00ednai k\u00fcl\u00fcgyminiszt\u00e9rium k\u00f6zl\u00e9se szerint a k\u00e9t eln\u00f6k orsz\u00e1gaik k\u00e9toldal\u00fa, valamint az eur\u00f3pai uni\u00f3s kapcsolatokat \u00e9rint\u0151 k\u00e9rd\u00e9sekr\u0151l egyeztet majd. A k\u00ednai vezet\u00e9s hagyom\u00e1nyosan nagy jelent\u0151s\u00e9get tulajdon\u00edt a k\u00ednai-francia kapcsolatoknak, Franciaorsz\u00e1g volt ugyanis a legels\u0151 nyugati nagyhatalom, amely diplom\u00e1ciai kapcsolatot l\u00e9tes\u00edtett a K\u00ednai N\u00e9pk\u00f6zt\u00e1rsas\u00e1ggal, az idei \u00e9vre esik r\u00e1ad\u00e1sul e kapcsolatfelv\u00e9tel 55. \u00e9vfordul\u00f3ja.(MTI)<\/p>\n","protected":false},"excerpt":{"rendered":"<p>Hszi Csin-ping k\u00ednai eln\u00f6k m\u00e1rcius 21. \u00e9s 26. k\u00f6z\u00f6tt Olaszorsz\u00e1gba, Monac\u00f3ba \u00e9s Franciaorsz\u00e1gba l\u00e1togat idei els\u0151 hivatalos k\u00fclf\u00f6ldi \u00fatj\u00e1n &#8211; jelentette be Keng Csuang k\u00fcl\u00fcgyi sz\u00f3viv\u0151 h\u00e9tf\u0151n.<\/p>\n","protected":false},"author":1,"featured_media":0,"comment_status":"closed","ping_status":"open","sticky":false,"template":"","format":"standard","meta":[],"categories":[12,246],"tags":[],"_links":{"self":[{"href":"https:\/\/gazdasagportal.hu\/index.php\/wp-json\/wp\/v2\/posts\/114483"}],"collection":[{"href":"https:\/\/gazdasagportal.hu\/index.php\/wp-json\/wp\/v2\/posts"}],"about":[{"href":"https:\/\/gazdasagportal.hu\/index.php\/wp-json\/wp\/v2\/types\/post"}],"author":[{"embeddable":true,"href":"https:\/\/gazdasagportal.hu\/index.php\/wp-json\/wp\/v2\/users\/1"}],"replies":[{"embeddable":true,"href":"https:\/\/gazdasagportal.hu\/index.php\/wp-json\/wp\/v2\/comments?post=114483"}],"version-history":[{"count":1,"href":"https:\/\/gazdasagportal.hu\/index.php\/wp-json\/wp\/v2\/posts\/114483\/revisions"}],"predecessor-version":[{"id":114484,"href":"https:\/\/gazdasagportal.hu\/index.php\/wp-json\/wp\/v2\/posts\/114483\/revisions\/114484"}],"wp:attachment":[{"href":"https:\/\/gazdasagportal.hu\/index.php\/wp-json\/wp\/v2\/media?parent=114483"}],"wp:term":[{"taxonomy":"category","embeddable":true,"href":"https:\/\/gazdasagportal.hu\/index.php\/wp-json\/wp\/v2\/categories?post=114483"},{"taxonomy":"post_tag","embeddable":true,"href":"https:\/\/gazdasagportal.hu\/index.php\/wp-json\/wp\/v2\/tags?post=114483"}],"curies":[{"name":"wp","href":"https:\/\/api.w.org\/{rel}","templated":true}]}}