{"id":114481,"date":"2019-03-18T16:57:06","date_gmt":"2019-03-18T15:57:06","guid":{"rendered":"http:\/\/gazdasagportal.hu\/?p=114481"},"modified":"2019-03-18T14:57:49","modified_gmt":"2019-03-18T13:57:49","slug":"megkezdodott-a-fenntarthatosagi-temahet","status":"publish","type":"post","link":"https:\/\/gazdasagportal.hu\/index.php\/megkezdodott-a-fenntarthatosagi-temahet\/","title":{"rendered":"Megkezd\u0151d\u00f6tt a fenntarthat\u00f3s\u00e1gi t\u00e9mah\u00e9t"},"content":{"rendered":"<p><strong>Negyedszer hirdette meg a fenntarthat\u00f3s\u00e1gi t\u00e9mahetet az Emberi Er\u0151forr\u00e1sok Miniszt\u00e9riuma (Emmi) id\u00e9n; a t\u00e9mah\u00e9ten a miniszt\u00e9rium parlamenti \u00e1llamtitk\u00e1r\u00e1nak ismertet\u00e9se szerint k\u00e9tszer annyi int\u00e9zm\u00e9ny \u00e9s \u00f6tsz\u00f6r annyi di\u00e1k vesz r\u00e9szt, mint n\u00e9gy \u00e9vvel ezel\u0151tt.<\/strong><!--more--><\/p>\n<div class=\"ads-in-post1\"><div id=\"gazdasagportal.hu_fullbanner_wideboard\"><\/div>\r\n<\/div>\n<p>    A Parlamentben megtartott h\u00e9tf\u0151i nyit\u00f3rendezv\u00e9nyen R\u00e9tv\u00e1ri Bence, az Emmi parlamenti \u00e1llamtitk\u00e1ra elmondta: id\u00e9n mintegy 1500 int\u00e9zm\u00e9ny kapcsol\u00f3dik be, k\u00e9tszer annyi, mint n\u00e9gy \u00e9vvel ezel\u0151tt, \u00e9s 300 ezer di\u00e1k vesz r\u00e9szt a programokon, \u00f6tsz\u00f6r annyi, mint az els\u0151 t\u00e9mah\u00e9ten.<br \/>\n    Weingartner Bal\u00e1zs, az Innov\u00e1ci\u00f3s \u00e9s Technol\u00f3giai Miniszt\u00e9rium (ITM) fenntarthat\u00f3s\u00e1g\u00e9rt felel\u0151s \u00e1llamtitk\u00e1ra felh\u00edvta a figyelmet arra, hogy a t\u00e9mah\u00e9t ideje alatt megrendezett TeSzedd! szem\u00e9tgy\u0171jt\u00e9si akci\u00f3 sor\u00e1n a di\u00e1kok a gyakorlatban is tapasztalhatj\u00e1k, milyen k\u00f6rnyezetk\u00e1ros\u00edt\u00f3 hat\u00e1sa van az eldob\u00e1lt hullad\u00e9koknak.<br \/>\n<div class=\"ads-in-post2\"><script async src=\"https:\/\/pagead2.googlesyndication.com\/pagead\/js\/adsbygoogle.js\"><\/script>\r\n<ins class=\"adsbygoogle\"\r\n     style=\"display:block\"\r\n     data-ad-format=\"fluid\"\r\n     data-ad-layout-key=\"-6t+ed+2i-1n-4w\"\r\n     data-ad-client=\"ca-pub-1959107119989764\"\r\n     data-ad-slot=\"4008251320\"><\/ins>\r\n<script>\r\n     (adsbygoogle = window.adsbygoogle || []).push({});\r\n<\/script><\/div>\n    A t\u00e9mah\u00e9t f\u0151v\u00e9dn\u00f6ke a k\u00f6zt\u00e1rsas\u00e1gi eln\u00f6k.<br \/>\n    A m\u00e1rcius 18-22. k\u00f6z\u00f6tt megrendezett programsorozat kiemelt t\u00e9m\u00e1ja a k\u00f6zleked\u00e9s, a v\u00edz \u00e9s a fenntarthat\u00f3s\u00e1gi t\u00f6rekv\u00e9sek, c\u00e9lja pedig a fenntarthat\u00f3s\u00e1g \u00fczenet\u00e9nek sz\u00e9les k\u00f6r\u0171 terjeszt\u00e9se iskolai keretek k\u00f6z\u00f6tt.<br \/>\n    R\u00e9tv\u00e1ri Bence hangs\u00falyozta: az oktat\u00e1s 21. sz\u00e1zadi m\u00f3dja, hogy a lexik\u00e1lis tud\u00e1son t\u00fal az ismereteket k\u00e9szs\u00e9gszinten is elsaj\u00e1t\u00edtj\u00e1k a tanul\u00f3k az iskol\u00e1ban. P\u00e9ldak\u00e9nt eml\u00edtette a fenntarthat\u00f3s\u00e1gi t\u00e9mah\u00e9t mellett a digit\u00e1lis t\u00e9mahetet, valamint a P\u00e9nz7 p\u00e9nz\u00fcgyi \u00e9s v\u00e1llalkoz\u00f3i t\u00e9mahetet.<br \/>\n    Az \u00e1llamtitk\u00e1r fontosnak nevezte, hogy olyan korm\u00e1nyzati akci\u00f3k, iskolai \u00e9s iskol\u00e1n k\u00edv\u00fcli, nem megszokott tanul\u00e1si lehet\u0151s\u00e9gek ny\u00edltak meg, amelyek hozz\u00e1j\u00e1rulnak a fiatalok szeml\u00e9letform\u00e1l\u00e1s\u00e1hoz \u00e9s felel\u0151s gondolkod\u00e1s\u00e1hoz.<br \/>\n    R\u00e9tv\u00e1ri Bence megk\u00f6sz\u00f6nte a programokba bekapcsol\u00f3d\u00f3 pedag\u00f3gusoknak, hogy a tan\u00f3rai keretekb\u0151l kil\u00e9pve innovat\u00edv hozz\u00e1\u00e1ll\u00e1ssal seg\u00edtik a di\u00e1kok ismeretszerz\u00e9s\u00e9t.<br \/>\n    Kiemelte azt is, hogy az innov\u00e1ci\u00f3 az elm\u00falt id\u0151szakban m\u00e1s ter\u00fcleteken is teret kapott a k\u00f6znevel\u00e9sben. A t\u00e1rca t\u00f6rekedett minden olyan innovat\u00edv eszk\u00f6z biztos\u00edt\u00e1s\u00e1ra, amely a magyar fiataloknak versenyk\u00e9pes tud\u00e1st ad &#8211; hangs\u00falyozta az EMMI \u00e1llamtitk\u00e1ra.<br \/>\n    Weingartner Bal\u00e1zs, az ITM fenntarthat\u00f3s\u00e1g\u00e9rt felel\u0151s \u00e1llamtitk\u00e1ra szint\u00e9n kiemelte a gyakorlati tapasztalatok megszerz\u00e9s\u00e9nek lehet\u0151s\u00e9g\u00e9t.<br \/>\n    Fontosnak nevezte min\u00e9l t\u00f6bb olyan kamp\u00e1ny ind\u00edt\u00e1s\u00e1t, amely er\u0151s\u00edti a szeml\u00e9letv\u00e1lt\u00e1st, \u00e9s biztos\u00edtja annak lehet\u0151s\u00e9g\u00e9t, hogy a fiatalok tenni is tudjanak a fenntarthat\u00f3s\u00e1gi t\u00e9mah\u00e9t c\u00e9ljainak megval\u00f3s\u00edt\u00e1s\u00e1\u00e9rt.(MTI)<\/p>\n","protected":false},"excerpt":{"rendered":"<p>Negyedszer hirdette meg a fenntarthat\u00f3s\u00e1gi t\u00e9mahetet az Emberi Er\u0151forr\u00e1sok Miniszt\u00e9riuma (Emmi) id\u00e9n; a t\u00e9mah\u00e9ten a miniszt\u00e9rium parlamenti \u00e1llamtitk\u00e1r\u00e1nak ismertet\u00e9se szerint k\u00e9tszer annyi int\u00e9zm\u00e9ny \u00e9s \u00f6tsz\u00f6r annyi di\u00e1k vesz r\u00e9szt, mint n\u00e9gy \u00e9vvel ezel\u0151tt.<\/p>\n","protected":false},"author":1,"featured_media":0,"comment_status":"closed","ping_status":"open","sticky":false,"template":"","format":"standard","meta":[],"categories":[4,19],"tags":[],"_links":{"self":[{"href":"https:\/\/gazdasagportal.hu\/index.php\/wp-json\/wp\/v2\/posts\/114481"}],"collection":[{"href":"https:\/\/gazdasagportal.hu\/index.php\/wp-json\/wp\/v2\/posts"}],"about":[{"href":"https:\/\/gazdasagportal.hu\/index.php\/wp-json\/wp\/v2\/types\/post"}],"author":[{"embeddable":true,"href":"https:\/\/gazdasagportal.hu\/index.php\/wp-json\/wp\/v2\/users\/1"}],"replies":[{"embeddable":true,"href":"https:\/\/gazdasagportal.hu\/index.php\/wp-json\/wp\/v2\/comments?post=114481"}],"version-history":[{"count":1,"href":"https:\/\/gazdasagportal.hu\/index.php\/wp-json\/wp\/v2\/posts\/114481\/revisions"}],"predecessor-version":[{"id":114482,"href":"https:\/\/gazdasagportal.hu\/index.php\/wp-json\/wp\/v2\/posts\/114481\/revisions\/114482"}],"wp:attachment":[{"href":"https:\/\/gazdasagportal.hu\/index.php\/wp-json\/wp\/v2\/media?parent=114481"}],"wp:term":[{"taxonomy":"category","embeddable":true,"href":"https:\/\/gazdasagportal.hu\/index.php\/wp-json\/wp\/v2\/categories?post=114481"},{"taxonomy":"post_tag","embeddable":true,"href":"https:\/\/gazdasagportal.hu\/index.php\/wp-json\/wp\/v2\/tags?post=114481"}],"curies":[{"name":"wp","href":"https:\/\/api.w.org\/{rel}","templated":true}]}}