{"id":114479,"date":"2019-03-18T15:55:43","date_gmt":"2019-03-18T14:55:43","guid":{"rendered":"http:\/\/gazdasagportal.hu\/?p=114479"},"modified":"2019-03-18T14:56:40","modified_gmt":"2019-03-18T13:56:40","slug":"brexit-brit-kulugyminiszter-meg-sok-munkaba-telik-a-kepviselok-meggyozese","status":"publish","type":"post","link":"https:\/\/gazdasagportal.hu\/index.php\/brexit-brit-kulugyminiszter-meg-sok-munkaba-telik-a-kepviselok-meggyozese\/","title":{"rendered":"Brexit &#8211; Brit k\u00fcl\u00fcgyminiszter: m\u00e9g sok munk\u00e1ba telik a k\u00e9pvisel\u0151k meggy\u0151z\u00e9se"},"content":{"rendered":"<p><strong>A brit k\u00fcl\u00fcgyminiszter szerint m\u00e9g sokat kell dolgozni azon, hogy meglegyen a t\u00f6bbs\u00e9g a londoni als\u00f3h\u00e1zban a brit EU-tags\u00e1g megsz\u0171n\u00e9s\u00e9nek (Brexit) felt\u00e9telrendszer\u00e9r\u0151l sz\u00f3l\u00f3, eddig k\u00e9tszer is nagy t\u00f6bbs\u00e9ggel elvetett meg\u00e1llapod\u00e1s elfogad\u00e1s\u00e1hoz.<\/strong><!--more--><\/p>\n<div class=\"ads-in-post1\"><div id=\"gazdasagportal.hu_fullbanner_wideboard\"><\/div>\r\n<\/div>\n<p>    Jeremy Hunt, aki az uni\u00f3s k\u00fcl\u00fcgyminiszterek br\u00fcsszeli tal\u00e1lkoz\u00f3j\u00e1ra \u00e9rkezve nyilatkozott h\u00e9tf\u0151n a BBC telev\u00edzi\u00f3nak, kijelentette, hogy &#8222;\u00f3vatos bizakod\u00e1sra okot ad\u00f3&#8221; jeleket tapasztal, mivel a meg\u00e1llapod\u00e1st er\u0151teljesen b\u00edr\u00e1l\u00f3 k\u00e9pvisel\u0151k k\u00f6z\u00fcl is t\u00f6bben most m\u00e1r k\u00e9sznek mutatkoznak az egyezm\u00e9ny t\u00e1mogat\u00e1s\u00e1ra.<br \/>\n    Hozz\u00e1tette azonban, hogy &#8222;sok m\u00e9g a munka&#8221; a t\u00f6bbs\u00e9g megteremt\u00e9se v\u00e9gett.<br \/>\n    Hunt meger\u0151s\u00edtette, hogy a korm\u00e1ny csak akkor terjeszti harmadszor is az als\u00f3h\u00e1z el\u00e9 szavaz\u00e1sra a novemberben el\u00e9rt Brexit-meg\u00e1llapod\u00e1st, ha b\u00edzik abban, hogy &#8222;megvannak a sz\u00e1mok&#8221; az egyezm\u00e9ny elfogad\u00e1s\u00e1hoz.<br \/>\n<div class=\"ads-in-post2\"><script async src=\"https:\/\/pagead2.googlesyndication.com\/pagead\/js\/adsbygoogle.js\"><\/script>\r\n<ins class=\"adsbygoogle\"\r\n     style=\"display:block\"\r\n     data-ad-format=\"fluid\"\r\n     data-ad-layout-key=\"-6t+ed+2i-1n-4w\"\r\n     data-ad-client=\"ca-pub-1959107119989764\"\r\n     data-ad-slot=\"4008251320\"><\/ins>\r\n<script>\r\n     (adsbygoogle = window.adsbygoogle || []).push({});\r\n<\/script><\/div>\n    Jeremy Hunt egy napon bel\u00fcl a harmadik kabinettag, aki szerint nem teljesen bizonyos, hogy az als\u00f3h\u00e1z a h\u00e9t m\u00e1sodik fel\u00e9ben esed\u00e9kes EU-cs\u00facs el\u0151tt szavaz a Brexit-meg\u00e1llapod\u00e1sr\u00f3l.<br \/>\n    Liam Fox k\u00fclkereskedelmi miniszter a Sky News h\u00edrtelev\u00edzi\u00f3nak vas\u00e1rnap azt mondta, hogy a korm\u00e1ny csak akkor terjeszti be \u00fajb\u00f3l szavaz\u00e1sra a Brexit-meg\u00e1llapod\u00e1st, ha a k\u00f6vetkez\u0151 48 \u00f3r\u00e1ban olyan jelz\u00e9seket kap, hogy ez\u00fattal &#8222;\u00e1t tudja vinni&#8221; az egyezm\u00e9nyt az als\u00f3h\u00e1zon.<br \/>\n    Philip Hammond p\u00e9nz\u00fcgyminiszter a BBC telev\u00edzi\u00f3 vas\u00e1rnapi politikai interj\u00fam\u0171sor\u00e1ban nemmel v\u00e1laszolt arra a riporteri k\u00e9rd\u00e9sre, hogy a minisztereln\u00f6k \u00e1ltal e h\u00e9tre kil\u00e1t\u00e1sba helyezett harmadik szavaz\u00e1st bizonyosan megtartj\u00e1k-e.<br \/>\n    Hammond is azt mondta, hogy a korm\u00e1ny csak abban az esetben terjeszti be \u00fajb\u00f3l szavaz\u00e1sra a Brexit-meg\u00e1llapod\u00e1st, ha b\u00edzik abban, hogy ez\u00fattal elegend\u0151 sz\u00e1m\u00fa k\u00e9pvisel\u0151 hajland\u00f3 t\u00e1mogatni az egyezm\u00e9nyt. Hozz\u00e1tette azonban, hogy &#8222;m\u00e9g nem tartunk itt&#8221;.<br \/>\n    Hammond a vas\u00e1rnapi BBC-interj\u00faban kijelentette azt is, hogy &#8222;most m\u00e1r fizikailag lehetetlen&#8221; Nagy-Britannia kil\u00e9p\u00e9se az EU-b\u00f3l a t\u00f6rv\u00e9nyben r\u00f6gz\u00edtett m\u00e1rcius 29-i id\u0151pontban, akkor is, ha a h\u00e9ten lesz szavaz\u00e1s a Brexit-meg\u00e1llapod\u00e1sr\u00f3l, \u00e9s a k\u00e9pvisel\u0151k elfogadj\u00e1k az egyezm\u00e9nyt, mivel a kil\u00e9p\u00e9s el\u0151tt t\u00f6bb jogszab\u00e1lyt m\u00e9g el kell fogadtatni a parlamentben.<br \/>\n    Theresa May minisztereln\u00f6k a m\u00falt h\u00e9ten bejelentette, hogy a Brexit halaszt\u00e1s\u00e1t kezdem\u00e9nyezi az EU-n\u00e1l, \u00e9s ezt az als\u00f3h\u00e1z nagy t\u00f6bbs\u00e9ggel t\u00e1mogatta is, b\u00e1r ehhez az uni\u00f3ban marad\u00f3 27 tagorsz\u00e1g egyhang\u00fa beleegyez\u00e9se is sz\u00fcks\u00e9ges, \u00e9s a m\u00e1rcius 29-i kil\u00e9p\u00e9st r\u00f6gz\u00edt\u0151 brit t\u00f6rv\u00e9nyt is m\u00f3dos\u00edtani kell.<br \/>\n    A k\u00e9pvisel\u0151k janu\u00e1rban 230, a m\u00falt kedden tartott m\u00e1sodik voksol\u00e1son 149 f\u0151s t\u00f6bbs\u00e9ggel vetett\u00e9k az EU-val novemberben el\u00e9rt Brexit-meg\u00e1llapod\u00e1st.<br \/>\n    A korm\u00e1nyz\u00f3 brit Konzervat\u00edv P\u00e1rt als\u00f3h\u00e1zi frakci\u00f3j\u00e1nak kem\u00e9nyvonalas Brexit-t\u00e1bora \u00e9s a kisebbs\u00e9gi tory korm\u00e1ny k\u00fcls\u0151 t\u00e1mogat\u00f3ja, a szint\u00e9n er\u0151sen EU-szkeptikus \u00e9szak-\u00edrorsz\u00e1gi Demokratikus Unionista P\u00e1rt (DUP) elfogadhatatlannak tartja az \u00edr-\u00e9szak\u00edr hat\u00e1rellen\u0151rz\u00e9s \u00fajb\u00f3li bevezet\u00e9s\u00e9nek elker\u00fcl\u00e9s\u00e9t c\u00e9lz\u00f3 mechanizmust (backstop). A backstop-z\u00e1rad\u00e9k alapj\u00e1n ugyanis az Egyes\u00fclt Kir\u00e1lys\u00e1g v\u00e1muni\u00f3s viszonyrendszerben maradna az EU-val, \u00c9szak-\u00cdrorsz\u00e1gban pedig az uni\u00f3 egys\u00e9ges bels\u0151 piac\u00e1nak egyes szab\u00e1lyoz\u00f3i is \u00e9rv\u00e9nyben maradn\u00e1nak, ha Londonnak nem siker\u00fclne olyan k\u00e9toldal\u00fa kereskedelmi meg\u00e1llapod\u00e1sra jutnia az EU-val, amely \u00f6nmag\u00e1ban feleslegess\u00e9 tenn\u00e9 e mechanizmus alkalmaz\u00e1s\u00e1t.<br \/>\n    A kem\u00e9nyvonalas tory Brexit-frakci\u00f3csoport 22 tagja olvas\u00f3i levelet jelentetett meg a The Daily Telegraph c\u00edm\u0171 konzervat\u00edv napilap h\u00e9tf\u0151i kiad\u00e1s\u00e1ban, szorgalmazva, hogy Nagy-Britannia az eredetileg tervezett j\u00f6v\u0151 p\u00e9nteki id\u0151pontban, meg\u00e1llapod\u00e1s n\u00e9lk\u00fcl l\u00e9pjen ki az EU-b\u00f3l. Az al\u00e1\u00edr\u00f3k szerint ugyanis val\u00f3j\u00e1ban ez lehetne az el\u0151zm\u00e9nye &#8222;egy igaz\u00e1n nagyon j\u00f3&#8221; meg\u00e1llapod\u00e1s el\u00e9r\u00e9s\u00e9nek az EU-val.<br \/>\n    A londoni als\u00f3h\u00e1z a m\u00falt h\u00e9ten elvetette a meg\u00e1llapod\u00e1s n\u00e9lk\u00fcli Brexit lehet\u0151s\u00e9g\u00e9t, de ez a parlamenti d\u00f6nt\u00e9s nem b\u00edr jogi k\u00f6telez\u0151 er\u0151vel.(MTI)<\/p>\n","protected":false},"excerpt":{"rendered":"<p>A brit k\u00fcl\u00fcgyminiszter szerint m\u00e9g sokat kell dolgozni azon, hogy meglegyen a t\u00f6bbs\u00e9g a londoni als\u00f3h\u00e1zban a brit EU-tags\u00e1g megsz\u0171n\u00e9s\u00e9nek (Brexit) felt\u00e9telrendszer\u00e9r\u0151l sz\u00f3l\u00f3, eddig k\u00e9tszer is nagy t\u00f6bbs\u00e9ggel elvetett meg\u00e1llapod\u00e1s elfogad\u00e1s\u00e1hoz.<\/p>\n","protected":false},"author":1,"featured_media":0,"comment_status":"closed","ping_status":"open","sticky":false,"template":"","format":"standard","meta":[],"categories":[12],"tags":[],"_links":{"self":[{"href":"https:\/\/gazdasagportal.hu\/index.php\/wp-json\/wp\/v2\/posts\/114479"}],"collection":[{"href":"https:\/\/gazdasagportal.hu\/index.php\/wp-json\/wp\/v2\/posts"}],"about":[{"href":"https:\/\/gazdasagportal.hu\/index.php\/wp-json\/wp\/v2\/types\/post"}],"author":[{"embeddable":true,"href":"https:\/\/gazdasagportal.hu\/index.php\/wp-json\/wp\/v2\/users\/1"}],"replies":[{"embeddable":true,"href":"https:\/\/gazdasagportal.hu\/index.php\/wp-json\/wp\/v2\/comments?post=114479"}],"version-history":[{"count":1,"href":"https:\/\/gazdasagportal.hu\/index.php\/wp-json\/wp\/v2\/posts\/114479\/revisions"}],"predecessor-version":[{"id":114480,"href":"https:\/\/gazdasagportal.hu\/index.php\/wp-json\/wp\/v2\/posts\/114479\/revisions\/114480"}],"wp:attachment":[{"href":"https:\/\/gazdasagportal.hu\/index.php\/wp-json\/wp\/v2\/media?parent=114479"}],"wp:term":[{"taxonomy":"category","embeddable":true,"href":"https:\/\/gazdasagportal.hu\/index.php\/wp-json\/wp\/v2\/categories?post=114479"},{"taxonomy":"post_tag","embeddable":true,"href":"https:\/\/gazdasagportal.hu\/index.php\/wp-json\/wp\/v2\/tags?post=114479"}],"curies":[{"name":"wp","href":"https:\/\/api.w.org\/{rel}","templated":true}]}}