{"id":114477,"date":"2019-03-18T15:23:50","date_gmt":"2019-03-18T14:23:50","guid":{"rendered":"http:\/\/gazdasagportal.hu\/?p=114477"},"modified":"2019-03-18T14:55:18","modified_gmt":"2019-03-18T13:55:18","slug":"julius-vegeig-jelentkezhetnek-a-25-ev-alattiak-az-ifjusagi-garancia-fovarosi-projektjere","status":"publish","type":"post","link":"https:\/\/gazdasagportal.hu\/index.php\/julius-vegeig-jelentkezhetnek-a-25-ev-alattiak-az-ifjusagi-garancia-fovarosi-projektjere\/","title":{"rendered":"J\u00falius v\u00e9g\u00e9ig jelentkezhetnek a 25 \u00e9v alattiak az Ifj\u00fas\u00e1gi Garancia f\u0151v\u00e1rosi projektj\u00e9re"},"content":{"rendered":"<p><strong>A 25 \u00e9v alatti fiatalok j\u00falius 31-ig jelentkezhetnek a fiatalok munkan\u00e9lk\u00fclis\u00e9g\u00e9nek cs\u00f6kkent\u00e9s\u00e9re szolg\u00e1l\u00f3 Ifj\u00fas\u00e1gi Garancia a K\u00f6z\u00e9p-magyarorsz\u00e1gi r\u00e9gi\u00f3ban elnevez\u00e9s\u0171 f\u0151v\u00e1rosi r\u00e9szprojektbe &#8211; k\u00f6z\u00f6lte a program megval\u00f3s\u00edt\u00e1s\u00e1\u00e9rt felel\u0151s Budapest F\u0151v\u00e1ros Korm\u00e1nyhivatala az MTI-vel.<\/strong><!--more--><\/p>\n<div class=\"ads-in-post1\"><div id=\"gazdasagportal.hu_fullbanner_wideboard\"><\/div>\r\n<\/div>\n<p>    A k\u00f6zlem\u00e9ny szerint a korm\u00e1nyhivatal a projektben b\u00e9rk\u00f6lts\u00e9g t\u00e1mogat\u00e1st, valamint v\u00e1llalkoz\u00f3v\u00e1 v\u00e1l\u00e1st seg\u00edt\u0151 t\u00e1mogat\u00e1st tud ny\u00fajtani az olyan 15 \u00e9s 25 \u00e9v k\u00f6z\u00f6tti fiatalok sz\u00e1m\u00e1ra, akik nem dolgoznak, nem tanulnak nappali tagozaton, \u00e9s \u00e9letvitelszer\u0171en Budapesten tart\u00f3zkodnak. Ugyanakkor hozz\u00e1tett\u00e9k, hogy azok a munkaad\u00f3k is t\u00e1mogat\u00e1st kapnak, akik a programra jelentkezett fiatalokat szeretn\u00e9k foglalkoztatni.<br \/>\n<div class=\"ads-in-post2\"><script async src=\"https:\/\/pagead2.googlesyndication.com\/pagead\/js\/adsbygoogle.js\"><\/script>\r\n<ins class=\"adsbygoogle\"\r\n     style=\"display:block\"\r\n     data-ad-format=\"fluid\"\r\n     data-ad-layout-key=\"-6t+ed+2i-1n-4w\"\r\n     data-ad-client=\"ca-pub-1959107119989764\"\r\n     data-ad-slot=\"4008251320\"><\/ins>\r\n<script>\r\n     (adsbygoogle = window.adsbygoogle || []).push({});\r\n<\/script><\/div>\n    A projekt 2015-ben az Eur\u00f3pai Uni\u00f3 t\u00e1mogat\u00e1s\u00e1val indult el, amely a Versenyk\u00e9pes K\u00f6z\u00e9p-Magyarorsz\u00e1g Operat\u00edv Program (VEKOP) r\u00e9sze. A Budapesten \u00e9l\u0151 fiatalok t\u00e1mogat\u00e1s\u00e1ra a projektben 1,53 milli\u00e1rd forint \u00e1ll rendelkez\u00e9sre, ebb\u0151l id\u00e9n 127,4 milli\u00f3 forint t\u00e1mogat\u00e1s vehet\u0151 ig\u00e9nybe. A f\u0151v\u00e1rosi projektben az indul\u00e1sa \u00f3ta 2043 fiatal vett r\u00e9szt, k\u00f6z\u00fcl\u00fck 1466 m\u00e1r a munkaer\u0151piacon el is tudott helyezkedni. Id\u00e9n erre a programra eddig 40-en jelentkeztek.<br \/>\n    A tapasztalok azt mutatj\u00e1k, hogy az ide jelentkez\u0151 fiatalok 22 sz\u00e1zal\u00e9ka alapfok\u00fa, 67 sz\u00e1zal\u00e9ka k\u00f6z\u00e9pfok\u00fa, 8 sz\u00e1zal\u00e9kuk pedig fels\u0151fok\u00fa iskolai v\u00e9gzetts\u00e9ggel rendelkezik, 3 sz\u00e1zal\u00e9k k\u00f6r\u00fcl mozog azok sz\u00e1ma, akik m\u00e9g az \u00e1ltal\u00e1nos iskol\u00e1t sem fejezt\u00e9k be.(MTI)<\/p>\n","protected":false},"excerpt":{"rendered":"<p>A 25 \u00e9v alatti fiatalok j\u00falius 31-ig jelentkezhetnek a fiatalok munkan\u00e9lk\u00fclis\u00e9g\u00e9nek cs\u00f6kkent\u00e9s\u00e9re szolg\u00e1l\u00f3 Ifj\u00fas\u00e1gi Garancia a K\u00f6z\u00e9p-magyarorsz\u00e1gi r\u00e9gi\u00f3ban elnevez\u00e9s\u0171 f\u0151v\u00e1rosi r\u00e9szprojektbe &#8211; k\u00f6z\u00f6lte a program megval\u00f3s\u00edt\u00e1s\u00e1\u00e9rt felel\u0151s Budapest F\u0151v\u00e1ros Korm\u00e1nyhivatala az MTI-vel.<\/p>\n","protected":false},"author":1,"featured_media":0,"comment_status":"closed","ping_status":"open","sticky":false,"template":"","format":"standard","meta":[],"categories":[4,19],"tags":[],"_links":{"self":[{"href":"https:\/\/gazdasagportal.hu\/index.php\/wp-json\/wp\/v2\/posts\/114477"}],"collection":[{"href":"https:\/\/gazdasagportal.hu\/index.php\/wp-json\/wp\/v2\/posts"}],"about":[{"href":"https:\/\/gazdasagportal.hu\/index.php\/wp-json\/wp\/v2\/types\/post"}],"author":[{"embeddable":true,"href":"https:\/\/gazdasagportal.hu\/index.php\/wp-json\/wp\/v2\/users\/1"}],"replies":[{"embeddable":true,"href":"https:\/\/gazdasagportal.hu\/index.php\/wp-json\/wp\/v2\/comments?post=114477"}],"version-history":[{"count":1,"href":"https:\/\/gazdasagportal.hu\/index.php\/wp-json\/wp\/v2\/posts\/114477\/revisions"}],"predecessor-version":[{"id":114478,"href":"https:\/\/gazdasagportal.hu\/index.php\/wp-json\/wp\/v2\/posts\/114477\/revisions\/114478"}],"wp:attachment":[{"href":"https:\/\/gazdasagportal.hu\/index.php\/wp-json\/wp\/v2\/media?parent=114477"}],"wp:term":[{"taxonomy":"category","embeddable":true,"href":"https:\/\/gazdasagportal.hu\/index.php\/wp-json\/wp\/v2\/categories?post=114477"},{"taxonomy":"post_tag","embeddable":true,"href":"https:\/\/gazdasagportal.hu\/index.php\/wp-json\/wp\/v2\/tags?post=114477"}],"curies":[{"name":"wp","href":"https:\/\/api.w.org\/{rel}","templated":true}]}}