{"id":114475,"date":"2019-03-18T14:50:14","date_gmt":"2019-03-18T13:50:14","guid":{"rendered":"http:\/\/gazdasagportal.hu\/?p=114475"},"modified":"2019-03-18T14:50:14","modified_gmt":"2019-03-18T13:50:14","slug":"nott-a-betoltetlen-munkahelyek-szama-az-eu-ban","status":"publish","type":"post","link":"https:\/\/gazdasagportal.hu\/index.php\/nott-a-betoltetlen-munkahelyek-szama-az-eu-ban\/","title":{"rendered":"N\u0151tt a bet\u00f6ltetlen munkahelyek sz\u00e1ma az EU-ban"},"content":{"rendered":"<p><strong>Mind az Eur\u00f3pai Uni\u00f3 eg\u00e9sz\u00e9ben, mind az eur\u00f3\u00f6vezetben n\u0151tt a bet\u00f6ltetlen munkahelyek ar\u00e1nya a m\u00falt \u00e9v negyedik negyed\u00e9ben &#8211; mutatj\u00e1k az Eurostat adatai.<\/strong><!--more--><\/p>\n<div class=\"ads-in-post1\"><div id=\"gazdasagportal.hu_fullbanner_wideboard\"><\/div>\r\n<\/div>\n<p>    Az uni\u00f3 statisztikai hivatal\u00e1nak h\u00e9tf\u0151n k\u00f6zz\u00e9tett jelent\u00e9se szerint az eur\u00f3\u00f6vezetben a negyedik negyed\u00e9vben 2,3 sz\u00e1zal\u00e9k volt a bet\u00f6ltetlen \u00e1ll\u00e1sok ar\u00e1nya, szemben az el\u0151z\u0151 negyed\u00e9vi 2,1 sz\u00e1zal\u00e9kkal \u00e9s a 2017. negyedik negyed\u00e9vi 2,0 sz\u00e1zal\u00e9kkal. Az EU 28 tag\u00e1llam\u00e1ban a bet\u00f6ltetlen \u00e1ll\u00e1sok ar\u00e1nya 2,3 sz\u00e1zal\u00e9k volt az el\u0151z\u0151 negyed\u00e9vi 2,2 sz\u00e1zal\u00e9kkal \u00e9s az egy \u00e9vvel kor\u00e1bbi 2,0 sz\u00e1zal\u00e9kkal szemben.<br \/>\n    Az eur\u00f3\u00f6vezetben az iparban \u00e9s az \u00e9p\u00edt\u0151iparban a munkahelyek 2,0 sz\u00e1zal\u00e9ka a szolg\u00e1ltat\u00f3 szektorban pedig 2,6 sz\u00e1zal\u00e9ka volt bet\u00f6ltetlen. Az EU eg\u00e9sz\u00e9ben ugyanez az ar\u00e1ny 2,1 sz\u00e1zal\u00e9k, illetve 2,6 sz\u00e1zal\u00e9k volt.<br \/>\n<div class=\"ads-in-post2\"><script async src=\"https:\/\/pagead2.googlesyndication.com\/pagead\/js\/adsbygoogle.js\"><\/script>\r\n<ins class=\"adsbygoogle\"\r\n     style=\"display:block\"\r\n     data-ad-format=\"fluid\"\r\n     data-ad-layout-key=\"-6t+ed+2i-1n-4w\"\r\n     data-ad-client=\"ca-pub-1959107119989764\"\r\n     data-ad-slot=\"4008251320\"><\/ins>\r\n<script>\r\n     (adsbygoogle = window.adsbygoogle || []).push({});\r\n<\/script><\/div>\n    A bet\u00f6ltetlen munkahelyek ar\u00e1nya 2018 utols\u00f3 negyed\u00e9ben az uni\u00f3 20 tag\u00e1llam\u00e1ban n\u0151tt, n\u00e9gyben nem v\u00e1ltozott, n\u00e9gyben pedig cs\u00f6kkent.<br \/>\n    A bet\u00f6ltetlen \u00e1ll\u00e1sok ar\u00e1nya 2018 utols\u00f3 negyed\u00e9ben Csehorsz\u00e1gban volt a legmagasabb (6,0 sz\u00e1zal\u00e9k), majd Belgium \u00e9s N\u00e9metorsz\u00e1g k\u00f6vetkezett (3,4 sz\u00e1zal\u00e9k).<br \/>\n    Az Eurostat adatai szerint Magyarorsz\u00e1gon a gazdas\u00e1g eg\u00e9sz\u00e9ben a m\u00falt \u00e9v utols\u00f3 h\u00e1rom h\u00f3napj\u00e1ban 2,7 sz\u00e1zal\u00e9k volt a bet\u00f6ltetlen munkahelyek ar\u00e1nya az el\u0151z\u0151 negyed\u00e9vi 2,8 sz\u00e1zal\u00e9kkal, illetve az egy \u00e9vvel kor\u00e1bbi 2,4 sz\u00e1zal\u00e9kkal szemben.<br \/>\n    Az iparban \u00e9s az \u00e9p\u00edt\u0151iparban ez az ar\u00e1ny 2,9 sz\u00e1zal\u00e9kr\u00f3l 3,0 sz\u00e1zal\u00e9kra, a szolg\u00e1ltat\u00e1sokban 2,4 sz\u00e1zal\u00e9kr\u00f3l 2,6 sz\u00e1zal\u00e9kra emelkedett 2017. utols\u00f3 negyed\u00e9hez k\u00e9pest.(MTI)<\/p>\n","protected":false},"excerpt":{"rendered":"<p>Mind az Eur\u00f3pai Uni\u00f3 eg\u00e9sz\u00e9ben, mind az eur\u00f3\u00f6vezetben n\u0151tt a bet\u00f6ltetlen munkahelyek ar\u00e1nya a m\u00falt \u00e9v negyedik negyed\u00e9ben &#8211; mutatj\u00e1k az Eurostat adatai.<\/p>\n","protected":false},"author":1,"featured_media":0,"comment_status":"closed","ping_status":"open","sticky":false,"template":"","format":"standard","meta":[],"categories":[12,246],"tags":[],"_links":{"self":[{"href":"https:\/\/gazdasagportal.hu\/index.php\/wp-json\/wp\/v2\/posts\/114475"}],"collection":[{"href":"https:\/\/gazdasagportal.hu\/index.php\/wp-json\/wp\/v2\/posts"}],"about":[{"href":"https:\/\/gazdasagportal.hu\/index.php\/wp-json\/wp\/v2\/types\/post"}],"author":[{"embeddable":true,"href":"https:\/\/gazdasagportal.hu\/index.php\/wp-json\/wp\/v2\/users\/1"}],"replies":[{"embeddable":true,"href":"https:\/\/gazdasagportal.hu\/index.php\/wp-json\/wp\/v2\/comments?post=114475"}],"version-history":[{"count":1,"href":"https:\/\/gazdasagportal.hu\/index.php\/wp-json\/wp\/v2\/posts\/114475\/revisions"}],"predecessor-version":[{"id":114476,"href":"https:\/\/gazdasagportal.hu\/index.php\/wp-json\/wp\/v2\/posts\/114475\/revisions\/114476"}],"wp:attachment":[{"href":"https:\/\/gazdasagportal.hu\/index.php\/wp-json\/wp\/v2\/media?parent=114475"}],"wp:term":[{"taxonomy":"category","embeddable":true,"href":"https:\/\/gazdasagportal.hu\/index.php\/wp-json\/wp\/v2\/categories?post=114475"},{"taxonomy":"post_tag","embeddable":true,"href":"https:\/\/gazdasagportal.hu\/index.php\/wp-json\/wp\/v2\/tags?post=114475"}],"curies":[{"name":"wp","href":"https:\/\/api.w.org\/{rel}","templated":true}]}}