{"id":114473,"date":"2019-03-18T13:20:09","date_gmt":"2019-03-18T12:20:09","guid":{"rendered":"http:\/\/gazdasagportal.hu\/?p=114473"},"modified":"2019-03-18T12:50:20","modified_gmt":"2019-03-18T11:50:20","slug":"40-ezer-lakas-all-kivitelezes-alatt","status":"publish","type":"post","link":"https:\/\/gazdasagportal.hu\/index.php\/40-ezer-lakas-all-kivitelezes-alatt\/","title":{"rendered":"40 ezer lak\u00e1s \u00e1ll kivitelez\u00e9s alatt"},"content":{"rendered":"<p><strong>Jelenleg mintegy 40 ezer lak\u00e1s \u00e1ll kivitelez\u00e9s alatt, s ez a mennyis\u00e9g k\u00f6r\u00fclbel\u00fcl 2-2,5 \u00e9v alatt k\u00e9sz\u00fclhet el &#8211; mondta Koji L\u00e1szl\u00f3, az \u00c9p\u00edt\u00e9si V\u00e1llalkoz\u00f3k Orsz\u00e1gos Szaksz\u00f6vets\u00e9g\u00e9nek eln\u00f6ke (\u00c9VOSZ) h\u00e9tf\u0151 reggel az M1 aktu\u00e1lis csatorn\u00e1n.<\/strong><!--more--><\/p>\n<div class=\"ads-in-post1\"><div id=\"gazdasagportal.hu_fullbanner_wideboard\"><\/div>\r\n<\/div>\n<p>    Az eln\u00f6k szerint id\u00e9n az \u00e1tadott \u00faj lak\u00e1sok sz\u00e1ma el\u00e9rheti a 22-23 ezret, ami az ut\u00f3bbi 10 \u00e9v legjobb teljes\u00edtm\u00e9ny\u00e9nek sz\u00e1m\u00edtana.<br \/>\n    A legt\u00f6bb ingatlanberuh\u00e1z\u00e1st a j\u00e1rm\u0171ipar, az \u00e9lelmiszeripar \u00e9s a gy\u00f3gyszeripar ig\u00e9nyli &#8211; f\u0171zte hozz\u00e1.<br \/>\n<div class=\"ads-in-post2\"><script async src=\"https:\/\/pagead2.googlesyndication.com\/pagead\/js\/adsbygoogle.js\"><\/script>\r\n<ins class=\"adsbygoogle\"\r\n     style=\"display:block\"\r\n     data-ad-format=\"fluid\"\r\n     data-ad-layout-key=\"-6t+ed+2i-1n-4w\"\r\n     data-ad-client=\"ca-pub-1959107119989764\"\r\n     data-ad-slot=\"4008251320\"><\/ins>\r\n<script>\r\n     (adsbygoogle = window.adsbygoogle || []).push({});\r\n<\/script><\/div>\n    Az eln\u00f6k arra sz\u00e1m\u00edt, hogy a kib\u0151v\u00edtett csok miatt a lak\u00e1sfel\u00faj\u00edt\u00e1sok is sokkal t\u00f6bb munk\u00e1t adnak majd az \u00e9p\u00edt\u0151iparnak, s els\u0151sorban a kisv\u00e1llalkoz\u00f3k juthatnak majd megb\u00edz\u00e1sokhoz.(MTI)<\/p>\n","protected":false},"excerpt":{"rendered":"<p>Jelenleg mintegy 40 ezer lak\u00e1s \u00e1ll kivitelez\u00e9s alatt, s ez a mennyis\u00e9g k\u00f6r\u00fclbel\u00fcl 2-2,5 \u00e9v alatt k\u00e9sz\u00fclhet el &#8211; mondta Koji L\u00e1szl\u00f3, az \u00c9p\u00edt\u00e9si V\u00e1llalkoz\u00f3k Orsz\u00e1gos Szaksz\u00f6vets\u00e9g\u00e9nek eln\u00f6ke (\u00c9VOSZ) h\u00e9tf\u0151 reggel az M1 aktu\u00e1lis csatorn\u00e1n.<\/p>\n","protected":false},"author":1,"featured_media":0,"comment_status":"closed","ping_status":"open","sticky":false,"template":"","format":"standard","meta":[],"categories":[4,19,22],"tags":[],"_links":{"self":[{"href":"https:\/\/gazdasagportal.hu\/index.php\/wp-json\/wp\/v2\/posts\/114473"}],"collection":[{"href":"https:\/\/gazdasagportal.hu\/index.php\/wp-json\/wp\/v2\/posts"}],"about":[{"href":"https:\/\/gazdasagportal.hu\/index.php\/wp-json\/wp\/v2\/types\/post"}],"author":[{"embeddable":true,"href":"https:\/\/gazdasagportal.hu\/index.php\/wp-json\/wp\/v2\/users\/1"}],"replies":[{"embeddable":true,"href":"https:\/\/gazdasagportal.hu\/index.php\/wp-json\/wp\/v2\/comments?post=114473"}],"version-history":[{"count":1,"href":"https:\/\/gazdasagportal.hu\/index.php\/wp-json\/wp\/v2\/posts\/114473\/revisions"}],"predecessor-version":[{"id":114474,"href":"https:\/\/gazdasagportal.hu\/index.php\/wp-json\/wp\/v2\/posts\/114473\/revisions\/114474"}],"wp:attachment":[{"href":"https:\/\/gazdasagportal.hu\/index.php\/wp-json\/wp\/v2\/media?parent=114473"}],"wp:term":[{"taxonomy":"category","embeddable":true,"href":"https:\/\/gazdasagportal.hu\/index.php\/wp-json\/wp\/v2\/categories?post=114473"},{"taxonomy":"post_tag","embeddable":true,"href":"https:\/\/gazdasagportal.hu\/index.php\/wp-json\/wp\/v2\/tags?post=114473"}],"curies":[{"name":"wp","href":"https:\/\/api.w.org\/{rel}","templated":true}]}}