{"id":114471,"date":"2019-03-18T12:43:50","date_gmt":"2019-03-18T11:43:50","guid":{"rendered":"http:\/\/gazdasagportal.hu\/?p=114471"},"modified":"2019-03-18T12:43:50","modified_gmt":"2019-03-18T11:43:50","slug":"hasogdzsi-ugy-nyt-a-szaudi-tronorokos-adott-felhatalmazast-a-maskent-gondolkodok-elhallgattatasara","status":"publish","type":"post","link":"https:\/\/gazdasagportal.hu\/index.php\/hasogdzsi-ugy-nyt-a-szaudi-tronorokos-adott-felhatalmazast-a-maskent-gondolkodok-elhallgattatasara\/","title":{"rendered":"Hasogdzsi-\u00fcgy &#8211; NYT: a sza\u00fadi tr\u00f3n\u00f6r\u00f6k\u00f6s adott felhatalmaz\u00e1st a m\u00e1sk\u00e9nt gondolkod\u00f3k elhallgattat\u00e1s\u00e1ra"},"content":{"rendered":"<p><strong>A sza\u00fadi tr\u00f3n\u00f6r\u00f6k\u00f6s, Mohamed bin Szalm\u00e1n adott felhatalmaz\u00e1st a m\u00e1sk\u00e9nt gondolkod\u00f3k elhallgattat\u00e1s\u00e1ra &#8211; \u00edrta a The New York Times c\u00edm\u0171 napilap vas\u00e1rnap olyan amerikai tisztvisel\u0151kre hivatkozva, akik betekintettek az err\u0151l sz\u00f3l\u00f3 titkosszolg\u00e1lati jelent\u00e9sekbe. <\/strong><!--more--><\/p>\n<div class=\"ads-in-post1\"><div id=\"gazdasagportal.hu_fullbanner_wideboard\"><\/div>\r\n<\/div>\n<p>    A lap \u00fagy tudja, hogy Mohamed bin Szalm\u00e1n t\u00f6bb mint egy \u00e9vvel Dzsam\u00e1l Hasogdzsi sza\u00fadi ellenz\u00e9ki \u00fajs\u00e1g\u00edr\u00f3 tavaly okt\u00f3beri meggyilkol\u00e1sa el\u0151tt enged\u00e9lyezte a titkos m\u0171veletek v\u00e9grehajt\u00e1s\u00e1t. Ezek sor\u00e1n a hat\u00f3s\u00e1gok megfigyeltek, elraboltak, \u0151rizetben tartottak \u00e9s k\u00ednvallat\u00e1snak vetettek al\u00e1 sza\u00fadi \u00e1llampolg\u00e1rokat.<br \/>\n    T\u00f6bb sza\u00fadi titkos k\u00fcldet\u00e9st ugyanaz a csoport hajtott v\u00e9gre, amely Isztambulban meggyilkolta, majd feldarabolta Hasogdzsit. Az \u00fajs\u00e1g\u00edr\u00f3t meg\u00f6l\u0151 csoport legal\u00e1bb tucatnyi m\u0171veletben vett r\u00e9szt 2017 \u00f3ta &#8211; \u00e9rtes\u00fclt a The New York Times.<br \/>\n    Amerikai titkosszolg\u00e1lati jelent\u00e9sek \u00e9s m\u00e1s forr\u00e1sok szerint egy sza\u00fadi tan\u00e1rn\u0151, aki a n\u0151k helyzet\u00e9r\u0151l \u00edrt blogot, tavaly \u00f6ngyilkoss\u00e1got k\u00eds\u00e9relt meg, miut\u00e1n pszichol\u00f3giai k\u00ednvallat\u00e1snak vetett\u00e9k al\u00e1.<br \/>\n<div class=\"ads-in-post2\"><script async src=\"https:\/\/pagead2.googlesyndication.com\/pagead\/js\/adsbygoogle.js\"><\/script>\r\n<ins class=\"adsbygoogle\"\r\n     style=\"display:block\"\r\n     data-ad-format=\"fluid\"\r\n     data-ad-layout-key=\"-6t+ed+2i-1n-4w\"\r\n     data-ad-client=\"ca-pub-1959107119989764\"\r\n     data-ad-slot=\"4008251320\"><\/ins>\r\n<script>\r\n     (adsbygoogle = window.adsbygoogle || []).push({});\r\n<\/script><\/div>\n    A titkosszolg\u00e1lati jelent\u00e9sek tartalm\u00e1t ismer\u0151, nev\u00fck mell\u0151z\u00e9s\u00e9t k\u00e9r\u0151 amerikai tisztvisel\u0151k azt is tudj\u00e1k, hogy a gyors beavatkoz\u00e1s\u00fa csoport tagjai a sza\u00fadi tr\u00f3n\u00f6r\u00f6k\u00f6st\u0151l k\u00e9rtek jutalmat k\u00fcl\u00f6nb\u00f6z\u0151 \u00fcnnepek alkalm\u00e1b\u00f3l.<br \/>\n     A sza\u00fadi korm\u00e1ny tov\u00e1bbra is tagadja, hogy Rij\u00e1d rendelte el Hasogdzsi meggyilkol\u00e1s\u00e1t. T\u00e1j\u00e9koztat\u00e1sa szerint helyi korm\u00e1nyzati tisztvisel\u0151k \u00e9s az Isztambulban tart\u00f3zkod\u00f3 csoport hat\u00e1rozta el a gyilkoss\u00e1got. T\u00f6r\u00f6k \u00e9s amerikai titkosszolg\u00e1lati \u00fcgyn\u00f6ks\u00e9gek szerint a gyilkoss\u00e1got el\u0151re kitervelt\u00e9k.(MTI)<\/p>\n","protected":false},"excerpt":{"rendered":"<p>A sza\u00fadi tr\u00f3n\u00f6r\u00f6k\u00f6s, Mohamed bin Szalm\u00e1n adott felhatalmaz\u00e1st a m\u00e1sk\u00e9nt gondolkod\u00f3k elhallgattat\u00e1s\u00e1ra &#8211; \u00edrta a The New York Times c\u00edm\u0171 napilap vas\u00e1rnap olyan amerikai tisztvisel\u0151kre hivatkozva, akik betekintettek az err\u0151l sz\u00f3l\u00f3 titkosszolg\u00e1lati jelent\u00e9sekbe.<\/p>\n","protected":false},"author":1,"featured_media":0,"comment_status":"closed","ping_status":"open","sticky":false,"template":"","format":"standard","meta":[],"categories":[13,16],"tags":[],"_links":{"self":[{"href":"https:\/\/gazdasagportal.hu\/index.php\/wp-json\/wp\/v2\/posts\/114471"}],"collection":[{"href":"https:\/\/gazdasagportal.hu\/index.php\/wp-json\/wp\/v2\/posts"}],"about":[{"href":"https:\/\/gazdasagportal.hu\/index.php\/wp-json\/wp\/v2\/types\/post"}],"author":[{"embeddable":true,"href":"https:\/\/gazdasagportal.hu\/index.php\/wp-json\/wp\/v2\/users\/1"}],"replies":[{"embeddable":true,"href":"https:\/\/gazdasagportal.hu\/index.php\/wp-json\/wp\/v2\/comments?post=114471"}],"version-history":[{"count":1,"href":"https:\/\/gazdasagportal.hu\/index.php\/wp-json\/wp\/v2\/posts\/114471\/revisions"}],"predecessor-version":[{"id":114472,"href":"https:\/\/gazdasagportal.hu\/index.php\/wp-json\/wp\/v2\/posts\/114471\/revisions\/114472"}],"wp:attachment":[{"href":"https:\/\/gazdasagportal.hu\/index.php\/wp-json\/wp\/v2\/media?parent=114471"}],"wp:term":[{"taxonomy":"category","embeddable":true,"href":"https:\/\/gazdasagportal.hu\/index.php\/wp-json\/wp\/v2\/categories?post=114471"},{"taxonomy":"post_tag","embeddable":true,"href":"https:\/\/gazdasagportal.hu\/index.php\/wp-json\/wp\/v2\/tags?post=114471"}],"curies":[{"name":"wp","href":"https:\/\/api.w.org\/{rel}","templated":true}]}}