{"id":114432,"date":"2019-03-16T08:04:55","date_gmt":"2019-03-16T07:04:55","guid":{"rendered":"http:\/\/gazdasagportal.hu\/?p=114432"},"modified":"2019-03-15T08:05:48","modified_gmt":"2019-03-15T07:05:48","slug":"novak-az-amerikai-donteshozok-erdeklodessel-figyelik-a-magyar-csaladpolitikat","status":"publish","type":"post","link":"https:\/\/gazdasagportal.hu\/index.php\/novak-az-amerikai-donteshozok-erdeklodessel-figyelik-a-magyar-csaladpolitikat\/","title":{"rendered":"Nov\u00e1k: az amerikai d\u00f6nt\u00e9shoz\u00f3k \u00e9rdekl\u0151d\u00e9ssel figyelik a magyar csal\u00e1dpolitik\u00e1t"},"content":{"rendered":"<p><strong>Az amerikai politikai d\u00f6nt\u00e9shoz\u00f3k rendk\u00edv\u00fcli \u00e9rdekl\u0151d\u00e9ssel figyelik a magyar csal\u00e1dpolitik\u00e1t \u00e9s egy\u00fcttm\u0171k\u00f6d\u00e9st szorgalmaznak magyar partnereikkel &#8211; mondta az MTI-nek az Emberi Er\u0151forr\u00e1sok Miniszt\u00e9rium\u00e1nak csal\u00e1d- \u00e9s ifj\u00fas\u00e1g\u00fcgy\u00e9rt felel\u0151s \u00e1llamtitk\u00e1ra, aki egy amerikai-magyar csal\u00e1dpolitikai konferenci\u00e1n vett r\u00e9szt Washingtonban. <\/strong><!--more--><\/p>\n<div class=\"ads-in-post1\"><div id=\"gazdasagportal.hu_fullbanner_wideboard\"><\/div>\r\n<\/div>\n<p>    A Tegy\u00fck ism\u00e9t naggy\u00e1 a csal\u00e1dokat c\u00edmmel rendezett konferenci\u00e1n, amelyet a Kongresszusi K\u00f6nyvt\u00e1r d\u00edszterm\u00e9ben tartottak, Nov\u00e1k Katalin besz\u00e1mol\u00f3t tartott a magyar korm\u00e1ny csal\u00e1dpolitikai int\u00e9zked\u00e9seir\u0151l \u00e9s terveir\u0151l.<br \/>\n    Arra a k\u00e9rd\u00e9sre, hogy mi az, ami a legink\u00e1bb megfogta az amerikaiakat, Nov\u00e1k Katalin a legal\u00e1bb n\u00e9gy gyereket v\u00e1llal\u00f3 n\u0151k szem\u00e9lyij\u00f6vedelemad\u00f3-mentess\u00e9g\u00e9t emelte ki.<br \/>\n    &#8222;Ezt itt, az Egyes\u00fclt \u00c1llamokban egyel\u0151re ugyan el sem tudj\u00e1k k\u00e9pzelni, de nagyon el\u0151remutat\u00f3nak tartj\u00e1k&#8221; &#8211; mondta az \u00e1llamtitk\u00e1r.<br \/>\n    K\u00f6z\u00f6lte: amerikai partnerei rendk\u00edv\u00fcli elismer\u00e9ssel ad\u00f3ztak annak a magyar korm\u00e1nyd\u00f6nt\u00e9snek, amely lehet\u0151v\u00e9 teszi, hogy a csal\u00e1dt\u00e1mogat\u00e1sokat m\u00e1r a magzati \u00e9let idej\u00e9n is ig\u00e9nybe lehessen venni.<br \/>\n    Az \u00e1llamtitk\u00e1r elmondta: amerikai partnereikt\u0151l &#8222;rendre azt hallani&#8221;, hogy a magyar csal\u00e1dpolitikai int\u00e9zked\u00e9sek sora olyan p\u00e9lda, amelyet nem egy tekintetben \u0151k is sz\u00edvesen k\u00f6vetn\u00e9nek.<br \/>\n<div class=\"ads-in-post2\"><script async src=\"https:\/\/pagead2.googlesyndication.com\/pagead\/js\/adsbygoogle.js\"><\/script>\r\n<ins class=\"adsbygoogle\"\r\n     style=\"display:block\"\r\n     data-ad-format=\"fluid\"\r\n     data-ad-layout-key=\"-6t+ed+2i-1n-4w\"\r\n     data-ad-client=\"ca-pub-1959107119989764\"\r\n     data-ad-slot=\"4008251320\"><\/ins>\r\n<script>\r\n     (adsbygoogle = window.adsbygoogle || []).push({});\r\n<\/script><\/div>\n    &#8222;Elmondt\u00e1k azt is, hogy Magyarorsz\u00e1g ugyan kicsi orsz\u00e1g, kiv\u00e1lt az Egyes\u00fclt \u00c1llamokb\u00f3l n\u00e9zve, m\u00e9gis k\u00e9pes volt arra, hogy vil\u00e1gels\u0151 legyen a csal\u00e1dok t\u00e1mogat\u00e1s\u00e1ban&#8221; &#8211; fogalmazott Nov\u00e1k Katalin.<br \/>\n    &#8222;M\u00e1r most is rengetegen jelezt\u00e9k, hogy szeretn\u00e9k folytatni vel\u00fcnk a k\u00f6z\u00f6s munk\u00e1t. Egyszer\u0171en k\u00edv\u00e1ncsiak, hogy a magyar csal\u00e1dpolitika mit\u0151l sikeres&#8221; &#8211; fogalmazott.<br \/>\n    Nov\u00e1k Katalin kiemelte: a &#8222;nemzetk\u00f6zi f\u00f3rumokon \u00e9s az ENSZ-ben is tervezz\u00fck, hogy \u00f6sszehangoljuk csal\u00e1dpolitik\u00e1ra vonatkoz\u00f3 \u00e1ll\u00e1spontjainkat&#8221;.<br \/>\n    &#8222;Az ENSZ-ben is sz\u00fcks\u00e9g van az \u00f6sszefog\u00e1sra, arra, hogy a csal\u00e1di \u00e9rt\u00e9keket k\u00e9pviselj\u00fck akkor is, amikor ezek h\u00e1tt\u00e9rbe szorulnak&#8221; &#8211; f\u0171zte hozz\u00e1.     A magyar-amerikai csal\u00e1dpolitikai egy\u00fcttm\u0171k\u00f6d\u00e9s k\u00f6vetkez\u0151 \u00e1llom\u00e1sa az \u0151sszel Budapesten megrendezend\u0151 demogr\u00e1fiai konferencia lesz, amelynek vend\u00e9gei k\u00f6z\u00f6tt ott lesznek az amerikai szakemberek \u00e9s d\u00f6nt\u00e9shoz\u00f3k is.<br \/>\n    A washingtoni konferenci\u00e1n besz\u00e9det mondott Mercedes Schlapp, a Feh\u00e9r H\u00e1z strat\u00e9giai kommunik\u00e1ci\u00f3s igazgat\u00f3ja, Kathryn Talento, a Feh\u00e9r H\u00e1z Belpolitikai Tan\u00e1cs\u00e1nak munkat\u00e1rsa, Tony Perkins, a Csal\u00e1dkutat\u00f3 Tan\u00e1cs eln\u00f6ke, Susan Yoshihara, a Katolikus Csal\u00e1di \u00e9s Emberi Jogi Int\u00e9zet aleln\u00f6ke \u00e9s Gorka Sebesty\u00e9n volt eln\u00f6ki tan\u00e1csad\u00f3. (MTI)<\/p>\n","protected":false},"excerpt":{"rendered":"<p>Az amerikai politikai d\u00f6nt\u00e9shoz\u00f3k rendk\u00edv\u00fcli \u00e9rdekl\u0151d\u00e9ssel figyelik a magyar csal\u00e1dpolitik\u00e1t \u00e9s egy\u00fcttm\u0171k\u00f6d\u00e9st szorgalmaznak magyar partnereikkel &#8211; mondta az MTI-nek az Emberi Er\u0151forr\u00e1sok Miniszt\u00e9rium\u00e1nak csal\u00e1d- \u00e9s ifj\u00fas\u00e1g\u00fcgy\u00e9rt felel\u0151s \u00e1llamtitk\u00e1ra, aki egy amerikai-magyar csal\u00e1dpolitikai konferenci\u00e1n vett r\u00e9szt Washingtonban.<\/p>\n","protected":false},"author":1001003,"featured_media":0,"comment_status":"closed","ping_status":"open","sticky":false,"template":"","format":"standard","meta":[],"categories":[4],"tags":[],"_links":{"self":[{"href":"https:\/\/gazdasagportal.hu\/index.php\/wp-json\/wp\/v2\/posts\/114432"}],"collection":[{"href":"https:\/\/gazdasagportal.hu\/index.php\/wp-json\/wp\/v2\/posts"}],"about":[{"href":"https:\/\/gazdasagportal.hu\/index.php\/wp-json\/wp\/v2\/types\/post"}],"author":[{"embeddable":true,"href":"https:\/\/gazdasagportal.hu\/index.php\/wp-json\/wp\/v2\/users\/1001003"}],"replies":[{"embeddable":true,"href":"https:\/\/gazdasagportal.hu\/index.php\/wp-json\/wp\/v2\/comments?post=114432"}],"version-history":[{"count":1,"href":"https:\/\/gazdasagportal.hu\/index.php\/wp-json\/wp\/v2\/posts\/114432\/revisions"}],"predecessor-version":[{"id":114433,"href":"https:\/\/gazdasagportal.hu\/index.php\/wp-json\/wp\/v2\/posts\/114432\/revisions\/114433"}],"wp:attachment":[{"href":"https:\/\/gazdasagportal.hu\/index.php\/wp-json\/wp\/v2\/media?parent=114432"}],"wp:term":[{"taxonomy":"category","embeddable":true,"href":"https:\/\/gazdasagportal.hu\/index.php\/wp-json\/wp\/v2\/categories?post=114432"},{"taxonomy":"post_tag","embeddable":true,"href":"https:\/\/gazdasagportal.hu\/index.php\/wp-json\/wp\/v2\/tags?post=114432"}],"curies":[{"name":"wp","href":"https:\/\/api.w.org\/{rel}","templated":true}]}}