{"id":114428,"date":"2019-03-15T16:01:02","date_gmt":"2019-03-15T15:01:02","guid":{"rendered":"http:\/\/gazdasagportal.hu\/?p=114428"},"modified":"2019-03-15T08:02:54","modified_gmt":"2019-03-15T07:02:54","slug":"befejezodott-a-torok-akkuyu-atomeromu-1-es-blokk-reaktorepuletenek-alapozasa","status":"publish","type":"post","link":"https:\/\/gazdasagportal.hu\/index.php\/befejezodott-a-torok-akkuyu-atomeromu-1-es-blokk-reaktorepuletenek-alapozasa\/","title":{"rendered":"Befejez\u0151d\u00f6tt a t\u00f6r\u00f6k Akkuyu Atomer\u0151m\u0171 1-es blokk reaktor\u00e9p\u00fclet\u00e9nek alapoz\u00e1sa"},"content":{"rendered":"<p><strong>2019 m\u00e1rcius 8-\u00e1n befejezt\u00e9k a beton be\u00f6nt\u00e9s\u00e9t a Roszatom \u00e1ltal \u00e9p\u00edtett els\u0151 t\u00f6r\u00f6k atomer\u0151m\u0171 1-es blokkj\u00e1nak alapzat\u00e1ba. Az alaptestbe t\u00f6bb mint 17 000 k\u00f6bm\u00e9ter \u00f6nter\u00fcl\u0151-\u00f6nt\u00f6m\u00f6r\u00f6d\u0151 betont \u00f6nt\u00f6ttek. Az \u00f6nter\u00fcl\u0151-\u00f6nt\u00f6m\u00f6r\u00f6d\u0151 beton k\u00e9pes arra, hogy k\u00fcl\u00f6nleges \u00f6sszet\u00e9tel\u00e9b\u0151l ad\u00f3d\u00f3an elter\u00fclj\u00f6n \u00e9s a saj\u00e1t t\u00f6meg\u00e9nek k\u00f6sz\u00f6nhet\u0151en t\u00f6m\u00f6r\u00f6dj\u00f6n \u00f6ssze, mik\u00f6zben homog\u00e9n marad a szerkezete.<\/strong><!--more--><\/p>\n<div class=\"ads-in-post1\"><div id=\"gazdasagportal.hu_fullbanner_wideboard\"><\/div>\r\n<\/div>\n\u201eAz Akkuyu Atomer\u0151m\u0171 \u00e9p\u00edt\u00e9s\u00e9n\u00e9l alkalmazott t\u00f6bbi technol\u00f3giai megold\u00e1shoz hasonl\u00f3an az egyes blokk alapj\u00e1nak betonoz\u00e1sa is megfelel az \u00f6sszes vonatkoz\u00f3 nemzetk\u00f6zi k\u00f6vetelm\u00e9nynek, a NA\u00dc biztons\u00e1gi el\u0151\u00edr\u00e1sainak \u00e9s a T\u00f6r\u00f6k K\u00f6zt\u00e1rsas\u00e1g nemzetk\u00f6zi k\u00f6vetelm\u00e9nyekkel \u00f6sszhangban l\u00e9v\u0151 nemzeti k\u00f6vetelm\u00e9nyeinek\u201d \u2013 jelentette ki Anasztaszija Zotyejeva, az Akkuyu Nuclear Rt. vez\u00e9rigazgat\u00f3ja.<\/p>\n<p>Az Akkuyu Atomer\u0151m\u0171 \u00e9p\u00edt\u00e9si ter\u00fclet\u00e9n az alap betonoz\u00e1sa az idei \u00e9v egyik kulcsfontoss\u00e1g\u00fa esem\u00e9nye. Az 1-es blokk \u00e9p\u00edt\u00e9se sor\u00e1n a tov\u00e1bbiakban a kett\u0151s fal\u00fa reaktor\u00e9p\u00fclet bels\u0151 \u00e9s k\u00fcls\u0151 falait \u00e9p\u00edtik majd meg. Jelenleg a reaktor seg\u00e9d\u00e9p\u00fclet, illetve a tartal\u00e9k blokkvez\u00e9nyl\u0151 \u00e9p\u00fclet\u00e9nek alapoz\u00e1sa zajlik.<\/p>\n<p>Az Akkuyu Nuclear v\u00e1llalat tavaly novemberben r\u00e9szleges l\u00e9tes\u00edt\u00e9si enged\u00e9lyt kapott az Akkuyu Atomer\u0151m\u0171 m\u00e1sodik blokkj\u00e1ra. Ez a reaktorsziget biztons\u00e1ga szempontj\u00e1b\u00f3l l\u00e9nyeges objektumok kiv\u00e9tel\u00e9vel lehet\u0151v\u00e9 teszi a t\u00f6bbi l\u00e9tes\u00edtm\u00e9ny eset\u00e9ben a tervdokument\u00e1ci\u00f3 alapj\u00e1n a m\u00e9rn\u00f6ki munk\u00e1t.<\/p><div id=\"gazda-4070664305\" class=\"gazda-tartalomban gazda-entity-placement\"><script async src=\"https:\/\/pagead2.googlesyndication.com\/pagead\/js\/adsbygoogle.js\"><\/script>\r\n<ins class=\"adsbygoogle\"\r\n     style=\"display:block\"\r\n     data-ad-format=\"fluid\"\r\n     data-ad-layout-key=\"-6t+ed+2i-1n-4w\"\r\n     data-ad-client=\"ca-pub-1959107119989764\"\r\n     data-ad-slot=\"4008251320\"><\/ins>\r\n<script>\r\n     (adsbygoogle = window.adsbygoogle || []).push({});\r\n<\/script><\/div>\n<div class=\"ads-in-post2\"><script async src=\"https:\/\/pagead2.googlesyndication.com\/pagead\/js\/adsbygoogle.js\"><\/script>\r\n<ins class=\"adsbygoogle\"\r\n     style=\"display:block\"\r\n     data-ad-format=\"fluid\"\r\n     data-ad-layout-key=\"-6t+ed+2i-1n-4w\"\r\n     data-ad-client=\"ca-pub-1959107119989764\"\r\n     data-ad-slot=\"4008251320\"><\/ins>\r\n<script>\r\n     (adsbygoogle = window.adsbygoogle || []).push({});\r\n<\/script><\/div>\n\u201eRem\u00e9nyeink szerint 2019-ben siker\u00fcl meszerezni a m\u00e1sodik blokk teljesk\u00f6r\u0171 l\u00e9tes\u00edt\u00e9si enged\u00e9ly\u00e9t, majd ezt k\u00f6vet\u0151en kezd\u0151dhet meg a 2-es blokk alaptest\u00e9nek betonoz\u00e1sa.<br \/>\nA munk\u00e1latokat az 1-es blokkon szerzett tapasztalatok figyelembev\u00e9tel\u00e9vel fogjuk v\u00e9gezni\u201d \u2013 tette hozz\u00e1 Anasztaszija Zotyejeva. Az idei \u00e9v tov\u00e1bbi feladata az \u00e9p\u00edt\u00e9si ter\u00fclet tereprendez\u00e9s\u00e9nek befejez\u00e9se. A teljes ter\u00fclet 70 sz\u00e1zal\u00e9k\u00e1n \u00a0m\u00e1r elk\u00e9sz\u00fcltek a tereprendez\u00e9ssel, a marad\u00e9k 30 sz\u00e1zal\u00e9k pedig az \u00e9v v\u00e9g\u00e9re lesz k\u00e9sz ez a munka.<\/p>\n<p>Az \u00e9p\u00edt\u00e9si ter\u00fcleten foly\u00f3 munk\u00e1latokkal p\u00e1rhuzamosan m\u00e1r zajlik a harmadik blokk l\u00e9tes\u00edt\u00e9si enged\u00e9ly\u00e9hez sz\u00fcks\u00e9ges tervdokument\u00e1ci\u00f3 el\u0151k\u00e9sz\u00edt\u00e9se az enged\u00e9lyez\u0151 t\u00f6r\u00f6k nukle\u00e1ris hat\u00f3s\u00e1g sz\u00e1m\u00e1ra.<\/p>\n","protected":false},"excerpt":{"rendered":"<p>2019 m\u00e1rcius 8-\u00e1n befejezt\u00e9k a beton be\u00f6nt\u00e9s\u00e9t a Roszatom \u00e1ltal \u00e9p\u00edtett els\u0151 t\u00f6r\u00f6k atomer\u0151m\u0171 1-es blokkj\u00e1nak alapzat\u00e1ba. Az alaptestbe t\u00f6bb mint 17 000 k\u00f6bm\u00e9ter \u00f6nter\u00fcl\u0151-\u00f6nt\u00f6m\u00f6r\u00f6d\u0151 betont \u00f6nt\u00f6ttek. Az \u00f6nter\u00fcl\u0151-\u00f6nt\u00f6m\u00f6r\u00f6d\u0151 beton k\u00e9pes arra, hogy k\u00fcl\u00f6nleges \u00f6sszet\u00e9tel\u00e9b\u0151l ad\u00f3d\u00f3an elter\u00fclj\u00f6n \u00e9s a saj\u00e1t t\u00f6meg\u00e9nek k\u00f6sz\u00f6nhet\u0151en t\u00f6m\u00f6r\u00f6dj\u00f6n \u00f6ssze, mik\u00f6zben homog\u00e9n marad a szerkezete.<\/p>\n","protected":false},"author":1001003,"featured_media":0,"comment_status":"closed","ping_status":"open","sticky":false,"template":"","format":"standard","meta":[],"categories":[12,246],"tags":[],"_links":{"self":[{"href":"https:\/\/gazdasagportal.hu\/index.php\/wp-json\/wp\/v2\/posts\/114428"}],"collection":[{"href":"https:\/\/gazdasagportal.hu\/index.php\/wp-json\/wp\/v2\/posts"}],"about":[{"href":"https:\/\/gazdasagportal.hu\/index.php\/wp-json\/wp\/v2\/types\/post"}],"author":[{"embeddable":true,"href":"https:\/\/gazdasagportal.hu\/index.php\/wp-json\/wp\/v2\/users\/1001003"}],"replies":[{"embeddable":true,"href":"https:\/\/gazdasagportal.hu\/index.php\/wp-json\/wp\/v2\/comments?post=114428"}],"version-history":[{"count":1,"href":"https:\/\/gazdasagportal.hu\/index.php\/wp-json\/wp\/v2\/posts\/114428\/revisions"}],"predecessor-version":[{"id":114429,"href":"https:\/\/gazdasagportal.hu\/index.php\/wp-json\/wp\/v2\/posts\/114428\/revisions\/114429"}],"wp:attachment":[{"href":"https:\/\/gazdasagportal.hu\/index.php\/wp-json\/wp\/v2\/media?parent=114428"}],"wp:term":[{"taxonomy":"category","embeddable":true,"href":"https:\/\/gazdasagportal.hu\/index.php\/wp-json\/wp\/v2\/categories?post=114428"},{"taxonomy":"post_tag","embeddable":true,"href":"https:\/\/gazdasagportal.hu\/index.php\/wp-json\/wp\/v2\/tags?post=114428"}],"curies":[{"name":"wp","href":"https:\/\/api.w.org\/{rel}","templated":true}]}}