{"id":114418,"date":"2019-03-15T07:49:01","date_gmt":"2019-03-15T06:49:01","guid":{"rendered":"http:\/\/gazdasagportal.hu\/?p=114418"},"modified":"2019-03-15T07:49:01","modified_gmt":"2019-03-15T06:49:01","slug":"marcius-15-valtozik-a-kozossegi-kozlekedes-rendje","status":"publish","type":"post","link":"https:\/\/gazdasagportal.hu\/index.php\/marcius-15-valtozik-a-kozossegi-kozlekedes-rendje\/","title":{"rendered":"M\u00e1rcius 15. &#8211; V\u00e1ltozik a k\u00f6z\u00f6ss\u00e9gi k\u00f6zleked\u00e9s rendje"},"content":{"rendered":"<p><strong>A m\u00e1rcius 15-i rendezv\u00e9nyek miatt jelent\u0151s v\u00e1ltoz\u00e1sokra kell sz\u00e1m\u00edtani a f\u0151v\u00e1rosi t\u00f6megk\u00f6zleked\u00e9sben ma \u00e9s holnap.<\/strong><!--more--><\/p>\n<div class=\"ads-in-post1\"><div id=\"gazdasagportal.hu_fullbanner_wideboard\"><\/div>\r\n<\/div>\n<p>    P\u00e9nteken a rendezv\u00e9nyek miatt lez\u00e1rj\u00e1k a k\u00f6z\u00fati forgalom el\u0151l a M\u00fazeum k\u00f6rutat az Astoria \u00e9s a K\u00e1lvin t\u00e9r k\u00f6z\u00f6tt, a Br\u00f3dy S\u00e1ndor utc\u00e1t a Puskin utca \u00e9s a M\u00fazeum k\u00f6r\u00fat k\u00f6z\u00f6tt, a Bajcsy-Zsilinszky utat a De\u00e1k Ferenc t\u00e9r \u00e9s az Alkotm\u00e1ny utca k\u00f6z\u00f6tt, a K\u00e1roly k\u00f6rutat az Astoria \u00e9s a De\u00e1k Ferenc t\u00e9r k\u00f6z\u00f6tt, valamint p\u00e9ntek d\u00e9lel\u0151tt az Alkotm\u00e1ny utc\u00e1t \u00e9s az Andr\u00e1ssy utat a Bajcsy-Zsilinszky \u00fat \u00e9s az Oktogon k\u00f6z\u00f6tt. A budai V\u00e1rba eg\u00e9sz nap nem lehet behajtani.<br \/>\n    Szombaton az Andr\u00e1ssy \u00fat Opera \u00e9s D\u00f3zsa Gy\u00f6rgy \u00fat k\u00f6z\u00f6tti szakasza, a D\u00f3zsa Gy\u00f6rgy \u00fat Podmaniczky utca \u00e9s V\u00e1rosligeti fasor k\u00f6z\u00f6tti szakasza, \u00e9s az Olof Palme s\u00e9t\u00e1ny \u00c1llatkerti k\u00f6r\u00fat \u00e9s H\u0151s\u00f6k tere k\u00f6z\u00f6tti szakasza lesz lez\u00e1rva 12-t\u0151l 15 \u00f3r\u00e1ig.<br \/>\n<div class=\"ads-in-post2\"><script async src=\"https:\/\/pagead2.googlesyndication.com\/pagead\/js\/adsbygoogle.js\"><\/script>\r\n<ins class=\"adsbygoogle\"\r\n     style=\"display:block\"\r\n     data-ad-format=\"fluid\"\r\n     data-ad-layout-key=\"-6t+ed+2i-1n-4w\"\r\n     data-ad-client=\"ca-pub-1959107119989764\"\r\n     data-ad-slot=\"4008251320\"><\/ins>\r\n<script>\r\n     (adsbygoogle = window.adsbygoogle || []).push({});\r\n<\/script><\/div>\n    A lez\u00e1r\u00e1sok miatt p\u00e9nteken eg\u00e9sz nap nem k\u00f6zlekedik a 47-es \u00e9s 49-es villamos, a V\u00e1rosh\u00e1z t\u00e9r \u00e9s a M\u00f3ricz Zsigmond k\u00f6rt\u00e9r k\u00f6z\u00f6tt a meghosszabb\u00edtott \u00fatvonal\u00fa 61-es villamossal, Kelenf\u00f6ld vas\u00fat\u00e1llom\u00e1s \u00e9s a k\u00f6rt\u00e9r k\u00f6z\u00f6tt pedig a meghosszabb\u00edtott \u00fatvonal\u00fa 56A villamossal lehet utazni. A M\u00f3ricz Zsigmond k\u00f6rt\u00e9rt\u0151l Pest fel\u00e9 a 4-es metr\u00f3t \u00e9rdemes ig\u00e9nybe venni. A 100E rept\u00e9ri busz a K\u00e1lvin t\u00e9rig j\u00e1r, a 16-os, a 16A \u00e9s a 916-os busz eg\u00e9sz nap k\u00e9t szakaszon k\u00f6zlekedik, a Sz\u00e9ll K\u00e1lm\u00e1n t\u00e9r fel\u0151l a Kapisztr\u00e1n t\u00e9r, a De\u00e1k Ferenc t\u00e9r fel\u0151l pedig a D\u00edsz t\u00e9r meg\u00e1ll\u00f3helyig sz\u00e1ll\u00edt utasokat. A 2-es villamos d\u00e9lel\u0151tt a k\u00f6zv\u00e1g\u00f3h\u00eddt\u00f3l a Kossuth t\u00e9rig j\u00e1r, a 9-es busz a Bajcsy-Zsilinszky \u00fat helyett eg\u00e9sz nap a Nagyk\u00f6r\u00faton k\u00f6zlekedik.  Az 5-\u00f6s, a 7-es, a 8E, a 110-es, a 112-es \u00e9s a 133E busz v\u00e1rhat\u00f3an 13.30 \u00e9s 18.30 k\u00f6z\u00f6tt k\u00e9t szakaszra osztva k\u00f6zlekedik: a pesti v\u00e9g\u00e1llom\u00e1st\u00f3l a Blaha Lujza t\u00e9rig, a budai v\u00e9g\u00e1llom\u00e1st\u00f3l pedig Duna hidakig j\u00e1rnak. A 15-\u00f6s \u00e9s a 115-\u00f6s busz eg\u00e9sz nap az \u00e9szak-pesti v\u00e9g\u00e1llom\u00e1st\u00f3l a Kossuth Lajos t\u00e9r meg\u00e1ll\u00f3helyig sz\u00e1ll\u00edt utasokat.<br \/>\n    Szombaton az Andr\u00e1ssy \u00fat \u00e9s a D\u00f3zsa Gy\u00f6rgy \u00fat lez\u00e1r\u00e1sa miatt kora d\u00e9lut\u00e1n az \u00e9rintett j\u00e1ratok (a 20E, a 30-as, a 30A \u00e9s a 230-as busz, valamint a 70-es, 75-\u00f6s \u00e9s 76-os troli) terelve k\u00f6zlekedik, a 73-as troli 12 \u00e9s 13 \u00f3ra k\u00f6z\u00f6tt nem j\u00e1r. A 105-\u00f6s busz v\u00e1rhat\u00f3an 9.50 \u00e9s 13.40 k\u00f6z\u00f6tt az Andr\u00e1ssy \u00fat helyett a Podmaniczky utc\u00e1n k\u00f6zlekedik, ez\u00e9rt a H\u0151s\u00f6k tere \u00e9s a Bajcsy-Zsilinszky \u00fat k\u00f6z\u00f6tti meg\u00e1ll\u00f3it nem \u00e9rinti.(MTI)<\/p>\n","protected":false},"excerpt":{"rendered":"<p>A m\u00e1rcius 15-i rendezv\u00e9nyek miatt jelent\u0151s v\u00e1ltoz\u00e1sokra kell sz\u00e1m\u00edtani a f\u0151v\u00e1rosi t\u00f6megk\u00f6zleked\u00e9sben ma \u00e9s holnap.<\/p>\n","protected":false},"author":1001003,"featured_media":0,"comment_status":"closed","ping_status":"open","sticky":false,"template":"","format":"standard","meta":[],"categories":[4],"tags":[],"_links":{"self":[{"href":"https:\/\/gazdasagportal.hu\/index.php\/wp-json\/wp\/v2\/posts\/114418"}],"collection":[{"href":"https:\/\/gazdasagportal.hu\/index.php\/wp-json\/wp\/v2\/posts"}],"about":[{"href":"https:\/\/gazdasagportal.hu\/index.php\/wp-json\/wp\/v2\/types\/post"}],"author":[{"embeddable":true,"href":"https:\/\/gazdasagportal.hu\/index.php\/wp-json\/wp\/v2\/users\/1001003"}],"replies":[{"embeddable":true,"href":"https:\/\/gazdasagportal.hu\/index.php\/wp-json\/wp\/v2\/comments?post=114418"}],"version-history":[{"count":1,"href":"https:\/\/gazdasagportal.hu\/index.php\/wp-json\/wp\/v2\/posts\/114418\/revisions"}],"predecessor-version":[{"id":114419,"href":"https:\/\/gazdasagportal.hu\/index.php\/wp-json\/wp\/v2\/posts\/114418\/revisions\/114419"}],"wp:attachment":[{"href":"https:\/\/gazdasagportal.hu\/index.php\/wp-json\/wp\/v2\/media?parent=114418"}],"wp:term":[{"taxonomy":"category","embeddable":true,"href":"https:\/\/gazdasagportal.hu\/index.php\/wp-json\/wp\/v2\/categories?post=114418"},{"taxonomy":"post_tag","embeddable":true,"href":"https:\/\/gazdasagportal.hu\/index.php\/wp-json\/wp\/v2\/tags?post=114418"}],"curies":[{"name":"wp","href":"https:\/\/api.w.org\/{rel}","templated":true}]}}