{"id":114416,"date":"2019-03-14T23:12:07","date_gmt":"2019-03-14T22:12:07","guid":{"rendered":"http:\/\/gazdasagportal.hu\/?p=114416"},"modified":"2019-03-14T23:12:07","modified_gmt":"2019-03-14T22:12:07","slug":"unios-szovivo-a-brexit-halasztasahoz-a-bennmarado-orszagok-hozzajarulasa-szukseges","status":"publish","type":"post","link":"https:\/\/gazdasagportal.hu\/index.php\/unios-szovivo-a-brexit-halasztasahoz-a-bennmarado-orszagok-hozzajarulasa-szukseges\/","title":{"rendered":"Uni\u00f3s sz\u00f3viv\u0151: a Brexit halaszt\u00e1s\u00e1hoz a bennmarad\u00f3 orsz\u00e1gok hozz\u00e1j\u00e1rul\u00e1sa sz\u00fcks\u00e9ges"},"content":{"rendered":"<p><strong>Amennyiben az Egyes\u00fclt Kir\u00e1lys\u00e1g az uni\u00f3s tags\u00e1g megsz\u0171n\u00e9se hat\u00e1ridej\u00e9nek elhalaszt\u00e1sa mellett hat\u00e1roz, az Eur\u00f3pai Uni\u00f3 Szerz\u0151d\u00e9se 50. cikkely\u00e9nek \u00e9rtelm\u00e9ben az uni\u00f3ban marad\u00f3 mind a 27 tag\u00e1llam egybehangz\u00f3 hozz\u00e1j\u00e1rul\u00e1sa sz\u00fcks\u00e9ges ehhez &#8211; jelentette ki egy neve elhallgat\u00e1s\u00e1t k\u00e9r\u0151 uni\u00f3s sz\u00f3viv\u0151 cs\u00fct\u00f6rt\u00f6k\u00f6n.<\/strong><!--more--><\/p>\n<div class=\"ads-in-post1\"><div id=\"gazdasagportal.hu_fullbanner_wideboard\"><\/div>\r\n<\/div>\n<p>    A sz\u00f3viv\u0151 hangs\u00falyozta, Nagy-Britanni\u00e1nak minden esetben indokolnia kell d\u00f6nt\u00e9s\u00e9t, akkor is, ha az uni\u00f3s tags\u00e1ga megsz\u0171n\u00e9s\u00e9nek h\u00f3nap v\u00e9g\u00e9n esed\u00e9kes elhalaszt\u00e1s\u00e1r\u00f3l hat\u00e1roz.<br \/>\n    Az uni\u00f3s tagorsz\u00e1gok vezet\u0151it t\u00f6m\u00f6r\u00edt\u0151 tan\u00e1cs feladata, hogy megvizsg\u00e1lja az ilyen ir\u00e1ny\u00fa k\u00e9r\u00e9st, annak okait \u00e9s a lehets\u00e9ges halaszt\u00e1s id\u0151tartam\u00e1t. A tan\u00e1cs tagjainak azonban d\u00f6nt\u00e9s\u00fckben els\u0151bbs\u00e9get kell biztos\u00edtaniuk az uni\u00f3s int\u00e9zm\u00e9nyek zavartalan m\u0171k\u00f6d\u00e9s\u00e9nek &#8211; emelte ki.<br \/>\n    A londoni als\u00f3h\u00e1z cs\u00fct\u00f6rt\u00f6k esti szavaz\u00e1s\u00e1n t\u00e1mogatta a brit EU-tags\u00e1g megsz\u0171n\u00e9s\u00e9nek (Brexit) elhalaszt\u00e1s\u00e1t c\u00e9lz\u00f3 korm\u00e1nyzati beterjeszt\u00e9st. A brit korm\u00e1ny v\u00e1rhat\u00f3an j\u00fanius 30-ig k\u00e9ri a hosszabb\u00edt\u00e1st.<br \/>\n<div class=\"ads-in-post2\"><script async src=\"https:\/\/pagead2.googlesyndication.com\/pagead\/js\/adsbygoogle.js\"><\/script>\r\n<ins class=\"adsbygoogle\"\r\n     style=\"display:block\"\r\n     data-ad-format=\"fluid\"\r\n     data-ad-layout-key=\"-6t+ed+2i-1n-4w\"\r\n     data-ad-client=\"ca-pub-1959107119989764\"\r\n     data-ad-slot=\"4008251320\"><\/ins>\r\n<script>\r\n     (adsbygoogle = window.adsbygoogle || []).push({});\r\n<\/script><\/div>\n    Theresa May korm\u00e1nyf\u0151 2017. m\u00e1rcius 29-\u00e9n jelentette be a Lisszaboni Szerz\u0151d\u00e9s 50. cikkely\u00e9nek aktiv\u00e1l\u00e1s\u00e1t. A cikkely szab\u00e1lyozza a kil\u00e9p\u00e9si folyamatot, amelyre alapesetben &#8211; ha a felek kor\u00e1bbi d\u00e1tumban nem \u00e1llapodnak meg &#8211; k\u00e9t\u00e9vi id\u0151t\u00e1vlatot biztos\u00edt. Ennek alapj\u00e1n a hat\u00e1rid\u0151 id\u00e9n m\u00e1rcius 29-\u00e9n lej\u00e1r, \u00e9s a jelenlegi t\u00f6rv\u00e9nyi helyzet alapj\u00e1n aznap a brit EU-tags\u00e1g automatikusan megsz\u0171nik, ak\u00e1r siker\u00fcl err\u0151l meg\u00e1llapod\u00e1st k\u00f6tni, ak\u00e1r nem.<br \/>\n    A hat\u00e1rid\u0151 meghosszabb\u00edt\u00e1s\u00e1ra az 50. cikkely lehet\u0151s\u00e9g ad, de ehhez az EU-ban marad\u00f3 27 orsz\u00e1g egyhang\u00fa hozz\u00e1j\u00e1rul\u00e1sa sz\u00fcks\u00e9ges.<br \/>\n    A hosszabb\u00edt\u00e1si k\u00e9r\u00e9st a 27-ek v\u00e1rhat\u00f3an a j\u00f6v\u0151 heti EU-cs\u00facs\u00e9rtekezleten vitatj\u00e1k meg.(MTI)<\/p>\n","protected":false},"excerpt":{"rendered":"<p>Amennyiben az Egyes\u00fclt Kir\u00e1lys\u00e1g az uni\u00f3s tags\u00e1g megsz\u0171n\u00e9se hat\u00e1ridej\u00e9nek elhalaszt\u00e1sa mellett hat\u00e1roz, az Eur\u00f3pai Uni\u00f3 Szerz\u0151d\u00e9se 50. cikkely\u00e9nek \u00e9rtelm\u00e9ben az uni\u00f3ban marad\u00f3 mind a 27 tag\u00e1llam egybehangz\u00f3 hozz\u00e1j\u00e1rul\u00e1sa sz\u00fcks\u00e9ges ehhez &#8211; jelentette ki egy neve elhallgat\u00e1s\u00e1t k\u00e9r\u0151 uni\u00f3s sz\u00f3viv\u0151 cs\u00fct\u00f6rt\u00f6k\u00f6n.<\/p>\n","protected":false},"author":1001003,"featured_media":0,"comment_status":"closed","ping_status":"open","sticky":false,"template":"","format":"standard","meta":[],"categories":[12],"tags":[],"_links":{"self":[{"href":"https:\/\/gazdasagportal.hu\/index.php\/wp-json\/wp\/v2\/posts\/114416"}],"collection":[{"href":"https:\/\/gazdasagportal.hu\/index.php\/wp-json\/wp\/v2\/posts"}],"about":[{"href":"https:\/\/gazdasagportal.hu\/index.php\/wp-json\/wp\/v2\/types\/post"}],"author":[{"embeddable":true,"href":"https:\/\/gazdasagportal.hu\/index.php\/wp-json\/wp\/v2\/users\/1001003"}],"replies":[{"embeddable":true,"href":"https:\/\/gazdasagportal.hu\/index.php\/wp-json\/wp\/v2\/comments?post=114416"}],"version-history":[{"count":1,"href":"https:\/\/gazdasagportal.hu\/index.php\/wp-json\/wp\/v2\/posts\/114416\/revisions"}],"predecessor-version":[{"id":114417,"href":"https:\/\/gazdasagportal.hu\/index.php\/wp-json\/wp\/v2\/posts\/114416\/revisions\/114417"}],"wp:attachment":[{"href":"https:\/\/gazdasagportal.hu\/index.php\/wp-json\/wp\/v2\/media?parent=114416"}],"wp:term":[{"taxonomy":"category","embeddable":true,"href":"https:\/\/gazdasagportal.hu\/index.php\/wp-json\/wp\/v2\/categories?post=114416"},{"taxonomy":"post_tag","embeddable":true,"href":"https:\/\/gazdasagportal.hu\/index.php\/wp-json\/wp\/v2\/tags?post=114416"}],"curies":[{"name":"wp","href":"https:\/\/api.w.org\/{rel}","templated":true}]}}