{"id":114414,"date":"2019-03-14T17:03:00","date_gmt":"2019-03-14T16:03:00","guid":{"rendered":"http:\/\/gazdasagportal.hu\/?p=114414"},"modified":"2019-03-14T15:57:01","modified_gmt":"2019-03-14T14:57:01","slug":"jelentosen-rontotta-gazdasagnovekedesi-elorejelzeset-az-egyik-vezeto-nemet-kutatointezet","status":"publish","type":"post","link":"https:\/\/gazdasagportal.hu\/index.php\/jelentosen-rontotta-gazdasagnovekedesi-elorejelzeset-az-egyik-vezeto-nemet-kutatointezet\/","title":{"rendered":"Jelent\u0151sen rontotta gazdas\u00e1gn\u00f6veked\u00e9si el\u0151rejelz\u00e9s\u00e9t az egyik vezet\u0151 n\u00e9met kutat\u00f3int\u00e9zet"},"content":{"rendered":"<p><strong>Jelent\u0151sen rontotta a n\u00e9met gazdas\u00e1g n\u00f6veked\u00e9s\u00e9re adott el\u0151rejelz\u00e9s\u00e9t az egyik vezet\u0151 n\u00e9met gazdas\u00e1gkutat\u00f3 int\u00e9zet, a m\u00fcncheni ifo cs\u00fct\u00f6rt\u00f6k\u00f6n bemutatott progn\u00f3zisa szerint az Eur\u00f3pai Uni\u00f3 legnagyobb gazdas\u00e1ga a kor\u00e1bban v\u00e1rt 1,1 sz\u00e1zal\u00e9k helyett csup\u00e1n 0,6 sz\u00e1zal\u00e9kkal n\u00f6vekedhet az id\u00e9n.<\/strong><!--more--><\/p>\n<div class=\"ads-in-post1\"><div id=\"gazdasagportal.hu_fullbanner_wideboard\"><\/div>\r\n<\/div>\n<p>    A n\u00e9met gazdas\u00e1g lejtmenetben c\u00edm\u0171 elemz\u00e9s\u00fckben kiemelt\u00e9k: tavaly ny\u00e1ron &#8211; a harmadik negyed\u00e9vben, amikor N\u00e9metorsz\u00e1g hazai \u00f6sszterm\u00e9ke (GDP) 0,2 cs\u00f6kkent az el\u0151z\u0151 h\u00e1rom h\u00f3naphoz k\u00e9pest &#8211; m\u00e9g \u00fagy t\u0171nt, hogy csak \u00e1tmenetileg bicsaklik meg a n\u00e9met gazdas\u00e1g t\u00f6rt\u00e9net\u00e9nek egyik leghosszabb &#8211; 2010-ben kezd\u0151d\u00f6tt &#8211; fellend\u00fcl\u00e9se.<br \/>\n    Akkor legf\u0151k\u00e9ppen egyszeri t\u00e9nyez\u0151k, a folyami \u00e1rusz\u00e1ll\u00edt\u00e1st szinte megb\u00e9n\u00edt\u00f3 asz\u00e1ly \u00e9s az \u00fczemanyag-fogyaszt\u00e1si \u00e9s k\u00e1rosanyag-kibocs\u00e1t\u00e1si \u00e9rt\u00e9kek meg\u00e1llap\u00edt\u00e1s\u00e1ra szolg\u00e1l\u00f3 \u00faj nemzetk\u00f6zi szabv\u00e1ny (WLTP) k\u00f6r\u00fcli aut\u00f3ipari gondok vetett\u00e9k vissza a n\u00f6veked\u00e9st, az\u00f3ta viszont leh\u0171lt a vil\u00e1ggazdas\u00e1gi konjunkt\u00fara.<br \/>\n    Az Egyes\u00fclt \u00c1llamok \u00e9s az Eur\u00f3pai Uni\u00f3, illetve K\u00edna k\u00f6z\u00f6tt kereskedelmpolitikai fesz\u00fclts\u00e9gek \u00e9s konfliktusok, a brit EU-tags\u00e1g megsz\u00fcntet\u00e9se (Brexit) \u00e9s az \u00faj olasz korm\u00e1ny gazdas\u00e1gpolitik\u00e1ja mind-mind &#8222;m\u00e9ly nyomokat hagyott a legfontosabb n\u00e9met piacokon&#8221;, ami neh\u00e9z helyzetbe hozza az exportra termel\u0151 ipart.<br \/>\n<div class=\"ads-in-post2\"><script async src=\"https:\/\/pagead2.googlesyndication.com\/pagead\/js\/adsbygoogle.js\"><\/script>\r\n<ins class=\"adsbygoogle\"\r\n     style=\"display:block\"\r\n     data-ad-format=\"fluid\"\r\n     data-ad-layout-key=\"-6t+ed+2i-1n-4w\"\r\n     data-ad-client=\"ca-pub-1959107119989764\"\r\n     data-ad-slot=\"4008251320\"><\/ins>\r\n<script>\r\n     (adsbygoogle = window.adsbygoogle || []).push({});\r\n<\/script><\/div>\n    A n\u00e9met term\u00e9kek ir\u00e1nti kereslet vil\u00e1gszerte gyenge, \u00edgy az id\u00e9n az ipar kiesik a konjunkt\u00fara motorjai k\u00f6z\u00fcl. Azonban a belgazdas\u00e1gi meghajt\u00f3er\u0151k tov\u00e1bbra is \u00e9rv\u00e9nyes\u00fclnek, a fogyaszt\u00e1s \u00e9s az \u00e9p\u00edt\u0151ipar az id\u00e9n is \u00e9l\u00e9nk lesz &#8211; \u00e1ll az ifo elemz\u00e9s\u00e9ben, amely szerint a foglalkoztatotts\u00e1g tov\u00e1bb n\u0151, ami a jelent\u0151s b\u00e9remel\u00e9sekkel, az alacsony infl\u00e1ci\u00f3val, az ad\u00f3- \u00e9s j\u00e1rul\u00e9kcs\u00f6kkent\u00e9sekkel \u00e9s az \u00e1llami t\u00e1mogat\u00e1sok n\u00f6veked\u00e9s\u00e9vel egy\u00fctt &#8222;kiad\u00f3s&#8221; re\u00e1lj\u00f6vedelem-emelked\u00e9st eredm\u00e9nyez a h\u00e1ztart\u00e1sokn\u00e1l.<br \/>\n    \u00cdgy a n\u00e9met gazdas\u00e1g n\u00f6veked\u00e9se v\u00e1rhat\u00f3an az id\u00e9n sem \u00e1ll le, az egym\u00e1st k\u00f6vet\u0151 tizedik \u00e9vben is kitart, de m\u00e9rt\u00e9ke mind\u00f6ssze 0,6 sz\u00e1zal\u00e9k lehet, ami alig a fele az el\u0151z\u0151, tavaly \u0151szi progn\u00f3zisban szerepl\u0151 1,1 sz\u00e1zal\u00e9knak.<br \/>\n    Bor\u00fal\u00e1t\u00f3an \u00edt\u00e9li meg az idei n\u00f6veked\u00e9si kil\u00e1t\u00e1sokat a sz\u00f6vets\u00e9gi korm\u00e1ny is, amely janu\u00e1rban a kor\u00e1bban v\u00e1rt 1,8 sz\u00e1zal\u00e9kr\u00f3l 1 sz\u00e1zal\u00e9kra m\u00f3dos\u00edtotta hivatalos el\u0151rejelz\u00e9s\u00e9t, \u00e9s a Handelsblatt c\u00edm\u0171 \u00fczleti lap \u00e9rtes\u00fcl\u00e9se szerint m\u00e1r csak 0,8 sz\u00e1zal\u00e9kos GDP-n\u00f6veked\u00e9ssel sz\u00e1mol, egyel\u0151re nem hivatalosan.<br \/>\n    A n\u00e9met GDP tavaly 1,5 sz\u00e1zal\u00e9kkal n\u0151tt. A megel\u0151z\u0151 k\u00e9t \u00e9vben, 2016-ban \u00e9s 2017-ben m\u00e9g rendre 2,2 sz\u00e1zal\u00e9kkal b\u0151v\u00fclt a n\u00e9met gazdas\u00e1g.(MTI)<\/p>\n","protected":false},"excerpt":{"rendered":"<p>Jelent\u0151sen rontotta a n\u00e9met gazdas\u00e1g n\u00f6veked\u00e9s\u00e9re adott el\u0151rejelz\u00e9s\u00e9t az egyik vezet\u0151 n\u00e9met gazdas\u00e1gkutat\u00f3 int\u00e9zet, a m\u00fcncheni ifo cs\u00fct\u00f6rt\u00f6k\u00f6n bemutatott progn\u00f3zisa szerint az Eur\u00f3pai Uni\u00f3 legnagyobb gazdas\u00e1ga a kor\u00e1bban v\u00e1rt 1,1 sz\u00e1zal\u00e9k helyett csup\u00e1n 0,6 sz\u00e1zal\u00e9kkal n\u00f6vekedhet az id\u00e9n.<\/p>\n","protected":false},"author":1,"featured_media":0,"comment_status":"closed","ping_status":"open","sticky":false,"template":"","format":"standard","meta":[],"categories":[12,246],"tags":[],"_links":{"self":[{"href":"https:\/\/gazdasagportal.hu\/index.php\/wp-json\/wp\/v2\/posts\/114414"}],"collection":[{"href":"https:\/\/gazdasagportal.hu\/index.php\/wp-json\/wp\/v2\/posts"}],"about":[{"href":"https:\/\/gazdasagportal.hu\/index.php\/wp-json\/wp\/v2\/types\/post"}],"author":[{"embeddable":true,"href":"https:\/\/gazdasagportal.hu\/index.php\/wp-json\/wp\/v2\/users\/1"}],"replies":[{"embeddable":true,"href":"https:\/\/gazdasagportal.hu\/index.php\/wp-json\/wp\/v2\/comments?post=114414"}],"version-history":[{"count":1,"href":"https:\/\/gazdasagportal.hu\/index.php\/wp-json\/wp\/v2\/posts\/114414\/revisions"}],"predecessor-version":[{"id":114415,"href":"https:\/\/gazdasagportal.hu\/index.php\/wp-json\/wp\/v2\/posts\/114414\/revisions\/114415"}],"wp:attachment":[{"href":"https:\/\/gazdasagportal.hu\/index.php\/wp-json\/wp\/v2\/media?parent=114414"}],"wp:term":[{"taxonomy":"category","embeddable":true,"href":"https:\/\/gazdasagportal.hu\/index.php\/wp-json\/wp\/v2\/categories?post=114414"},{"taxonomy":"post_tag","embeddable":true,"href":"https:\/\/gazdasagportal.hu\/index.php\/wp-json\/wp\/v2\/tags?post=114414"}],"curies":[{"name":"wp","href":"https:\/\/api.w.org\/{rel}","templated":true}]}}