{"id":114410,"date":"2019-03-14T15:19:50","date_gmt":"2019-03-14T14:19:50","guid":{"rendered":"http:\/\/gazdasagportal.hu\/?p=114410"},"modified":"2019-03-14T15:19:50","modified_gmt":"2019-03-14T14:19:50","slug":"uj-vezerigazgato-a-4ig-elen-2","status":"publish","type":"post","link":"https:\/\/gazdasagportal.hu\/index.php\/uj-vezerigazgato-a-4ig-elen-2\/","title":{"rendered":"\u00daj vez\u00e9rigazgat\u00f3 a 4iG \u00e9l\u00e9n"},"content":{"rendered":"<p><strong>A 4iG Nyrt. igazgat\u00f3s\u00e1g\u00e1nak eln\u00f6ke, J\u00e1szai Gell\u00e9rt lesz a c\u00e9g \u00faj vez\u00e9rigazgat\u00f3ja m\u00e1rcius 18-i hat\u00e1llyal.<\/strong><!--more--><\/p>\n<div class=\"ads-in-post1\"><div id=\"gazdasagportal.hu_fullbanner_wideboard\"><\/div>\r\n<\/div>\n<p>    A Budapesti \u00c9rt\u00e9kt\u0151zsde (B\u00c9T) honlapj\u00e1n cs\u00fct\u00f6rt\u00f6k\u00f6n k\u00f6zz\u00e9tett  t\u00e1j\u00e9koztat\u00e1s szerint az eddigi vez\u00e9rigazgat\u00f3, Zibriczki B\u00e9la k\u00f6z\u00f6s megegyez\u00e9ssel t\u00e1vozik posztj\u00e1r\u00f3l, munk\u00e1j\u00e1ra azonban tov\u00e1bbra is sz\u00e1m\u00edtanak, \u00e9s igazgat\u00f3s\u00e1gi tiszts\u00e9ge is megmarad.<br \/>\n<div class=\"ads-in-post2\"><script async src=\"https:\/\/pagead2.googlesyndication.com\/pagead\/js\/adsbygoogle.js\"><\/script>\r\n<ins class=\"adsbygoogle\"\r\n     style=\"display:block\"\r\n     data-ad-format=\"fluid\"\r\n     data-ad-layout-key=\"-6t+ed+2i-1n-4w\"\r\n     data-ad-client=\"ca-pub-1959107119989764\"\r\n     data-ad-slot=\"4008251320\"><\/ins>\r\n<script>\r\n     (adsbygoogle = window.adsbygoogle || []).push({});\r\n<\/script><\/div>\n    Az igazgat\u00f3s\u00e1g m\u00e1sik tagja, Het\u00e9nyi M\u00e1rk m\u00e1rcius 13-i hat\u00e1llyal t\u00e1vozott a test\u00fcletb\u0151l. Ut\u00f3dj\u00e1t az \u00e9ves k\u00f6zgy\u0171l\u00e9sen v\u00e1lasztj\u00e1k meg, a test\u00fclet addig 4 taggal m\u0171k\u00f6dik &#8211; olvashat\u00f3 a k\u00f6zlem\u00e9nyben.(MTI)<\/p>\n","protected":false},"excerpt":{"rendered":"<p>A 4iG Nyrt. igazgat\u00f3s\u00e1g\u00e1nak eln\u00f6ke, J\u00e1szai Gell\u00e9rt lesz a c\u00e9g \u00faj vez\u00e9rigazgat\u00f3ja m\u00e1rcius 18-i hat\u00e1llyal.<\/p>\n","protected":false},"author":1,"featured_media":0,"comment_status":"closed","ping_status":"open","sticky":false,"template":"","format":"standard","meta":[],"categories":[19,7],"tags":[],"_links":{"self":[{"href":"https:\/\/gazdasagportal.hu\/index.php\/wp-json\/wp\/v2\/posts\/114410"}],"collection":[{"href":"https:\/\/gazdasagportal.hu\/index.php\/wp-json\/wp\/v2\/posts"}],"about":[{"href":"https:\/\/gazdasagportal.hu\/index.php\/wp-json\/wp\/v2\/types\/post"}],"author":[{"embeddable":true,"href":"https:\/\/gazdasagportal.hu\/index.php\/wp-json\/wp\/v2\/users\/1"}],"replies":[{"embeddable":true,"href":"https:\/\/gazdasagportal.hu\/index.php\/wp-json\/wp\/v2\/comments?post=114410"}],"version-history":[{"count":1,"href":"https:\/\/gazdasagportal.hu\/index.php\/wp-json\/wp\/v2\/posts\/114410\/revisions"}],"predecessor-version":[{"id":114411,"href":"https:\/\/gazdasagportal.hu\/index.php\/wp-json\/wp\/v2\/posts\/114410\/revisions\/114411"}],"wp:attachment":[{"href":"https:\/\/gazdasagportal.hu\/index.php\/wp-json\/wp\/v2\/media?parent=114410"}],"wp:term":[{"taxonomy":"category","embeddable":true,"href":"https:\/\/gazdasagportal.hu\/index.php\/wp-json\/wp\/v2\/categories?post=114410"},{"taxonomy":"post_tag","embeddable":true,"href":"https:\/\/gazdasagportal.hu\/index.php\/wp-json\/wp\/v2\/tags?post=114410"}],"curies":[{"name":"wp","href":"https:\/\/api.w.org\/{rel}","templated":true}]}}