{"id":114406,"date":"2019-03-14T13:37:10","date_gmt":"2019-03-14T12:37:10","guid":{"rendered":"http:\/\/gazdasagportal.hu\/?p=114406"},"modified":"2019-03-14T13:37:10","modified_gmt":"2019-03-14T12:37:10","slug":"teve-es-radiohirdetesekben-is-nepszerusiti-a-csaladvedelmi-akciot-a-kormany","status":"publish","type":"post","link":"https:\/\/gazdasagportal.hu\/index.php\/teve-es-radiohirdetesekben-is-nepszerusiti-a-csaladvedelmi-akciot-a-kormany\/","title":{"rendered":"T\u00e9v\u00e9- \u00e9s r\u00e1di\u00f3hirdet\u00e9sekben is n\u00e9pszer\u0171s\u00edti a csal\u00e1dv\u00e9delmi akci\u00f3t a korm\u00e1ny"},"content":{"rendered":"<p><strong>T\u00e9v\u00e9- \u00e9s r\u00e1di\u00f3hirdet\u00e9sekben is n\u00e9pszer\u0171s\u00edti a csal\u00e1dv\u00e9delmi akci\u00f3t a korm\u00e1ny szombatt\u00f3l &#8211; k\u00f6z\u00f6lte a Minisztereln\u00f6ki Kabinetiroda parlamenti \u00e1llamtitk\u00e1ra cs\u00fct\u00f6rt\u00f6k\u00f6n az MTI-vel.<\/strong><!--more--><\/p>\n<div class=\"ads-in-post1\"><div id=\"gazdasagportal.hu_fullbanner_wideboard\"><\/div>\r\n<\/div>\n<p>    D\u00f6m\u00f6t\u00f6r Csaba felid\u00e9zte, a korm\u00e1ny arr\u00f3l d\u00f6nt\u00f6tt, hogy a j\u00f6v\u0151ben babav\u00e1r\u00f3 t\u00e1mogat\u00e1st kapnak a fiatal h\u00e1zasok, tov\u00e1bb b\u0151v\u00fcl az otthonteremt\u00e9si program \u00e9s elindul a nagysz\u00fcl\u0151i gyed is.<br \/>\n    Emellett folytat\u00f3dnak a b\u00f6lcs\u0151de\u00e9p\u00edt\u00e9sek, hitelelenged\u00e9s j\u00e1rhat gyermekek sz\u00fclet\u00e9se eset\u00e9n, \u00e9s aut\u00f3v\u00e1s\u00e1rl\u00e1si t\u00e1mogat\u00e1st kapnak a nagycsal\u00e1dosok.<br \/>\n<div class=\"ads-in-post2\"><script async src=\"https:\/\/pagead2.googlesyndication.com\/pagead\/js\/adsbygoogle.js\"><\/script>\r\n<ins class=\"adsbygoogle\"\r\n     style=\"display:block\"\r\n     data-ad-format=\"fluid\"\r\n     data-ad-layout-key=\"-6t+ed+2i-1n-4w\"\r\n     data-ad-client=\"ca-pub-1959107119989764\"\r\n     data-ad-slot=\"4008251320\"><\/ins>\r\n<script>\r\n     (adsbygoogle = window.adsbygoogle || []).push({});\r\n<\/script><\/div>\n    Ezek az int\u00e9zked\u00e9sek t\u00f6bb sz\u00e1zezer magyar csal\u00e1dnak jelentenek seg\u00edts\u00e9get a mindennapokban, ez\u00e9rt fontosnak tartj\u00e1k, hogy min\u00e9l t\u00f6bben \u00e9rtes\u00fcljenek az \u00fajabb lehet\u0151s\u00e9gekr\u0151l &#8211; mondta az \u00e1llamtitk\u00e1r.<br \/>\n    Hozz\u00e1tette, a d\u00f6nt\u00e9sek a korm\u00e1ny f\u0151 alapelv\u00e9t is t\u00fckr\u00f6zik, miszerint bev\u00e1ndorl\u00e1s helyett a gyermeket nevel\u0151 csal\u00e1dok c\u00e9lzott t\u00e1mogat\u00e1s\u00e1ra van sz\u00fcks\u00e9g.(MTI)<\/p>\n","protected":false},"excerpt":{"rendered":"<p>T\u00e9v\u00e9- \u00e9s r\u00e1di\u00f3hirdet\u00e9sekben is n\u00e9pszer\u0171s\u00edti a csal\u00e1dv\u00e9delmi akci\u00f3t a korm\u00e1ny szombatt\u00f3l &#8211; k\u00f6z\u00f6lte a Minisztereln\u00f6ki Kabinetiroda parlamenti \u00e1llamtitk\u00e1ra cs\u00fct\u00f6rt\u00f6k\u00f6n az MTI-vel.<\/p>\n","protected":false},"author":1,"featured_media":0,"comment_status":"closed","ping_status":"open","sticky":false,"template":"","format":"standard","meta":[],"categories":[4,19],"tags":[],"_links":{"self":[{"href":"https:\/\/gazdasagportal.hu\/index.php\/wp-json\/wp\/v2\/posts\/114406"}],"collection":[{"href":"https:\/\/gazdasagportal.hu\/index.php\/wp-json\/wp\/v2\/posts"}],"about":[{"href":"https:\/\/gazdasagportal.hu\/index.php\/wp-json\/wp\/v2\/types\/post"}],"author":[{"embeddable":true,"href":"https:\/\/gazdasagportal.hu\/index.php\/wp-json\/wp\/v2\/users\/1"}],"replies":[{"embeddable":true,"href":"https:\/\/gazdasagportal.hu\/index.php\/wp-json\/wp\/v2\/comments?post=114406"}],"version-history":[{"count":1,"href":"https:\/\/gazdasagportal.hu\/index.php\/wp-json\/wp\/v2\/posts\/114406\/revisions"}],"predecessor-version":[{"id":114407,"href":"https:\/\/gazdasagportal.hu\/index.php\/wp-json\/wp\/v2\/posts\/114406\/revisions\/114407"}],"wp:attachment":[{"href":"https:\/\/gazdasagportal.hu\/index.php\/wp-json\/wp\/v2\/media?parent=114406"}],"wp:term":[{"taxonomy":"category","embeddable":true,"href":"https:\/\/gazdasagportal.hu\/index.php\/wp-json\/wp\/v2\/categories?post=114406"},{"taxonomy":"post_tag","embeddable":true,"href":"https:\/\/gazdasagportal.hu\/index.php\/wp-json\/wp\/v2\/tags?post=114406"}],"curies":[{"name":"wp","href":"https:\/\/api.w.org\/{rel}","templated":true}]}}