{"id":114404,"date":"2019-03-14T12:07:38","date_gmt":"2019-03-14T11:07:38","guid":{"rendered":"http:\/\/gazdasagportal.hu\/?p=114404"},"modified":"2019-03-14T12:07:38","modified_gmt":"2019-03-14T11:07:38","slug":"kozszolgalati-sztrajk-7500-koztisztviselo-sztrajkol-orszagszerte","status":"publish","type":"post","link":"https:\/\/gazdasagportal.hu\/index.php\/kozszolgalati-sztrajk-7500-koztisztviselo-sztrajkol-orszagszerte\/","title":{"rendered":"K\u00f6zszolg\u00e1lati sztr\u00e1jk &#8211; 7500 k\u00f6ztisztvisel\u0151 sztr\u00e1jkol orsz\u00e1gszerte"},"content":{"rendered":"<p><strong>Orsz\u00e1gszerte 7500 k\u00f6ztisztvisel\u0151 vesz r\u00e9szt a Magyar K\u00f6ztisztvisel\u0151k, K\u00f6zalkalmazottak \u00e9s K\u00f6zszolg\u00e1lati Dolgoz\u00f3k Szakszervezete (MKKSZ) \u00e1ltal meghirdetett cs\u00fct\u00f6rt\u00f6ki sztr\u00e1jkban &#8211; k\u00f6z\u00f6lte az \u00e9rdekk\u00e9pviselet eln\u00f6ke, a f\u0151v\u00e1ros XV. ker\u00fclet\u00e9nek \u00f6nkorm\u00e1nyzat\u00e1n\u00e1l elind\u00edtva a munkabesz\u00fcntet\u00e9st.<\/strong><!--more--><\/p>\n<div class=\"ads-in-post1\"><div id=\"gazdasagportal.hu_fullbanner_wideboard\"><\/div>\r\n<\/div>\n<p>    Boros P\u00e9tern\u00e9 az \u00f6nkorm\u00e1nyzati hivatal appar\u00e1tusi \u00e9rtekezlet\u00e9n kiemelte: egy t\u00e1rsadalom m\u0171k\u00f6d\u00e9s\u00e9nek fontos eleme, ha az orsz\u00e1g hajt\u00f3erej\u00e9t jelent\u0151 dolgoz\u00f3k \u00e9lnek demokratikus jogaikkal. Hozz\u00e1tette: fel k\u00edv\u00e1nj\u00e1k h\u00edvni a korm\u00e1nyzat figyelm\u00e9t arra a tarthatatlan helyzetre, hogy 11 \u00e9ve nem emelkedett a k\u00f6ztisztvisel\u0151i illetm\u00e9nyalap.<br \/>\n    A szakszervezeti vezet\u0151 eml\u00e9keztetett: az elm\u00falt id\u0151szakban \u00e1llami forr\u00e1sb\u00f3l nem, csak a gazdagabb, vagyis nagyobb ad\u00f3bev\u00e9tellel rendelkez\u0151 \u00f6nkorm\u00e1nyzatok \u00e1ltal a szolidarit\u00e1si alapba befizetett forr\u00e1sok nyom\u00e1n emelkedhetett a k\u00f6ztisztvisel\u0151k j\u00f6vedelme. &#8222;M\u00e1ra eljutottunk oda, hogy az \u00f6nkorm\u00e1nyzatok egym\u00e1st finansz\u00edrozz\u00e1k&#8221; &#8211; figyelmeztetett Boros P\u00e9tern\u00e9, hozz\u00e1f\u0171zve: ezen a helyzeten csak a munkav\u00e1llal\u00f3k szervezett fell\u00e9p\u00e9se, vagyis a szakszervezeti \u00f6sszefog\u00e1s v\u00e1ltoztathat.<br \/>\n    Kord\u00e1s L\u00e1szl\u00f3, a Magyar Szakszervezeti Sz\u00f6vets\u00e9g eln\u00f6ke az \u00e9rtekezleten azt hangs\u00falyozta, hogy \u00f6ssze kell fogniuk a k\u00f6zszf\u00e9r\u00e1ban \u00e9s a versenyszf\u00e9r\u00e1ban m\u0171k\u00f6d\u0151 szakszervezeteknek, mert ha nem \u00edgy tesznek, &#8222;leszal\u00e1mizz\u00e1k&#8221; a munkav\u00e1llal\u00f3kat.<br \/>\n<div class=\"ads-in-post2\"><script async src=\"https:\/\/pagead2.googlesyndication.com\/pagead\/js\/adsbygoogle.js\"><\/script>\r\n<ins class=\"adsbygoogle\"\r\n     style=\"display:block\"\r\n     data-ad-format=\"fluid\"\r\n     data-ad-layout-key=\"-6t+ed+2i-1n-4w\"\r\n     data-ad-client=\"ca-pub-1959107119989764\"\r\n     data-ad-slot=\"4008251320\"><\/ins>\r\n<script>\r\n     (adsbygoogle = window.adsbygoogle || []).push({});\r\n<\/script><\/div>\n    \u00dagy v\u00e9lte, hogy Nyugat-Eur\u00f3p\u00e1ban a szakszervezeti k\u00fczdelem, az \u00e9rdekkonfliktusok felv\u00e1llal\u00e1sa vezetett a j\u00f3l\u00e9thez. Nincs az a j\u00f3s\u00e1gos tulajdonos vagy korm\u00e1ny, amelyik mag\u00e1t\u00f3l pluszjogokat biztos\u00edt a munkav\u00e1llal\u00f3knak &#8211; fogalmazott.<br \/>\n    Mint mondta, a munkav\u00e1llal\u00f3knak \u00e9s a szakszervezeteknek Magyarorsz\u00e1gon is eleg\u00fck lett a folyamatos h\u00e1tr\u00e1l\u00e1sb\u00f3l, m\u00e1ra elmentek a falig, \u00e9s ennek nyom\u00e1n bontakoztak ki az elm\u00falt id\u0151szakban az utcai megmozdul\u00e1sok \u00e9s a munkahelyi sztr\u00e1jkok. Tov\u00e1bb\u00e1 megjelent egy \u00faj eszk\u00f6z, a szolidarit\u00e1si sztr\u00e1jk is, ami \u00faj szakaszt jelent a munkav\u00e1llal\u00f3i jogok \u00e9rv\u00e9nyes\u00edt\u00e9s\u00e9\u00e9rt foly\u00f3 k\u00f6zdelemben &#8211; mondta Kord\u00e1s L\u00e1szl\u00f3.<br \/>\n    Az \u00e9rtekezleten Lamperth M\u00f3nika, a XV. ker\u00fcleti \u00f6nkorm\u00e1nyzat jegyz\u0151je ismertetette, hogy a munk\u00e1ltat\u00f3 \u00e9s a tisztvisel\u0151k meg\u00e1llapod\u00e1sa alapj\u00e1n a halaszthatatlan \u00fcgyeket &#8211; mint p\u00e9ld\u00e1ul hal\u00e1leset bejelent\u00e9se, el\u0151re egyeztetett h\u00e1zass\u00e1gk\u00f6t\u00e9s \u00e9s helysz\u00edni szemle, v\u00e1ratlan telep\u00fcl\u00e9s\u00fczemeltet\u00e9si feladat &#8211; a sztr\u00e1jk idej\u00e9n is int\u00e9zik.(MTI)<\/p>\n","protected":false},"excerpt":{"rendered":"<p>Orsz\u00e1gszerte 7500 k\u00f6ztisztvisel\u0151 vesz r\u00e9szt a Magyar K\u00f6ztisztvisel\u0151k, K\u00f6zalkalmazottak \u00e9s K\u00f6zszolg\u00e1lati Dolgoz\u00f3k Szakszervezete (MKKSZ) \u00e1ltal meghirdetett cs\u00fct\u00f6rt\u00f6ki sztr\u00e1jkban &#8211; k\u00f6z\u00f6lte az \u00e9rdekk\u00e9pviselet eln\u00f6ke, a f\u0151v\u00e1ros XV. ker\u00fclet\u00e9nek \u00f6nkorm\u00e1nyzat\u00e1n\u00e1l elind\u00edtva a munkabesz\u00fcntet\u00e9st.<\/p>\n","protected":false},"author":1,"featured_media":0,"comment_status":"closed","ping_status":"open","sticky":false,"template":"","format":"standard","meta":[],"categories":[4,19],"tags":[],"_links":{"self":[{"href":"https:\/\/gazdasagportal.hu\/index.php\/wp-json\/wp\/v2\/posts\/114404"}],"collection":[{"href":"https:\/\/gazdasagportal.hu\/index.php\/wp-json\/wp\/v2\/posts"}],"about":[{"href":"https:\/\/gazdasagportal.hu\/index.php\/wp-json\/wp\/v2\/types\/post"}],"author":[{"embeddable":true,"href":"https:\/\/gazdasagportal.hu\/index.php\/wp-json\/wp\/v2\/users\/1"}],"replies":[{"embeddable":true,"href":"https:\/\/gazdasagportal.hu\/index.php\/wp-json\/wp\/v2\/comments?post=114404"}],"version-history":[{"count":1,"href":"https:\/\/gazdasagportal.hu\/index.php\/wp-json\/wp\/v2\/posts\/114404\/revisions"}],"predecessor-version":[{"id":114405,"href":"https:\/\/gazdasagportal.hu\/index.php\/wp-json\/wp\/v2\/posts\/114404\/revisions\/114405"}],"wp:attachment":[{"href":"https:\/\/gazdasagportal.hu\/index.php\/wp-json\/wp\/v2\/media?parent=114404"}],"wp:term":[{"taxonomy":"category","embeddable":true,"href":"https:\/\/gazdasagportal.hu\/index.php\/wp-json\/wp\/v2\/categories?post=114404"},{"taxonomy":"post_tag","embeddable":true,"href":"https:\/\/gazdasagportal.hu\/index.php\/wp-json\/wp\/v2\/tags?post=114404"}],"curies":[{"name":"wp","href":"https:\/\/api.w.org\/{rel}","templated":true}]}}