{"id":114380,"date":"2019-03-13T13:16:25","date_gmt":"2019-03-13T12:16:25","guid":{"rendered":"http:\/\/gazdasagportal.hu\/?p=114380"},"modified":"2019-03-13T13:16:25","modified_gmt":"2019-03-13T12:16:25","slug":"brexit-barnier-nott-a-megallapodas-nelkuli-kilepes-valoszinusege","status":"publish","type":"post","link":"https:\/\/gazdasagportal.hu\/index.php\/brexit-barnier-nott-a-megallapodas-nelkuli-kilepes-valoszinusege\/","title":{"rendered":"Brexit &#8211; Barnier: n\u0151tt a meg\u00e1llapod\u00e1s n\u00e9lk\u00fcli kil\u00e9p\u00e9s val\u00f3sz\u00edn\u0171s\u00e9ge"},"content":{"rendered":"<p><strong>Az Eur\u00f3pai Uni\u00f3nak fel kell k\u00e9sz\u00fclnie Nagy-Britannia uni\u00f3s tags\u00e1g\u00e1nak meg\u00e1llapod\u00e1s n\u00e9lk\u00fcli megsz\u0171n\u00e9s\u00e9re, amely kor\u00e1bban m\u00e9g sosem ker\u00fclt ennyire val\u00f3sz\u00edn\u0171 k\u00f6zels\u00e9gbe, mint most &#8211; jelentette ki Michel Barnier uni\u00f3s Brexit-\u00fcgyi f\u0151t\u00e1rgyal\u00f3 Strasbourgban, az Eur\u00f3pai Parlament plen\u00e1ris \u00fcl\u00e9s\u00e9nek a brit als\u00f3h\u00e1z Brexittel kapcsolatos el\u0151z\u0151 napi d\u00f6nt\u00e9s\u00e9t \u00e9rt\u00e9kel\u0151 vit\u00e1j\u00e1n szerd\u00e1n.<\/strong><!--more--><\/p>\n<div class=\"ads-in-post1\"><div id=\"gazdasagportal.hu_fullbanner_wideboard\"><\/div>\r\n<\/div>\n<p>    A f\u0151t\u00e1rgyal\u00f3 al\u00e1h\u00fazta, az Eur\u00f3pai Uni\u00f3 nem k\u00edv\u00e1nja a meg\u00e1llapod\u00e1s n\u00e9lk\u00fcli brit uni\u00f3s kiv\u00e1l\u00e1st, ugyanis &#8222;nem ez\u00e9rt dolgozunk&#8221;. Az uni\u00f3 mindig is meg\u00e1llapod\u00e1sra \u00e9s rendezett kil\u00e9p\u00e9sre t\u00f6rekedett, tov\u00e1bbra is k\u00e9sz arra, hogy ebben a helyzetben is a lehet\u0151 legjobb megold\u00e1s sz\u00fclethessen.<br \/>\n    Amennyiben London tov\u00e1bbra is ki akar l\u00e9pni az Eur\u00f3pai Uni\u00f3b\u00f3l, m\u00e9gpedig rendezett m\u00f3don, akkor a jelenlegi, m\u00e1sf\u00e9l \u00e9ven kereszt\u00fcl t\u00e1rgyalt az egyetlen meg\u00e1llapod\u00e1s, amely ehhez most \u00e9s a j\u00f6v\u0151ben is rendelkez\u00e9sre \u00e1ll &#8211; hangs\u00falyozta.<br \/>\n    Lesz\u00f6gezte: az EU c\u00e9lja tov\u00e1bbra is, hogy a jelenlegi rendezetlens\u00e9g okozta bizonytalans\u00e1got cs\u00f6kkentse, \u00e9s legyen id\u0151 arra, hogy lehet\u0151s\u00e9g ny\u00edljon \u00fajabb t\u00e1rgyal\u00e1sra. A tov\u00e1bbi t\u00e1rgyal\u00e1soknak, ahogy eddig is, az \u00e1tl\u00e1that\u00f3s\u00e1gra \u00e9s dial\u00f3gusra kell \u00e9p\u00fclni\u00fck, ugyanis biztos\u00edtani kell a j\u00f6v\u0151beni kapcsolatok bar\u00e1ti, sz\u00f6vets\u00e9ges \u00e9s partneri viszony\u00e1t &#8211; emelte ki.<br \/>\n    &#8222;Mindent megtett\u00fcnk, amit tehett\u00fcnk a brit korm\u00e1ny sz\u00e1m\u00e1ra, hogy a meg\u00e1llapod\u00e1s elfogad\u00e1s\u00e1t az als\u00f3h\u00e1zzal el\u00e9rje. Mindent megtett\u00fcnk az \u00cdr-sziget stabilit\u00e1s\u00e1\u00e9rt, \u00e9s az\u00e9rt, hogy meg\u0151rizz\u00fck a nagyp\u00e9nteki meg\u00e1llapod\u00e1st, valamint az uni\u00f3s bels\u0151 piacot, a gazdas\u00e1gi \u00e9s jogi biztons\u00e1got&#8221; &#8211; fogalmazott.<br \/>\n<div class=\"ads-in-post2\"><script async src=\"https:\/\/pagead2.googlesyndication.com\/pagead\/js\/adsbygoogle.js\"><\/script>\r\n<ins class=\"adsbygoogle\"\r\n     style=\"display:block\"\r\n     data-ad-format=\"fluid\"\r\n     data-ad-layout-key=\"-6t+ed+2i-1n-4w\"\r\n     data-ad-client=\"ca-pub-1959107119989764\"\r\n     data-ad-slot=\"4008251320\"><\/ins>\r\n<script>\r\n     (adsbygoogle = window.adsbygoogle || []).push({});\r\n<\/script><\/div>\n    Kiemelte, a meg\u00e1llapod\u00e1s n\u00e9lk\u00fcli kil\u00e9p\u00e9s okozta bizonytalans\u00e1g, \u00e9s a zs\u00e1kutc\u00e1b\u00f3l val\u00f3 kijut\u00e1s felel\u0151ss\u00e9ge is kiz\u00e1r\u00f3lag az Egyes\u00fclt Kir\u00e1lys\u00e1got terheli, ahogy a megrekedt folyamat jogi, gazdas\u00e1gi, p\u00e9nz\u00fcgyi \u00e9s valamennyi k\u00f6vetkezm\u00e9nye is.<br \/>\n    V\u00e9lem\u00e9nye szerint a brit parlament als\u00f3 h\u00e1z\u00e1nak kedd esti szavaz\u00e1sa &#8222;banaliz\u00e1lta azokat a jogi garanci\u00e1kat&#8221;, amelyekben a t\u00e1rgyal\u00e1sok folyam\u00e1n a felek meg\u00e1llapodtak.<br \/>\n    &#8222;Enn\u00e9l messzebb nem mehet\u00fcnk. A kil\u00e9p\u00e9si t\u00e1rgyal\u00e1sok lez\u00e1rultak. Most Londonnak kell v\u00e1laszt adnia arra, hogy a tov\u00e1bbiakban hogyan k\u00edv\u00e1n elj\u00e1rni a j\u00f6v\u0151beli kapcsolatok ter\u00e9n&#8221; &#8211; fogalmazott.<br \/>\n    Az EU tov\u00e1bbra is tisztelettel tekint az Egyes\u00fclt Kir\u00e1lys\u00e1gra, de egys\u00e9ges marad \u00e9s meg fogja v\u00e9deni \u00e9rt\u00e9keit \u00e9s \u00e9rdekeit &#8211; tette hozz\u00e1 Barnier.<br \/>\n    Frans Timmermans, az Eur\u00f3pai Bizotts\u00e1g els\u0151 aleln\u00f6ke felsz\u00f3lal\u00e1s\u00e1ban hangs\u00falyozta, most a brit parlament als\u00f3h\u00e1z\u00e1nak kell ir\u00e1nyt mutatnia a folyamat j\u00f6v\u0151j\u00e9re vonatkoz\u00f3an, de London \u00e9s az uni\u00f3 k\u00f6z\u00f6s felel\u0151ss\u00e9ge, hogy a lehet\u0151 legkevesebb k\u00e1r \u00e9rje az embereket \u00e9s a gazdas\u00e1got a csatorna mindk\u00e9t oldal\u00e1n.<br \/>\n    &#8222;Tiszteletben kell tartanunk a brit \u00e1llampolg\u00e1rok v\u00e1laszt\u00e1s\u00e1t, de nincs ok arra, hogy az Eur\u00f3pai Uni\u00f3 tov\u00e1bb magyar\u00e1zza a meg\u00e1llapod\u00e1s helyess\u00e9g\u00e9t. Ez\u00e9rt nem l\u00e1tok m\u00e1s megold\u00e1st, mint hogy ezt a meg\u00e1llapod\u00e1st elfelejts\u00fck az \u00f6sszes magyar\u00e1zattal egy\u00fctt&#8221; &#8211; fogalmazott Timmermans.<br \/>\n    A brit parlament kedd este els\u00f6pr\u0151, 149 f\u0151s t\u00f6bbs\u00e9ggel utas\u00edtotta el ism\u00e9t a brit korm\u00e1ny \u00e9s az Eur\u00f3pai Uni\u00f3 k\u00f6z\u00f6tt k\u00f6t\u00f6tt kil\u00e9p\u00e9si meg\u00e1llapod\u00e1st.(MTI)<\/p>\n","protected":false},"excerpt":{"rendered":"<p>Az Eur\u00f3pai Uni\u00f3nak fel kell k\u00e9sz\u00fclnie Nagy-Britannia uni\u00f3s tags\u00e1g\u00e1nak meg\u00e1llapod\u00e1s n\u00e9lk\u00fcli megsz\u0171n\u00e9s\u00e9re, amely kor\u00e1bban m\u00e9g sosem ker\u00fclt ennyire val\u00f3sz\u00edn\u0171 k\u00f6zels\u00e9gbe, mint most &#8211; jelentette ki Michel Barnier uni\u00f3s Brexit-\u00fcgyi f\u0151t\u00e1rgyal\u00f3 Strasbourgban, az Eur\u00f3pai Parlament plen\u00e1ris \u00fcl\u00e9s\u00e9nek a brit als\u00f3h\u00e1z Brexittel kapcsolatos el\u0151z\u0151 napi d\u00f6nt\u00e9s\u00e9t \u00e9rt\u00e9kel\u0151 vit\u00e1j\u00e1n szerd\u00e1n.<\/p>\n","protected":false},"author":1,"featured_media":81431,"comment_status":"closed","ping_status":"open","sticky":false,"template":"","format":"standard","meta":[],"categories":[146,12,246],"tags":[],"_links":{"self":[{"href":"https:\/\/gazdasagportal.hu\/index.php\/wp-json\/wp\/v2\/posts\/114380"}],"collection":[{"href":"https:\/\/gazdasagportal.hu\/index.php\/wp-json\/wp\/v2\/posts"}],"about":[{"href":"https:\/\/gazdasagportal.hu\/index.php\/wp-json\/wp\/v2\/types\/post"}],"author":[{"embeddable":true,"href":"https:\/\/gazdasagportal.hu\/index.php\/wp-json\/wp\/v2\/users\/1"}],"replies":[{"embeddable":true,"href":"https:\/\/gazdasagportal.hu\/index.php\/wp-json\/wp\/v2\/comments?post=114380"}],"version-history":[{"count":1,"href":"https:\/\/gazdasagportal.hu\/index.php\/wp-json\/wp\/v2\/posts\/114380\/revisions"}],"predecessor-version":[{"id":114381,"href":"https:\/\/gazdasagportal.hu\/index.php\/wp-json\/wp\/v2\/posts\/114380\/revisions\/114381"}],"wp:featuredmedia":[{"embeddable":true,"href":"https:\/\/gazdasagportal.hu\/index.php\/wp-json\/wp\/v2\/media\/81431"}],"wp:attachment":[{"href":"https:\/\/gazdasagportal.hu\/index.php\/wp-json\/wp\/v2\/media?parent=114380"}],"wp:term":[{"taxonomy":"category","embeddable":true,"href":"https:\/\/gazdasagportal.hu\/index.php\/wp-json\/wp\/v2\/categories?post=114380"},{"taxonomy":"post_tag","embeddable":true,"href":"https:\/\/gazdasagportal.hu\/index.php\/wp-json\/wp\/v2\/tags?post=114380"}],"curies":[{"name":"wp","href":"https:\/\/api.w.org\/{rel}","templated":true}]}}