{"id":114360,"date":"2019-03-12T17:56:37","date_gmt":"2019-03-12T16:56:37","guid":{"rendered":"http:\/\/gazdasagportal.hu\/?p=114360"},"modified":"2019-03-12T17:56:37","modified_gmt":"2019-03-12T16:56:37","slug":"hankook-a-sztrajk-ellenere-a-dolgozok-tobb-mint-60-szazaleka-felvette-a-munkat","status":"publish","type":"post","link":"https:\/\/gazdasagportal.hu\/index.php\/hankook-a-sztrajk-ellenere-a-dolgozok-tobb-mint-60-szazaleka-felvette-a-munkat\/","title":{"rendered":"Hankook: a sztr\u00e1jk ellen\u00e9re a dolgoz\u00f3k t\u00f6bb mint 60 sz\u00e1zal\u00e9ka felvette a munk\u00e1t"},"content":{"rendered":"<p><strong>A Hankook Tire r\u00e1calm\u00e1si gy\u00e1r\u00e1ban a sztr\u00e1jk ellen\u00e9re az \u00e9rintett munkat\u00e1rsak t\u00f6bb mint 60 sz\u00e1zal\u00e9ka felvette a munk\u00e1t &#8211; k\u00f6z\u00f6lte a c\u00e9g szerda d\u00e9lut\u00e1n az MTI-vel.<\/strong><!--more--><\/p>\n<div class=\"ads-in-post1\"><div id=\"gazdasagportal.hu_fullbanner_wideboard\"><\/div>\r\n<\/div>\n<p>    A Hankook \u00e9rtetlen\u00fcl fogadta, hogy a szakszervezet kifog\u00e1solja a munkat\u00e1rsak \u00f6szt\u00f6nz\u00e9s\u00e9t a munka felv\u00e9tel\u00e9re. Felh\u00edvt\u00e1k a figyelmet: &#8222;egy gazd\u00e1lkod\u00f3 szervezetn\u00e9l a folyamatos termel\u00e9s fenntart\u00e1sa a legterm\u00e9szetesebb t\u00f6rekv\u00e9s, hiszen kiz\u00e1r\u00f3lag egy eredm\u00e9nyesen termel\u0151 v\u00e1llalat k\u00e9pes a munkat\u00e1rsai sz\u00e1m\u00e1ra j\u00f6vedelmet, esetleges tov\u00e1bbi juttat\u00e1sokat \u00e9s b\u00e9remel\u00e9st is kigazd\u00e1lkodni&#8221;.<br \/>\n    Mint \u00edrt\u00e1k, a v\u00e1llalat vezet\u00e9se elk\u00f6telezett a magyarorsz\u00e1gi termel\u00e9s fenntart\u00e1sa \u00e9s a munkahelyek megtart\u00e1sa mellett, mindezek figyelembev\u00e9tel\u00e9vel jelentette be kor\u00e1bban a c\u00e9g a 2019-es, \u00e1tlagosan 13,6 sz\u00e1zal\u00e9kos b\u00e9remel\u00e9st.<br \/>\n<div class=\"ads-in-post2\"><script async src=\"https:\/\/pagead2.googlesyndication.com\/pagead\/js\/adsbygoogle.js\"><\/script>\r\n<ins class=\"adsbygoogle\"\r\n     style=\"display:block\"\r\n     data-ad-format=\"fluid\"\r\n     data-ad-layout-key=\"-6t+ed+2i-1n-4w\"\r\n     data-ad-client=\"ca-pub-1959107119989764\"\r\n     data-ad-slot=\"4008251320\"><\/ins>\r\n<script>\r\n     (adsbygoogle = window.adsbygoogle || []).push({});\r\n<\/script><\/div>\n    K\u00f6z\u00f6lt\u00e9k, hogy felk\u00e9sz\u00fcltek a sztr\u00e1jkra \u00e9s elt\u00f6k\u00e9ltek abban, hogy a munkabesz\u00fcntet\u00e9s ideje alatt &#8211; mint eddig is &#8211; a t\u00f6rv\u00e9nyek betart\u00e1s\u00e1val j\u00e1rjanak el. A k\u00f6vetkez\u0151 id\u0151szakban a partnerek kiszolg\u00e1l\u00e1s\u00e1ban nem v\u00e1rhat\u00f3 fennakad\u00e1s &#8211; tett\u00e9k hozz\u00e1.<br \/>\n    A Magyar Vegyipari, Energiaipari \u00e9s Rokon Szakm\u00e1kban Dolgoz\u00f3k Szakszervezeti Sz\u00f6vets\u00e9ge (VDSZ) d\u00e9lel\u0151tt jelentette be, hogy a munkav\u00e1llal\u00f3k megkezdt\u00e9k a hat\u00e1rozatlan idej\u0171 sztr\u00e1jkot a Hankook Tire Magyarorsz\u00e1g Kft. r\u00e1calm\u00e1si gy\u00e1r\u00e1ban. A szakszervezet hivatalos honlapja szerint a munkabesz\u00fcntet\u00e9s kedden 14 \u00f3rakor kezd\u0151d\u00f6tt.<br \/>\n    Az MTI megkeres\u00e9s\u00e9re Sz\u00e9kely Tam\u00e1s VDSZ eln\u00f6k elmondta, hogy a munkav\u00e1llal\u00f3k t\u00f6bb mint 80 sz\u00e1zal\u00e9ka t\u00e1mogatja \u00e9s r\u00e9szt is k\u00edv\u00e1n venni a sztr\u00e1jkban. Megjegyezte, hogy a c\u00e9gvezet\u00e9s &#8211; v\u00e1laszul a munkabesz\u00fcntet\u00e9sre &#8211; megpr\u00f3b\u00e1lja a d\u00e9lel\u0151tt\u00f6s m\u0171szakban dolgoz\u00f3kat t\u00fal\u00f3ra elrendel\u00e9s\u00e9vel a gy\u00e1rban tartani \u00e9s munk\u00e1ra b\u00edrni.  Az \u00e1tlagosan 13,6 sz\u00e1zal\u00e9kos, differenci\u00e1lt b\u00e9remel\u00e9s miatt a c\u00e9gn\u00e9l m\u00e1r r\u00e9gebben dolgoz\u00f3k k\u00f6r\u00fclbel\u00fcl 10 sz\u00e1zal\u00e9kos, az \u00fajonnan bel\u00e9p\u0151k pedig mintegy 20 sz\u00e1zal\u00e9kos b\u00e9remel\u00e9sben r\u00e9szes\u00fcltek. Az ehhez hasonl\u00f3 helyzetek elker\u00fcl\u00e9se \u00e9rdek\u00e9ben kezdem\u00e9nyezte a szakszervezet m\u00e1r a t\u00e1rgyal\u00e1sok elej\u00e9t\u0151l, hogy a t\u00e1rsas\u00e1g fix, 18 sz\u00e1zal\u00e9kos alapb\u00e9r emel\u00e9st hajtson v\u00e9gre. Ezen fel\u00fcl a szakszervezet k\u00f6vetel\u00e9se m\u00e9g a 13. havi b\u00f3nusz \u00e9s a megszak\u00edt\u00e1s n\u00e9lk\u00fcli munkarendben dolgoz\u00f3k sz\u00e1m\u00e1ra az 5 sz\u00e1zal\u00e9kos p\u00f3tl\u00e9k bevezet\u00e9se.<br \/>\n    A VDSZ el\u0151sz\u00f6r m\u00falt szerd\u00e1n \u00e9lt a munkabesz\u00fcntet\u00e9s eszk\u00f6z\u00e9vel, amikor k\u00e9t\u00f3r\u00e1s figyelmeztet\u0151 sztr\u00e1jkot tartottak a gy\u00e1rban.(MTI)<\/p>\n","protected":false},"excerpt":{"rendered":"<p>A Hankook Tire r\u00e1calm\u00e1si gy\u00e1r\u00e1ban a sztr\u00e1jk ellen\u00e9re az \u00e9rintett munkat\u00e1rsak t\u00f6bb mint 60 sz\u00e1zal\u00e9ka felvette a munk\u00e1t &#8211; k\u00f6z\u00f6lte a c\u00e9g szerda d\u00e9lut\u00e1n az MTI-vel.<\/p>\n","protected":false},"author":1,"featured_media":0,"comment_status":"closed","ping_status":"open","sticky":false,"template":"","format":"standard","meta":[],"categories":[4,19],"tags":[],"_links":{"self":[{"href":"https:\/\/gazdasagportal.hu\/index.php\/wp-json\/wp\/v2\/posts\/114360"}],"collection":[{"href":"https:\/\/gazdasagportal.hu\/index.php\/wp-json\/wp\/v2\/posts"}],"about":[{"href":"https:\/\/gazdasagportal.hu\/index.php\/wp-json\/wp\/v2\/types\/post"}],"author":[{"embeddable":true,"href":"https:\/\/gazdasagportal.hu\/index.php\/wp-json\/wp\/v2\/users\/1"}],"replies":[{"embeddable":true,"href":"https:\/\/gazdasagportal.hu\/index.php\/wp-json\/wp\/v2\/comments?post=114360"}],"version-history":[{"count":1,"href":"https:\/\/gazdasagportal.hu\/index.php\/wp-json\/wp\/v2\/posts\/114360\/revisions"}],"predecessor-version":[{"id":114361,"href":"https:\/\/gazdasagportal.hu\/index.php\/wp-json\/wp\/v2\/posts\/114360\/revisions\/114361"}],"wp:attachment":[{"href":"https:\/\/gazdasagportal.hu\/index.php\/wp-json\/wp\/v2\/media?parent=114360"}],"wp:term":[{"taxonomy":"category","embeddable":true,"href":"https:\/\/gazdasagportal.hu\/index.php\/wp-json\/wp\/v2\/categories?post=114360"},{"taxonomy":"post_tag","embeddable":true,"href":"https:\/\/gazdasagportal.hu\/index.php\/wp-json\/wp\/v2\/tags?post=114360"}],"curies":[{"name":"wp","href":"https:\/\/api.w.org\/{rel}","templated":true}]}}