{"id":114348,"date":"2019-03-12T12:07:17","date_gmt":"2019-03-12T11:07:17","guid":{"rendered":"http:\/\/gazdasagportal.hu\/?p=114348"},"modified":"2019-03-12T11:48:29","modified_gmt":"2019-03-12T10:48:29","slug":"szetvalhat-az-elnoki-es-vezerigazgatoi-tisztseg-az-otp-ben","status":"publish","type":"post","link":"https:\/\/gazdasagportal.hu\/index.php\/szetvalhat-az-elnoki-es-vezerigazgatoi-tisztseg-az-otp-ben\/","title":{"rendered":"Sz\u00e9tv\u00e1lhat az eln\u00f6ki \u00e9s vez\u00e9rigazgat\u00f3i tiszts\u00e9g az OTP-ben"},"content":{"rendered":"<p><strong>Az eln\u00f6ki \u00e9s vez\u00e9rigazgat\u00f3i tiszts\u00e9g sz\u00e9tv\u00e1laszt\u00e1s\u00e1t lehet\u0151v\u00e9 tev\u0151 alapszab\u00e1lyi m\u00f3dos\u00edt\u00e1sr\u00f3l is d\u00f6nthet az OTP Bank \u00e1prilis 12-re \u00f6sszeh\u00edvott \u00e9ves k\u00f6zgy\u0171l\u00e9se &#8211; der\u00fcl ki a Budapesti \u00c9rt\u00e9kt\u0151zsde honlapj\u00e1n kedden hajnalban k\u00f6zz\u00e9tett k\u00f6zgy\u0171l\u00e9si el\u0151terjeszt\u00e9sb\u0151l.<\/strong><!--more--><\/p>\n<div class=\"ads-in-post1\"><div id=\"gazdasagportal.hu_fullbanner_wideboard\"><\/div>\r\n<\/div>\n<p>    A hat\u00e1lyos alapszab\u00e1ly szerint az OTP igazgat\u00f3s\u00e1g\u00e1nak eln\u00f6ke egy\u00fattal a t\u00e1rsas\u00e1g vez\u00e9rigazgat\u00f3ja is (jelenleg Cs\u00e1nyi S\u00e1ndor t\u00f6lti be mindk\u00e9t tiszts\u00e9get).<br \/>\n    A javasolt m\u00f3dos\u00edt\u00e1s lehet\u0151v\u00e9 teszi, hogy az eln\u00f6k-vez\u00e9rigazgat\u00f3i<br \/>\ntiszts\u00e9gben megjelen\u0151 \u00fcgyvezet\u00e9si funkci\u00f3k sz\u00fcks\u00e9g eset\u00e9n k\u00fcl\u00f6n tiszts\u00e9gekben is ell\u00e1that\u00f3k legyenek, \u00e9s az eln\u00f6ki \u00e9s vez\u00e9rigazgat\u00f3i tiszts\u00e9get k\u00fcl\u00f6n szem\u00e9ly t\u00f6ltse be.<br \/>\n    A tiszts\u00e9gek sz\u00e9tv\u00e1laszt\u00e1s\u00e1r\u00f3l az igazgat\u00f3s\u00e1g saj\u00e1t hat\u00e1sk\u00f6rben d\u00f6nt.<br \/>\n    Az indokl\u00e1s szerint az alapszab\u00e1ly m\u00f3dos\u00edt\u00e1s\u00e1ra az OTP Csoport jelent\u0151s nemzetk\u00f6zi expanzi\u00f3j\u00e1ra \u00e9s a piaci kih\u00edv\u00e1sokra val\u00f3 rugalmas alkalmazkod\u00e1s \u00e9rdek\u00e9ben van sz\u00fcks\u00e9g. A m\u00f3dos\u00edt\u00e1si javaslat egy\u00fattal rendezi a jelenlegi eln\u00f6k-vez\u00e9rigazgat\u00f3i feladatok \u00e9s hat\u00e1sk\u00f6r\u00f6k megoszl\u00e1s\u00e1t arra az esetre, ha az igazgat\u00f3s\u00e1g eln\u00f6ke \u00e9s a vez\u00e9rigazgat\u00f3 nem ugyanazon szem\u00e9ly.<br \/>\n<div class=\"ads-in-post2\"><script async src=\"https:\/\/pagead2.googlesyndication.com\/pagead\/js\/adsbygoogle.js\"><\/script>\r\n<ins class=\"adsbygoogle\"\r\n     style=\"display:block\"\r\n     data-ad-format=\"fluid\"\r\n     data-ad-layout-key=\"-6t+ed+2i-1n-4w\"\r\n     data-ad-client=\"ca-pub-1959107119989764\"\r\n     data-ad-slot=\"4008251320\"><\/ins>\r\n<script>\r\n     (adsbygoogle = window.adsbygoogle || []).push({});\r\n<\/script><\/div>\n    Az OTP Bank \u00e9ves rendes k\u00f6zgy\u0171l\u00e9s\u00e9nek napirendj\u00e9n szerepel a 2018. \u00e9vi anyav\u00e1llalati \u00e9s konszolid\u00e1lt besz\u00e1mol\u00f3k elfogad\u00e1sa, d\u00f6nt\u00e9s az ad\u00f3zott eredm\u00e9ny felhaszn\u00e1l\u00e1s\u00e1r\u00f3l, valamint az igazgat\u00f3s\u00e1g felhatalmaz\u00e1sa saj\u00e1t r\u00e9szv\u00e9nyek megszerz\u00e9s\u00e9re.<br \/>\n    Bencsik L\u00e1szl\u00f3 vez\u00e9rigazgat\u00f3-helyettes a bank tavalyi eredm\u00e9nyeit ismertet\u0151 sajt\u00f3t\u00e1j\u00e9koztat\u00f3n, m\u00e1rcius 1-j\u00e9n azt k\u00f6z\u00f6lte, hogy az OTP a 2017-es \u00e9v ut\u00e1n kifizetett \u00f6sszeghez hasonl\u00f3an az id\u00e9n is 61,32 milli\u00e1rd forintot k\u00edv\u00e1n osztal\u00e9kk\u00e9nt kifizetni. Tavaly r\u00e9szv\u00e9nyenk\u00e9nt 219 forint osztal\u00e9k kifizet\u00e9s\u00e9r\u0151l d\u00f6nt\u00f6tt a bank k\u00f6zgy\u0171l\u00e9se, a saj\u00e1t r\u00e9szv\u00e9nyekre es\u0151 osztal\u00e9kkal megn\u00f6velve 221,35 forintot kaptak a r\u00e9szv\u00e9nyesek.(MTI)<\/p>\n","protected":false},"excerpt":{"rendered":"<p>Az eln\u00f6ki \u00e9s vez\u00e9rigazgat\u00f3i tiszts\u00e9g sz\u00e9tv\u00e1laszt\u00e1s\u00e1t lehet\u0151v\u00e9 tev\u0151 alapszab\u00e1lyi m\u00f3dos\u00edt\u00e1sr\u00f3l is d\u00f6nthet az OTP Bank \u00e1prilis 12-re \u00f6sszeh\u00edvott \u00e9ves k\u00f6zgy\u0171l\u00e9se &#8211; der\u00fcl ki a Budapesti \u00c9rt\u00e9kt\u0151zsde honlapj\u00e1n kedden hajnalban k\u00f6zz\u00e9tett k\u00f6zgy\u0171l\u00e9si el\u0151terjeszt\u00e9sb\u0151l.<\/p>\n","protected":false},"author":1,"featured_media":57351,"comment_status":"closed","ping_status":"open","sticky":false,"template":"","format":"standard","meta":[],"categories":[146,7],"tags":[],"_links":{"self":[{"href":"https:\/\/gazdasagportal.hu\/index.php\/wp-json\/wp\/v2\/posts\/114348"}],"collection":[{"href":"https:\/\/gazdasagportal.hu\/index.php\/wp-json\/wp\/v2\/posts"}],"about":[{"href":"https:\/\/gazdasagportal.hu\/index.php\/wp-json\/wp\/v2\/types\/post"}],"author":[{"embeddable":true,"href":"https:\/\/gazdasagportal.hu\/index.php\/wp-json\/wp\/v2\/users\/1"}],"replies":[{"embeddable":true,"href":"https:\/\/gazdasagportal.hu\/index.php\/wp-json\/wp\/v2\/comments?post=114348"}],"version-history":[{"count":1,"href":"https:\/\/gazdasagportal.hu\/index.php\/wp-json\/wp\/v2\/posts\/114348\/revisions"}],"predecessor-version":[{"id":114349,"href":"https:\/\/gazdasagportal.hu\/index.php\/wp-json\/wp\/v2\/posts\/114348\/revisions\/114349"}],"wp:featuredmedia":[{"embeddable":true,"href":"https:\/\/gazdasagportal.hu\/index.php\/wp-json\/wp\/v2\/media\/57351"}],"wp:attachment":[{"href":"https:\/\/gazdasagportal.hu\/index.php\/wp-json\/wp\/v2\/media?parent=114348"}],"wp:term":[{"taxonomy":"category","embeddable":true,"href":"https:\/\/gazdasagportal.hu\/index.php\/wp-json\/wp\/v2\/categories?post=114348"},{"taxonomy":"post_tag","embeddable":true,"href":"https:\/\/gazdasagportal.hu\/index.php\/wp-json\/wp\/v2\/tags?post=114348"}],"curies":[{"name":"wp","href":"https:\/\/api.w.org\/{rel}","templated":true}]}}