{"id":114342,"date":"2019-03-12T10:25:30","date_gmt":"2019-03-12T09:25:30","guid":{"rendered":"http:\/\/gazdasagportal.hu\/?p=114342"},"modified":"2019-03-12T10:25:30","modified_gmt":"2019-03-12T09:25:30","slug":"mnb-a-penzintezeteknek-at-kell-vilagitaniuk-az-ugyfeleiket-junius-26-aig","status":"publish","type":"post","link":"https:\/\/gazdasagportal.hu\/index.php\/mnb-a-penzintezeteknek-at-kell-vilagitaniuk-az-ugyfeleiket-junius-26-aig\/","title":{"rendered":"MNB: a p\u00e9nzint\u00e9zeteknek \u00e1t kell vil\u00e1g\u00edtaniuk az \u00fcgyfeleiket j\u00fanius 26-\u00e1ig"},"content":{"rendered":"<p><strong>A p\u00e9nzmos\u00e1s elleni t\u00f6rv\u00e9ny el\u0151\u00edr\u00e1sa szerint a p\u00e9nzint\u00e9zeteknek j\u00fanius 26-\u00e1ig \u00e1t kell vil\u00e1g\u00edtaniuk az \u00fcgyfeleiket &#8211; mondta a Magyar Nemzeti Bank (MNB) fel\u00fcgyeleti sz\u00f3viv\u0151je az M1 aktu\u00e1lis csatorn\u00e1n kedden.<\/strong><!--more--><\/p>\n<div class=\"ads-in-post1\"><div id=\"gazdasagportal.hu_fullbanner_wideboard\"><\/div>\r\n<\/div>\n<p>    Binder Istv\u00e1n hozz\u00e1tette: a 2017 j\u00fanius\u00e1ban \u00e9letbe l\u00e9pett p\u00e9nzmos\u00e1s elleni t\u00f6rv\u00e9ny nemcsak a banki, hanem az eg\u00e9szs\u00e9gp\u00e9nzt\u00e1ri, \u00e9letbiztos\u00edt\u00e1si \u00fcgyfelekre is vonatkozik. Aki az elm\u00falt k\u00e9t \u00e9vben nyitott banksz\u00e1ml\u00e1t, annak nem kell azonos\u00edtania mag\u00e1t &#8211; jegyezte meg.<br \/>\n    Az int\u00e9zked\u00e9s valamennyi ember biztons\u00e1g\u00e1t szolg\u00e1lja, c\u00e9lja, hogy a sz\u00e1ml\u00e1k ne v\u00e1ljanak a p\u00e9nzmos\u00e1s finansz\u00edroz\u00e1s\u00e1nak eszk\u00f6z\u00e9v\u00e9 &#8211; fogalmazott.<br \/>\n<div class=\"ads-in-post2\"><script async src=\"https:\/\/pagead2.googlesyndication.com\/pagead\/js\/adsbygoogle.js\"><\/script>\r\n<ins class=\"adsbygoogle\"\r\n     style=\"display:block\"\r\n     data-ad-format=\"fluid\"\r\n     data-ad-layout-key=\"-6t+ed+2i-1n-4w\"\r\n     data-ad-client=\"ca-pub-1959107119989764\"\r\n     data-ad-slot=\"4008251320\"><\/ins>\r\n<script>\r\n     (adsbygoogle = window.adsbygoogle || []).push({});\r\n<\/script><\/div>\n    Elmondta: az \u00e1tvil\u00e1g\u00edt\u00e1s sor\u00e1n a lakoss\u00e1gi \u00fcgyfelek szem\u00e9lyi okm\u00e1ny\u00e1t, illetve lakc\u00edmk\u00e1rty\u00e1j\u00e1t lem\u00e1solja a p\u00e9nz\u00fcgyi szolg\u00e1ltat\u00f3, majd az \u00fcgyf\u00e9lnek al\u00e1 kell \u00edrnia egy dokumentumot, amelyben arr\u00f3l nyilatkozik, hogy nincs kiemelt k\u00f6zszerepl\u0151i st\u00e1tusza, vagyis nem \u00e1llami c\u00e9g els\u0151sz\u00e1m\u00fa vezet\u0151je \u00e9s nem is politikus.<br \/>\n    V\u00e1llalati \u00fcgyfelek eset\u00e9n a c\u00e9g nev\u00e9ben elj\u00e1r\u00f3 megb\u00edzott szint\u00e9n szem\u00e9lyazonoss\u00e1g\u00e1t, illetve lakc\u00edm\u00e9t kell igazolja, tov\u00e1bb\u00e1 ad\u00f3sz\u00e1m\u00e1t is meg kell adnia a teljesk\u00f6r\u0171 \u00fcgyf\u00e9l-azonos\u00edt\u00e1s sor\u00e1n &#8211; f\u0171zte hozz\u00e1 Binder Istv\u00e1n.(MTI)<\/p>\n","protected":false},"excerpt":{"rendered":"<p>A p\u00e9nzmos\u00e1s elleni t\u00f6rv\u00e9ny el\u0151\u00edr\u00e1sa szerint a p\u00e9nzint\u00e9zeteknek j\u00fanius 26-\u00e1ig \u00e1t kell vil\u00e1g\u00edtaniuk az \u00fcgyfeleiket &#8211; mondta a Magyar Nemzeti Bank (MNB) fel\u00fcgyeleti sz\u00f3viv\u0151je az M1 aktu\u00e1lis csatorn\u00e1n kedden.<\/p>\n","protected":false},"author":1,"featured_media":0,"comment_status":"closed","ping_status":"open","sticky":false,"template":"","format":"standard","meta":[],"categories":[4,19],"tags":[],"_links":{"self":[{"href":"https:\/\/gazdasagportal.hu\/index.php\/wp-json\/wp\/v2\/posts\/114342"}],"collection":[{"href":"https:\/\/gazdasagportal.hu\/index.php\/wp-json\/wp\/v2\/posts"}],"about":[{"href":"https:\/\/gazdasagportal.hu\/index.php\/wp-json\/wp\/v2\/types\/post"}],"author":[{"embeddable":true,"href":"https:\/\/gazdasagportal.hu\/index.php\/wp-json\/wp\/v2\/users\/1"}],"replies":[{"embeddable":true,"href":"https:\/\/gazdasagportal.hu\/index.php\/wp-json\/wp\/v2\/comments?post=114342"}],"version-history":[{"count":1,"href":"https:\/\/gazdasagportal.hu\/index.php\/wp-json\/wp\/v2\/posts\/114342\/revisions"}],"predecessor-version":[{"id":114343,"href":"https:\/\/gazdasagportal.hu\/index.php\/wp-json\/wp\/v2\/posts\/114342\/revisions\/114343"}],"wp:attachment":[{"href":"https:\/\/gazdasagportal.hu\/index.php\/wp-json\/wp\/v2\/media?parent=114342"}],"wp:term":[{"taxonomy":"category","embeddable":true,"href":"https:\/\/gazdasagportal.hu\/index.php\/wp-json\/wp\/v2\/categories?post=114342"},{"taxonomy":"post_tag","embeddable":true,"href":"https:\/\/gazdasagportal.hu\/index.php\/wp-json\/wp\/v2\/tags?post=114342"}],"curies":[{"name":"wp","href":"https:\/\/api.w.org\/{rel}","templated":true}]}}