{"id":114320,"date":"2019-03-11T13:15:21","date_gmt":"2019-03-11T12:15:21","guid":{"rendered":"http:\/\/gazdasagportal.hu\/?p=114320"},"modified":"2019-03-11T08:16:14","modified_gmt":"2019-03-11T07:16:14","slug":"hankook-a-cegvezetes-felkeszult-a-varhato-sztrajkra","status":"publish","type":"post","link":"https:\/\/gazdasagportal.hu\/index.php\/hankook-a-cegvezetes-felkeszult-a-varhato-sztrajkra\/","title":{"rendered":"Hankook &#8211; A c\u00e9gvezet\u00e9s felk\u00e9sz\u00fclt a v\u00e1rhat\u00f3 sztr\u00e1jkra"},"content":{"rendered":"<p><strong>A Hankook Tire Magyarorsz\u00e1g Kft. vezet\u0151s\u00e9ge felk\u00e9sz\u00fclt a v\u00e1rhat\u00f3 sztr\u00e1jkra, a v\u00e1llalat elt\u00f6k\u00e9lt abban, hogy a sztr\u00e1jk idej\u00e9n, mint eddig is, mindenben t\u00f6rv\u00e9nyesen fog elj\u00e1rni &#8211; k\u00f6z\u00f6lte a v\u00e1llalat vas\u00e1rnap este az MTI-vel.<\/strong><!--more--><\/p>\n<div class=\"ads-in-post1\"><div id=\"gazdasagportal.hu_fullbanner_wideboard\"><\/div>\r\n<\/div>\n<p>    A Hankook a Magyar Vegyipari, Energiaipari \u00e9s Rokon Szakm\u00e1kban Dolgoz\u00f3k Szakszervezeti Sz\u00f6vets\u00e9g\u00e9nek (VDSZ) eln\u00f6k\u00e9nek vas\u00e1rnapi sajt\u00f3t\u00e1j\u00e9koztat\u00f3j\u00e1ra reag\u00e1lva meger\u0151s\u00edtette: a szakszervezettel folytatott egyeztet\u0151 elj\u00e1r\u00e1s nem vezetett eredm\u00e9nyre. Megjegyezt\u00e9k ugyanakkor, hogy nyugodtan n\u00e9znek az elk\u00f6vetkez\u0151 hetek el\u00e9, a partnerek kiszolg\u00e1l\u00e1s\u00e1ban nem v\u00e1rhat\u00f3 fennakad\u00e1s.<br \/>\n    K\u00f6z\u00f6lt\u00e9k, hogy a kor\u00e1bban bejelentett, \u00e1tlagosan 13,6 sz\u00e1zal\u00e9kos b\u00e9remel\u00e9s a v\u00e1llalatn\u00e1l rendben megt\u00f6rt\u00e9nt, az \u00e9v elej\u00e9t\u0151l visszamen\u0151leges hat\u00e1llyal.<br \/>\n    A Hankook Tire hat\u00e1rozottan visszautas\u00edtotta a VDSZ v\u00e1djait, miszerint a c\u00e9g megpr\u00f3b\u00e1lja megf\u00e9leml\u00edti a munkav\u00e1llal\u00f3it \u00e9s presszi\u00f3t vagy pszichikai nyom\u00e1st alkalmaz. Jelezt\u00e9k, hogy a t\u00f6rv\u00e9ny el\u0151\u00edrja a munkaid\u0151 percre pontos nyilv\u00e1ntart\u00e1s\u00e1t, bele\u00e9rtve a t\u00e1voll\u00e9tet, sztr\u00e1jk eset\u00e9n is, ez\u00e9rt sem \u00e9rtik a szakszervezet felvet\u00e9s\u00e9t.<br \/>\n<div class=\"ads-in-post2\"><script async src=\"https:\/\/pagead2.googlesyndication.com\/pagead\/js\/adsbygoogle.js\"><\/script>\r\n<ins class=\"adsbygoogle\"\r\n     style=\"display:block\"\r\n     data-ad-format=\"fluid\"\r\n     data-ad-layout-key=\"-6t+ed+2i-1n-4w\"\r\n     data-ad-client=\"ca-pub-1959107119989764\"\r\n     data-ad-slot=\"4008251320\"><\/ins>\r\n<script>\r\n     (adsbygoogle = window.adsbygoogle || []).push({});\r\n<\/script><\/div>\n    A c\u00e9g arra k\u00e9rte a szakszervezetet, hogy felel\u0151ss\u00e9gteljesen viselkedjen \u00e9s ne keltsen alaptalan v\u00e1daskod\u00e1ssal felesleges fesz\u00fclts\u00e9get a munkav\u00e1llal\u00f3k k\u00f6z\u00f6tt.<br \/>\n    A vas\u00e1rnap hajnali b\u00e9rt\u00e1rgyal\u00e1sok eredm\u00e9nytelens\u00e9ge miatt h\u00e9tf\u0151n \u00e9jf\u00e9lt\u0151l \u00fajabb sztr\u00e1jk v\u00e1rhat\u00f3 a Hankook Tire Magyarorsz\u00e1g Kft. duna\u00fajv\u00e1rosi gumigy\u00e1r\u00e1ban &#8211; jelentette be Sz\u00e9kely Tam\u00e1s, a VDSZ eln\u00f6ke vas\u00e1rnapi, budapesti sajt\u00f3t\u00e1j\u00e9koztat\u00f3j\u00e1n. A szakszervezet h\u00e9tf\u0151t\u0151l b\u00e1rmikor hat\u00e1rozatlan idej\u0171 munkabesz\u00fcntet\u00e9st hirdethet, mert lej\u00e1r a t\u00f6rv\u00e9ny \u00e1ltal a sztr\u00e1jk el\u0151tti egyeztet\u00e9sre biztos\u00edtott h\u00e9tnapos hat\u00e1rid\u0151 &#8211; tette hozz\u00e1.<br \/>\n    Felid\u00e9zte, a szakszervezet el\u0151sz\u00f6r szerd\u00e1n \u00e9lt a munkabesz\u00fcntet\u00e9s eszk\u00f6z\u00e9vel, amikor k\u00e9t\u00f3r\u00e1s figyelmeztet\u0151 sztr\u00e1jkot tartottak a Hankook duna\u00fajv\u00e1rosi gy\u00e1r\u00e1ban.<br \/>\n    A szakszervezeti vezet\u0151 szerint jelenleg a dolgoz\u00f3k el\u00e9gedetlens\u00e9ge f\u0151k\u00e9nt abb\u00f3l fakad, hogy a c\u00e9g \u00e1ltal \u00e1tlagosan 13,6 sz\u00e1zal\u00e9kos b\u00e9remel\u00e9snek nevezett b\u00e9remel\u00e9se teljes\u00edtm\u00e9ny\u00e9rt\u00e9kel\u00e9sek alapj\u00e1n differenci\u00e1ltan val\u00f3sult meg. Ami a gyakorlatban annyit jelent, hogy a c\u00e9gn\u00e9l m\u00e1r r\u00e9gebb \u00f3ta ott dolgoz\u00f3k k\u00f6r\u00fclbel\u00fcl 10 sz\u00e1zal\u00e9kos, az \u00fajonnan bel\u00e9p\u0151k pedig mintegy 20 sz\u00e1zal\u00e9kos b\u00e9remel\u00e9sben r\u00e9szes\u00fcltek.<br \/>\n    Az ehhez hasonl\u00f3 helyzetek elker\u00fcl\u00e9se \u00e9rdek\u00e9ben kezdem\u00e9nyezte a szakszervezet m\u00e1r a t\u00e1rgyal\u00e1sok elej\u00e9t\u0151l, hogy a t\u00e1rsas\u00e1g fix, 18 sz\u00e1zal\u00e9kos alapb\u00e9r emel\u00e9st hajtson v\u00e9gre. Ezen fel\u00fcl a szakszervezet k\u00f6vetel\u00e9se m\u00e9g a 13. havi b\u00f3nusz \u00e9s a megszak\u00edt\u00e1s n\u00e9lk\u00fcli munkarendben dolgoz\u00f3k sz\u00e1m\u00e1ra az 5 sz\u00e1zal\u00e9kos p\u00f3tl\u00e9k bevezet\u00e9se &#8211; jelentette ki a VDSZ eln\u00f6ke.<br \/>\n    Sz\u00e9kely Tam\u00e1s k\u00f6z\u00f6lte, a sztr\u00e1jk pontos id\u0151pontj\u00e1t, csak a munkabesz\u00fcntet\u00e9s kezdete el\u0151tt hozz\u00e1k majd nyilv\u00e1noss\u00e1gra.(MTI)<\/p>\n","protected":false},"excerpt":{"rendered":"<p>A Hankook Tire Magyarorsz\u00e1g Kft. vezet\u0151s\u00e9ge felk\u00e9sz\u00fclt a v\u00e1rhat\u00f3 sztr\u00e1jkra, a v\u00e1llalat elt\u00f6k\u00e9lt abban, hogy a sztr\u00e1jk idej\u00e9n, mint eddig is, mindenben t\u00f6rv\u00e9nyesen fog elj\u00e1rni &#8211; k\u00f6z\u00f6lte a v\u00e1llalat vas\u00e1rnap este az MTI-vel.<\/p>\n","protected":false},"author":1001003,"featured_media":0,"comment_status":"closed","ping_status":"open","sticky":false,"template":"","format":"standard","meta":[],"categories":[4,19],"tags":[],"_links":{"self":[{"href":"https:\/\/gazdasagportal.hu\/index.php\/wp-json\/wp\/v2\/posts\/114320"}],"collection":[{"href":"https:\/\/gazdasagportal.hu\/index.php\/wp-json\/wp\/v2\/posts"}],"about":[{"href":"https:\/\/gazdasagportal.hu\/index.php\/wp-json\/wp\/v2\/types\/post"}],"author":[{"embeddable":true,"href":"https:\/\/gazdasagportal.hu\/index.php\/wp-json\/wp\/v2\/users\/1001003"}],"replies":[{"embeddable":true,"href":"https:\/\/gazdasagportal.hu\/index.php\/wp-json\/wp\/v2\/comments?post=114320"}],"version-history":[{"count":1,"href":"https:\/\/gazdasagportal.hu\/index.php\/wp-json\/wp\/v2\/posts\/114320\/revisions"}],"predecessor-version":[{"id":114321,"href":"https:\/\/gazdasagportal.hu\/index.php\/wp-json\/wp\/v2\/posts\/114320\/revisions\/114321"}],"wp:attachment":[{"href":"https:\/\/gazdasagportal.hu\/index.php\/wp-json\/wp\/v2\/media?parent=114320"}],"wp:term":[{"taxonomy":"category","embeddable":true,"href":"https:\/\/gazdasagportal.hu\/index.php\/wp-json\/wp\/v2\/categories?post=114320"},{"taxonomy":"post_tag","embeddable":true,"href":"https:\/\/gazdasagportal.hu\/index.php\/wp-json\/wp\/v2\/tags?post=114320"}],"curies":[{"name":"wp","href":"https:\/\/api.w.org\/{rel}","templated":true}]}}