{"id":114316,"date":"2019-03-11T10:53:41","date_gmt":"2019-03-11T09:53:41","guid":{"rendered":"http:\/\/gazdasagportal.hu\/?p=114316"},"modified":"2019-03-11T07:54:27","modified_gmt":"2019-03-11T06:54:27","slug":"ep-valasztas-trocsanyi-laszlo-a-faz-nak-az-europai-neppartnak-eros-fideszre-van-szuksege","status":"publish","type":"post","link":"https:\/\/gazdasagportal.hu\/index.php\/ep-valasztas-trocsanyi-laszlo-a-faz-nak-az-europai-neppartnak-eros-fideszre-van-szuksege\/","title":{"rendered":"EP-v\u00e1laszt\u00e1s &#8211; Tr\u00f3cs\u00e1nyi L\u00e1szl\u00f3 a FAZ-nak: az Eur\u00f3pai N\u00e9pp\u00e1rtnak er\u0151s Fideszre van sz\u00fcks\u00e9ge"},"content":{"rendered":"<p><strong>Eur\u00f3p\u00e1nak egy er\u0151s Eur\u00f3pai N\u00e9pp\u00e1rtra (EPP), az EPP-nek pedig egy er\u0151s Fideszre van sz\u00fcks\u00e9ge &#8211; hangs\u00falyozta Tr\u00f3cs\u00e1nyi L\u00e1szl\u00f3 igazs\u00e1g\u00fcgyi miniszter, a Fidesz eur\u00f3pai parlamenti (EP-) v\u00e1laszt\u00e1si listavezet\u0151je a Frankfurter Allgemeine Zeitung (FAZ) c\u00edm\u0171 konzervat\u00edv n\u00e9met lapnak egy interj\u00faban, amely vas\u00e1rnap jelent meg a lap h\u00edrport\u00e1lj\u00e1n.<\/strong><!--more--><\/p>\n<div class=\"ads-in-post1\"><div id=\"gazdasagportal.hu_fullbanner_wideboard\"><\/div>\r\n<\/div>\n<p>    A politikus a Fidesz EPP-tags\u00e1ga k\u00f6r\u00fcli vit\u00e1val kapcsolatban kiemelte, hogy az EPP &#8222;egy nagy csal\u00e1d&#8221;, amelyben sok ir\u00e1nyzat m\u0171k\u00f6dik, \u00e9s ezek &#8222;n\u00e9ha \u00f6ssze\u00fctk\u00f6znek&#8221;. Elmondta: rem\u00e9li, hogy a Fidesz az EPP-ben marad, \u00e9s b\u00edzik abban, hogy m\u00e1rcius 20-\u00e1n, amikor az EPP politikai k\u00f6zgy\u0171l\u00e9se t\u00e1rgyal a Fidesz tags\u00e1g\u00e1r\u00f3l, siker\u00fcl &#8222;b\u00f6lcs&#8221;, \u00e9s a Fidesznek kedvez\u0151 eredm\u00e9nyre jutni.<br \/>\n    &#8222;Jelenleg nincsen semmilyen B-terv&#8221; &#8211; mondta arra a k\u00e9rd\u00e9sre, hogy van-e B-terve arra az esetre, ha kiz\u00e1rj\u00e1k a Fideszt a jobbk\u00f6z\u00e9p p\u00e1rtokat \u00f6sszefog\u00f3 EPP-b\u0151l. Megjegyezte: &#8222;mindig szomor\u00fa&#8221;, amikor v\u00e1l\u00e1sra ker\u00fcl a sor egy csal\u00e1dban, mert minden v\u00e1l\u00e1s f\u00e1jdalmas, \u00e9s rendszerint senki sem nyer rajta.<br \/>\n    A vit\u00e1t kiv\u00e1lt\u00f3 korm\u00e1nyzati kamp\u00e1nyr\u00f3l, amelynek egyik f\u0151 alakja az Eur\u00f3pai Bizotts\u00e1g EPP-s eln\u00f6ke, Jean-Claude Juncker, azt mondta, hogy &#8222;nem Juncker szem\u00e9ly\u00e9t t\u00e1madtuk, hanem a bizotts\u00e1g v\u00e9lem\u00e9nyvez\u00e9reinek rossz d\u00f6nt\u00e9seit&#8221;.<br \/>\n<div class=\"ads-in-post2\"><script async src=\"https:\/\/pagead2.googlesyndication.com\/pagead\/js\/adsbygoogle.js\"><\/script>\r\n<ins class=\"adsbygoogle\"\r\n     style=\"display:block\"\r\n     data-ad-format=\"fluid\"\r\n     data-ad-layout-key=\"-6t+ed+2i-1n-4w\"\r\n     data-ad-client=\"ca-pub-1959107119989764\"\r\n     data-ad-slot=\"4008251320\"><\/ins>\r\n<script>\r\n     (adsbygoogle = window.adsbygoogle || []).push({});\r\n<\/script><\/div>\n    Kifejtette, hogy a br\u00fcsszeli test\u00fclet az ut\u00f3bbi \u00e9vekben \u00fagy l\u00e9pett fel, mint egy &#8222;politikai bizotts\u00e1g&#8221;, holott az eur\u00f3pai szerz\u0151d\u00e9sek egy\u00e9rtelm\u0171en fogalmaznak, kimondj\u00e1k, hogy a tagorsz\u00e1gok \u00e1llam-, illetve korm\u00e1nyf\u0151it \u00f6sszefog\u00f3 Eur\u00f3pai Tan\u00e1csnak kell meghat\u00e1roznia a politikai ir\u00e1nyt, a bizotts\u00e1g feladata pedig a szerz\u0151d\u00e9sek szellem\u00e9nek meg\u0151rz\u00e9se \u00e9s a tan\u00e1cs \u00e1ltal meghat\u00e1rozott ir\u00e1ny k\u00f6vet\u00e9se.<br \/>\n    &#8222;Ehelyett azt l\u00e1tjuk, hogy a tan\u00e1cs befoly\u00e1sa cs\u00f6kken, \u00e9s a bizotts\u00e1g akarja meghat\u00e1rozni a politikai ir\u00e1nyt&#8221; &#8211; mondta Tr\u00f3cs\u00e1nyi L\u00e1szl\u00f3.<br \/>\n    A miniszter nemmel v\u00e1laszolt arra a k\u00e9rd\u00e9sre, hogy vesz\u00e9lyben van-e a b\u00edr\u00f3s\u00e1gok f\u00fcggetlens\u00e9ge Magyarorsz\u00e1gon, \u00e9s hangs\u00falyozta, hogy mindig is tisztelte a b\u00edr\u00f3s\u00e1gok f\u00fcggetlens\u00e9g\u00e9t, &#8222;mert ez a legfontosabb \u00e9rt\u00e9k egy jog\u00e1llamban&#8221;.<br \/>\n    A k\u00f6zigazgat\u00e1si b\u00edr\u00f3s\u00e1gok l\u00e9trehoz\u00e1s\u00e1val kapcsolatban kifejtette, hogy a mindenkori igazs\u00e1g\u00fcgyi miniszter hat\u00e1sk\u00f6re er\u0151sen korl\u00e1tozott, \u00e9s olyan mechanizmusokat \u00e9p\u00edtettek be a rendszerbe, amelyek &#8222;lehetetlenn\u00e9 teszik, hogy a miniszter \u00f6nk\u00e9nyesen j\u00e1rjon el&#8221;.<br \/>\n    Mint mondta, alaposan tanulm\u00e1nyozt\u00e1k m\u00e1s orsz\u00e1gok modelljeit, k\u00f6zt\u00fck a n\u00e9met \u00e9s az osztr\u00e1k megold\u00e1st, \u00e9s nagyr\u00e9szt az osztr\u00e1k modellt vett\u00e9k \u00e1t, de t\u00f6bb garanci\u00e1t \u00e9p\u00edtettek be. &#8222;A lelkiismeretem teh\u00e1t teljesen nyugodt&#8221; &#8211; mondta Tr\u00f3cs\u00e1nyi L\u00e1szl\u00f3.<br \/>\n    A b\u00edr\u00e1latokkal kapcsolatban kiemelte, hogy el kell v\u00e1lasztani egym\u00e1st\u00f3l a politikai \u00e9s a jogi \u00e9rveket. A politikusok kritik\u00e1i mindig &#8222;politikai felt\u00e9telez\u00e9seket&#8221; tartalmaznak, k\u00fclf\u00f6ldi jog\u00e1szokkal besz\u00e9lve viszont eg\u00e9szen m\u00e1s a hangnem, &#8222;\u00e9s kialakul egy p\u00e1rbesz\u00e9d k\u00f6z\u00f6tt\u00fcnk&#8221; &#8211; mondta, hozz\u00e1t\u00e9ve, hogy kik\u00e9rt\u00e9k az Eur\u00f3pa Tan\u00e1cs (ET) alkotm\u00e1nyjogi szak\u00e9rt\u0151kb\u0151l \u00e1ll\u00f3 test\u00fclete, a Velencei Bizotts\u00e1g v\u00e9lem\u00e9ny\u00e9t, amelyet alaposan v\u00e9giggondolnak majd, \u00e9s javaslataib\u00f3l igyekeznek min\u00e9l t\u00f6bbet \u00e1tvenni.<br \/>\n    Al\u00e1h\u00fazta, hogy a k\u00f6zigazgat\u00e1si b\u00edr\u00f3s\u00e1gokr\u00f3l sz\u00f3l\u00f3 t\u00f6rv\u00e9ny jogorvoslati lehet\u0151s\u00e9get biztos\u00edt minden jogk\u00f6vetkezm\u00e9nnyel j\u00e1r\u00f3 k\u00f6zigazgat\u00e1si d\u00f6nt\u00e9ssel szemben, &#8222;teh\u00e1t nem sz\u0171k\u00edtett\u00fck, hanem b\u0151v\u00edtett\u00fck a keretet&#8221;.<br \/>\n    Az igazs\u00e1gszolg\u00e1ltat\u00e1si rendszer kor\u00e1bbi \u00e1talak\u00edt\u00e1saival kapcsolatban elmondta, hogy az \u00faj alkotm\u00e1ny 2011-es bevezet\u00e9se val\u00f3ban sok \u00faj t\u00f6rv\u00e9ny megalkot\u00e1s\u00e1val j\u00e1rt, &#8222;de Magyarorsz\u00e1g mindig nyitott volt a p\u00e1rbesz\u00e9dre&#8221;, \u00e9s elfogadta az Eur\u00f3pai B\u00edr\u00f3s\u00e1g d\u00f6nt\u00e9s\u00e9t a b\u00edr\u00e1k nyugd\u00edjaz\u00e1s\u00e1nak \u00fcgy\u00e9ben. Megjegyezte: m\u00e1s orsz\u00e1gokban is el\u0151fordult, hogy cs\u00f6kkentett\u00e9k a b\u00edr\u00e1k nyugd\u00edjkorhat\u00e1r\u00e1t, de err\u0151l legfeljebb belpolitikai vita volt.<br \/>\n    Arra a felvet\u00e9sre, hogy a v\u00e1ltoztat\u00e1sok az Alkotm\u00e1nyb\u00edr\u00f3s\u00e1got is \u00e9rintett\u00e9k, kiemelte, hogy a magyar Alkotm\u00e1nyb\u00edr\u00f3s\u00e1g nemzetk\u00f6zileg igen elismert test\u00fclet, a v\u00e1ltoztat\u00e1sok pedig az ut\u00f3bbi h\u00fasz \u00e9v tapasztalatai alapj\u00e1n val\u00f3sultak meg \u00e9s hozz\u00e1j\u00e1rultak a stabilit\u00e1shoz.<br \/>\n    Arra a k\u00e9rd\u00e9sre, hogy az ET korrupci\u00f3ellenes szak\u00e9rt\u0151kb\u0151l \u00e1ll\u00f3 csoportj\u00e1nak (GRECO) v\u00e9lem\u00e9nye szerint h\u00e1tr\u00e1ltatja a korrupci\u00f3ellenes k\u00fczdelmet az Orsz\u00e1gos B\u00edr\u00f3s\u00e1gi Hivatal \u00e9s az Orsz\u00e1gos B\u00edr\u00f3i Tan\u00e1cs konfliktusa, al\u00e1h\u00fazta, hogy Magyarorsz\u00e1gon sz\u00e1z sz\u00e1zal\u00e9kosan tiszteletben tartj\u00e1k a jog\u00e1llamis\u00e1got, \u00edgy a korm\u00e1nynak nincs is hat\u00e1sk\u00f6re ezen a ter\u00fcleten, \u00e9s miniszterk\u00e9nt nincs belesz\u00f3l\u00e1sa az \u00fcgybe.<br \/>\n    Mint mondta, miniszterk\u00e9nt a k\u00f6zigazgat\u00e1si b\u00edr\u00f3s\u00e1gok rendszer\u00e9nek \u00fcgy\u00e9ben illet\u00e9kes, \u00e9s kezdem\u00e9nyez\u00e9s\u00e9re indult meg a p\u00e1rbesz\u00e9d a korm\u00e1ny \u00e9s a Velencei Bizotts\u00e1g k\u00f6z\u00f6tt. Hozz\u00e1tette, hogy meggy\u0151z\u0151d\u00e9se szerint a test\u00fclet \u00e1ll\u00e1sfoglal\u00e1sa r\u00e9v\u00e9n el\u00fcl az \u00faj rendszer k\u00f6r\u00fcli vita. Megjegyezte: meglepte, hogy &#8222;milyen nagyra f\u00fajt\u00e1k fel ezt a luftballont&#8221;. \u00dagy v\u00e9lte, hogy mindazok k\u00f6z\u00fcl, akik az \u00fcgyben megnyilatkoznak, val\u00f3j\u00e1ban senki sem olvassa el a vonatkoz\u00f3 t\u00f6rv\u00e9nyeket, \u00e9s \u00edgy nem is ismerik a benn\u00fck r\u00f6gz\u00edtett jog\u00e1llami garanci\u00e1kat.(MTI)<\/p>\n","protected":false},"excerpt":{"rendered":"<p>Eur\u00f3p\u00e1nak egy er\u0151s Eur\u00f3pai N\u00e9pp\u00e1rtra (EPP), az EPP-nek pedig egy er\u0151s Fideszre van sz\u00fcks\u00e9ge &#8211; hangs\u00falyozta Tr\u00f3cs\u00e1nyi L\u00e1szl\u00f3 igazs\u00e1g\u00fcgyi miniszter, a Fidesz eur\u00f3pai parlamenti (EP-) v\u00e1laszt\u00e1si listavezet\u0151je a Frankfurter Allgemeine Zeitung (FAZ) c\u00edm\u0171 konzervat\u00edv n\u00e9met lapnak egy interj\u00faban, amely vas\u00e1rnap jelent meg a lap h\u00edrport\u00e1lj\u00e1n.<\/p>\n","protected":false},"author":1001003,"featured_media":0,"comment_status":"closed","ping_status":"open","sticky":false,"template":"","format":"standard","meta":[],"categories":[4,12],"tags":[],"_links":{"self":[{"href":"https:\/\/gazdasagportal.hu\/index.php\/wp-json\/wp\/v2\/posts\/114316"}],"collection":[{"href":"https:\/\/gazdasagportal.hu\/index.php\/wp-json\/wp\/v2\/posts"}],"about":[{"href":"https:\/\/gazdasagportal.hu\/index.php\/wp-json\/wp\/v2\/types\/post"}],"author":[{"embeddable":true,"href":"https:\/\/gazdasagportal.hu\/index.php\/wp-json\/wp\/v2\/users\/1001003"}],"replies":[{"embeddable":true,"href":"https:\/\/gazdasagportal.hu\/index.php\/wp-json\/wp\/v2\/comments?post=114316"}],"version-history":[{"count":1,"href":"https:\/\/gazdasagportal.hu\/index.php\/wp-json\/wp\/v2\/posts\/114316\/revisions"}],"predecessor-version":[{"id":114317,"href":"https:\/\/gazdasagportal.hu\/index.php\/wp-json\/wp\/v2\/posts\/114316\/revisions\/114317"}],"wp:attachment":[{"href":"https:\/\/gazdasagportal.hu\/index.php\/wp-json\/wp\/v2\/media?parent=114316"}],"wp:term":[{"taxonomy":"category","embeddable":true,"href":"https:\/\/gazdasagportal.hu\/index.php\/wp-json\/wp\/v2\/categories?post=114316"},{"taxonomy":"post_tag","embeddable":true,"href":"https:\/\/gazdasagportal.hu\/index.php\/wp-json\/wp\/v2\/tags?post=114316"}],"curies":[{"name":"wp","href":"https:\/\/api.w.org\/{rel}","templated":true}]}}