{"id":114290,"date":"2019-03-09T13:10:27","date_gmt":"2019-03-09T12:10:27","guid":{"rendered":"http:\/\/gazdasagportal.hu\/?p=114290"},"modified":"2019-03-09T09:11:43","modified_gmt":"2019-03-09T08:11:43","slug":"lemondott-a-feher-haz-kommunikacios-vezetoje-trump-ujravalasztasi-kampanyanak-menedzsere-lesz","status":"publish","type":"post","link":"https:\/\/gazdasagportal.hu\/index.php\/lemondott-a-feher-haz-kommunikacios-vezetoje-trump-ujravalasztasi-kampanyanak-menedzsere-lesz\/","title":{"rendered":"Lemondott a Feh\u00e9r H\u00e1z kommunik\u00e1ci\u00f3s vezet\u0151je, Trump \u00fajrav\u00e1laszt\u00e1si kamp\u00e1ny\u00e1nak menedzsere lesz"},"content":{"rendered":"<p><strong>Lemondott Bill Shine, Donald Trump m\u00e9dia-tan\u00e1csad\u00f3ja \u00e9s a Feh\u00e9r H\u00e1z helyettes kommunik\u00e1ci\u00f3s igazgat\u00f3ja, Trump \u00fajrav\u00e1laszt\u00e1si kamp\u00e1ny\u00e1nak menedzsere lesz &#8211; jelentette be a Feh\u00e9r H\u00e1z. <\/strong><!--more--><\/p>\n<div class=\"ads-in-post1\"><div id=\"gazdasagportal.hu_fullbanner_wideboard\"><\/div>\r\n<\/div>\n<p>    Bill Shine kor\u00e1bban a Fox telev\u00edzi\u00f3 t\u00e1rseln\u00f6ke volt, tavaly ny\u00e1ron vette \u00e1t a Feh\u00e9r H\u00e1z kommunik\u00e1ci\u00f3s csapat\u00e1nak ir\u00e1ny\u00edt\u00e1s\u00e1t.<br \/>\n     Sarah Huckabee Sanders, a Feh\u00e9r H\u00e1z sz\u00f3viv\u0151je \u00e9s Shine egyar\u00e1nt k\u00f6zlem\u00e9nyt adott ki. &#8222;Bill Shine kiv\u00e1l\u00f3 munk\u00e1t v\u00e9gzett&#8221; &#8211; \u00edrta a sz\u00f3viv\u0151n\u0151, a kommunik\u00e1ci\u00f3s szakember pedig \u00e9lete &#8222;leg\u00e9rdemlegesebb tapasztalat\u00e1nak min\u0151s\u00edtette&#8221; a Feh\u00e9r H\u00e1zban t\u00f6lt\u00f6tt h\u00f3napokat. &#8222;Igaz\u00e1n megtiszteltet\u00e9s volt, hogy apr\u00f3 r\u00e9szese lehettem mindannak, amit az eln\u00f6k az amerikai n\u00e9p\u00e9rt tesz&#8221; &#8211; fogalmazott Shine.<br \/>\n     K\u00fcl\u00f6n k\u00f6zlem\u00e9nyben m\u00e9ltatta Bill Shine munk\u00e1j\u00e1t Mick Mulvaney, a Feh\u00e9r H\u00e1z kabinetf\u0151n\u00f6ke is. &#8222;Felbecs\u00fclhetetlen fontoss\u00e1g\u00fa&#8221; volt a tev\u00e9kenys\u00e9ge &#8211; \u00edrta a szakemberr\u0151l, \u00e9s dics\u00e9rte &#8222;tehets\u00e9g\u00e9t, tapasztalat\u00e1t \u00e9s felk\u00e9sz\u00fclts\u00e9g\u00e9t&#8221;.<br \/>\n<div class=\"ads-in-post2\"><script async src=\"https:\/\/pagead2.googlesyndication.com\/pagead\/js\/adsbygoogle.js\"><\/script>\r\n<ins class=\"adsbygoogle\"\r\n     style=\"display:block\"\r\n     data-ad-format=\"fluid\"\r\n     data-ad-layout-key=\"-6t+ed+2i-1n-4w\"\r\n     data-ad-client=\"ca-pub-1959107119989764\"\r\n     data-ad-slot=\"4008251320\"><\/ins>\r\n<script>\r\n     (adsbygoogle = window.adsbygoogle || []).push({});\r\n<\/script><\/div>\n    Az 55 \u00e9ves Bill Sine nyolc h\u00f3napig dolgozott az eln\u00f6ki hivatalban. Sajt\u00f3\u00e9rtes\u00fcl\u00e9sek szerint azonban az eln\u00f6k az elm\u00falt h\u00f3napokban egyre t\u00f6bbet panaszkodott a sajt\u00f3ra \u00e9s Shine-t okolta a szerinte nem el\u00e9gg\u00e9 pozit\u00edv kommunik\u00e1ci\u00f3\u00e9rt.<br \/>\n    A The Washington Post Feh\u00e9r H\u00e1zb\u00f3l sz\u00e1rmaz\u00f3 inform\u00e1ci\u00f3i szerint az elm\u00falt hetekben kifejezetten megromlott Trump \u00e9s tan\u00e1csad\u00f3ja viszonya, Shine nem is k\u00eds\u00e9rte el az eln\u00f6k\u00f6t a Kim Dzsong Un \u00e9szak-koreai vezet\u0151vel tartott vietnami cs\u00facstal\u00e1lkoz\u00f3j\u00e1ra.<br \/>\n    A Shine t\u00e1voz\u00e1s\u00e1r\u00f3l sz\u00f3l\u00f3 k\u00f6zlem\u00e9ny akkor jelent meg, amikor Donald Trump rep\u00fcl\u0151g\u00e9pe lesz\u00e1llt Georgi\u00e1ban, ahonnan az eln\u00f6k helikopterrel indult tov\u00e1bb a torn\u00e1d\u00f3 s\u00fajtotta Alabama fel\u00e9. Trump elh\u00e1r\u00edtott minden \u00fajs\u00e1g\u00edr\u00f3i k\u00e9rd\u00e9st, amely Shine t\u00e1voz\u00e1s\u00e1t firtatta.(MTI)<\/p>\n","protected":false},"excerpt":{"rendered":"<p>Lemondott Bill Shine, Donald Trump m\u00e9dia-tan\u00e1csad\u00f3ja \u00e9s a Feh\u00e9r H\u00e1z helyettes kommunik\u00e1ci\u00f3s igazgat\u00f3ja, Trump \u00fajrav\u00e1laszt\u00e1si kamp\u00e1ny\u00e1nak menedzsere lesz &#8211; jelentette be a Feh\u00e9r H\u00e1z.<\/p>\n","protected":false},"author":1001003,"featured_media":0,"comment_status":"closed","ping_status":"open","sticky":false,"template":"","format":"standard","meta":[],"categories":[13],"tags":[],"_links":{"self":[{"href":"https:\/\/gazdasagportal.hu\/index.php\/wp-json\/wp\/v2\/posts\/114290"}],"collection":[{"href":"https:\/\/gazdasagportal.hu\/index.php\/wp-json\/wp\/v2\/posts"}],"about":[{"href":"https:\/\/gazdasagportal.hu\/index.php\/wp-json\/wp\/v2\/types\/post"}],"author":[{"embeddable":true,"href":"https:\/\/gazdasagportal.hu\/index.php\/wp-json\/wp\/v2\/users\/1001003"}],"replies":[{"embeddable":true,"href":"https:\/\/gazdasagportal.hu\/index.php\/wp-json\/wp\/v2\/comments?post=114290"}],"version-history":[{"count":1,"href":"https:\/\/gazdasagportal.hu\/index.php\/wp-json\/wp\/v2\/posts\/114290\/revisions"}],"predecessor-version":[{"id":114291,"href":"https:\/\/gazdasagportal.hu\/index.php\/wp-json\/wp\/v2\/posts\/114290\/revisions\/114291"}],"wp:attachment":[{"href":"https:\/\/gazdasagportal.hu\/index.php\/wp-json\/wp\/v2\/media?parent=114290"}],"wp:term":[{"taxonomy":"category","embeddable":true,"href":"https:\/\/gazdasagportal.hu\/index.php\/wp-json\/wp\/v2\/categories?post=114290"},{"taxonomy":"post_tag","embeddable":true,"href":"https:\/\/gazdasagportal.hu\/index.php\/wp-json\/wp\/v2\/tags?post=114290"}],"curies":[{"name":"wp","href":"https:\/\/api.w.org\/{rel}","templated":true}]}}