{"id":114288,"date":"2019-03-09T16:56:56","date_gmt":"2019-03-09T15:56:56","guid":{"rendered":"http:\/\/gazdasagportal.hu\/?p=114288"},"modified":"2019-03-09T09:23:23","modified_gmt":"2019-03-09T08:23:23","slug":"csokkent-a-legi-arufuvarozas-volumene-a-legi-utasforgalom-atlagon-felul-bovult-januarban","status":"publish","type":"post","link":"https:\/\/gazdasagportal.hu\/index.php\/csokkent-a-legi-arufuvarozas-volumene-a-legi-utasforgalom-atlagon-felul-bovult-januarban\/","title":{"rendered":"Cs\u00f6kkent a l\u00e9gi \u00e1rufuvaroz\u00e1s volumene, a l\u00e9gi utasforgalom \u00e1tlagon fel\u00fcl b\u0151v\u00fclt janu\u00e1rban"},"content":{"rendered":"<p><strong>A Nemzetk\u00f6zi L\u00e9gi Sz\u00e1ll\u00edt\u00e1si Sz\u00f6vets\u00e9g (IATA) adatai szerint h\u00e1rom\u00e9ves m\u00e9lypontra ker\u00fclt a l\u00e9gi \u00e1rusz\u00e1ll\u00edt\u00e1s, miut\u00e1n az id\u00e9n janu\u00e1rban k\u00f6zel 2 sz\u00e1zal\u00e9kkal cs\u00f6kkent a szektor teljes\u00edtm\u00e9nye az el\u0151z\u0151 \u00e9vihez viszony\u00edtva. Ek\u00f6zben az utasforgalom a sok\u00e9ves \u00e1tlag felett b\u0151v\u00fclt.<\/strong><!--more--><\/p>\n<div class=\"ads-in-post1\"><div id=\"gazdasagportal.hu_fullbanner_wideboard\"><\/div>\r\n<\/div>\n<p>    A montreali sz\u00e9khely\u0171 kereskedelmi szervezetnek az MTI-hez eljuttatott statisztik\u00e1j\u00e1b\u00f3l kider\u00fcl: janu\u00e1rban \u00e1ru-tonnakilom\u00e9terben sz\u00e1molva 1,8 sz\u00e1zal\u00e9kkal cs\u00f6kkent a szektor teljes\u00edtm\u00e9nye tavaly janu\u00e1rhoz viszony\u00edtva. Ek\u00f6zben a t\u00e1rsas\u00e1gok 6 sz\u00e1zal\u00e9kos kapacit\u00e1sb\u0151v\u00edt\u00e9st hajtottak v\u00e9gre, a j\u00e1ratok kihaszn\u00e1lts\u00e1ga 2,7 sz\u00e1zal\u00e9kponttal 45,1 sz\u00e1zal\u00e9kra cs\u00f6kkent. A szervezet elemz\u00e9se szerint a folyamat m\u00e9g 2018 k\u00f6zep\u00e9n kezd\u0151d\u00f6tt, \u00e9s h\u00e1tter\u00e9ben legink\u00e1bb a protekcionista, gazdas\u00e1gi szankci\u00f3kkal oper\u00e1l\u00f3 l\u00e9p\u00e9sek \u00e1llnak. Ezek kiiktat\u00e1sa n\u00e9lk\u00fcl az IATA szerint nem v\u00e1rhat\u00f3, hogy a szektor megfelel\u0151en tudjon b\u0151v\u00fclni.<br \/>\n<div class=\"ads-in-post2\"><script async src=\"https:\/\/pagead2.googlesyndication.com\/pagead\/js\/adsbygoogle.js\"><\/script>\r\n<ins class=\"adsbygoogle\"\r\n     style=\"display:block\"\r\n     data-ad-format=\"fluid\"\r\n     data-ad-layout-key=\"-6t+ed+2i-1n-4w\"\r\n     data-ad-client=\"ca-pub-1959107119989764\"\r\n     data-ad-slot=\"4008251320\"><\/ins>\r\n<script>\r\n     (adsbygoogle = window.adsbygoogle || []).push({});\r\n<\/script><\/div>\n    Az utasforgalom \u00e9rt\u00e9kes\u00edtett utaskilom\u00e9terben viszont a sok\u00e9ves \u00e1tlag felett, 6,5 sz\u00e1zal\u00e9kkal b\u0151v\u00fclt, \u00e9s b\u00e1r a kapacit\u00e1sok hasonl\u00f3 m\u00e9rt\u00e9kben emelkedtek, a j\u00e1ratok t\u00f6lt\u00f6tts\u00e9ge 0,1 sz\u00e1zal\u00e9kponttal 79,6 sz\u00e1zal\u00e9kra javult. Mindezt annak ellen\u00e9re, hogy az IATA szerint janu\u00e1rban a fejl\u0151d\u0151 gazdas\u00e1gokban cs\u00f6kkentek az \u00fczleti bizalmi indexek.<br \/>\n    A fejl\u0151d\u00e9s m\u00e9rt\u00e9ke azonban jelent\u0151sen elt\u00e9r a vil\u00e1g r\u00e9gi\u00f3iban: a K\u00f6zel-Keleten 1,5, \u00c1zsia-\u00d3ce\u00e1ni\u00e1ban 8,5 sz\u00e1zal\u00e9kkal b\u0151v\u00fclt a szektor, Eur\u00f3p\u00e1ban 7,4 sz\u00e1zal\u00e9kos fejl\u0151d\u00e9st mutattak ki tavaly janu\u00e1rhoz viszony\u00edtva.(MTI)<\/p>\n","protected":false},"excerpt":{"rendered":"<p>A Nemzetk\u00f6zi L\u00e9gi Sz\u00e1ll\u00edt\u00e1si Sz\u00f6vets\u00e9g (IATA) adatai szerint h\u00e1rom\u00e9ves m\u00e9lypontra ker\u00fclt a l\u00e9gi \u00e1rusz\u00e1ll\u00edt\u00e1s, miut\u00e1n az id\u00e9n janu\u00e1rban k\u00f6zel 2 sz\u00e1zal\u00e9kkal cs\u00f6kkent a szektor teljes\u00edtm\u00e9nye az el\u0151z\u0151 \u00e9vihez viszony\u00edtva. Ek\u00f6zben az utasforgalom a sok\u00e9ves \u00e1tlag felett b\u0151v\u00fclt.<\/p>\n","protected":false},"author":1001003,"featured_media":0,"comment_status":"closed","ping_status":"open","sticky":false,"template":"","format":"standard","meta":[],"categories":[246],"tags":[],"_links":{"self":[{"href":"https:\/\/gazdasagportal.hu\/index.php\/wp-json\/wp\/v2\/posts\/114288"}],"collection":[{"href":"https:\/\/gazdasagportal.hu\/index.php\/wp-json\/wp\/v2\/posts"}],"about":[{"href":"https:\/\/gazdasagportal.hu\/index.php\/wp-json\/wp\/v2\/types\/post"}],"author":[{"embeddable":true,"href":"https:\/\/gazdasagportal.hu\/index.php\/wp-json\/wp\/v2\/users\/1001003"}],"replies":[{"embeddable":true,"href":"https:\/\/gazdasagportal.hu\/index.php\/wp-json\/wp\/v2\/comments?post=114288"}],"version-history":[{"count":1,"href":"https:\/\/gazdasagportal.hu\/index.php\/wp-json\/wp\/v2\/posts\/114288\/revisions"}],"predecessor-version":[{"id":114289,"href":"https:\/\/gazdasagportal.hu\/index.php\/wp-json\/wp\/v2\/posts\/114288\/revisions\/114289"}],"wp:attachment":[{"href":"https:\/\/gazdasagportal.hu\/index.php\/wp-json\/wp\/v2\/media?parent=114288"}],"wp:term":[{"taxonomy":"category","embeddable":true,"href":"https:\/\/gazdasagportal.hu\/index.php\/wp-json\/wp\/v2\/categories?post=114288"},{"taxonomy":"post_tag","embeddable":true,"href":"https:\/\/gazdasagportal.hu\/index.php\/wp-json\/wp\/v2\/tags?post=114288"}],"curies":[{"name":"wp","href":"https:\/\/api.w.org\/{rel}","templated":true}]}}