{"id":114269,"date":"2019-03-08T12:21:46","date_gmt":"2019-03-08T11:21:46","guid":{"rendered":"http:\/\/gazdasagportal.hu\/?p=114269"},"modified":"2019-03-08T12:21:46","modified_gmt":"2019-03-08T11:21:46","slug":"az-elso-ket-honapot-673-milliard-forint-tobblettel-zarta-az-allamhaztartas","status":"publish","type":"post","link":"https:\/\/gazdasagportal.hu\/index.php\/az-elso-ket-honapot-673-milliard-forint-tobblettel-zarta-az-allamhaztartas\/","title":{"rendered":"Az els\u0151 k\u00e9t h\u00f3napot 67,3 milli\u00e1rd forint t\u00f6bblettel z\u00e1rta az \u00e1llamh\u00e1ztart\u00e1s"},"content":{"rendered":"<p><strong>Az \u00e1llamh\u00e1ztart\u00e1s k\u00f6zponti alrendszere 67,3 milli\u00e1rd forint t\u00f6bblettel z\u00e1rta az \u00e9v els\u0151 k\u00e9t h\u00f3napj\u00e1t. Febru\u00e1rban az \u00e1llamh\u00e1ztart\u00e1s 177,2 milli\u00e1rdos hi\u00e1nnyal z\u00e1rt &#8211; k\u00f6z\u00f6lte a P\u00e9nz\u00fcgyminiszt\u00e9rium (PM) p\u00e9nteken.<\/strong><!--more--><\/p>\n<div class=\"ads-in-post1\"><div id=\"gazdasagportal.hu_fullbanner_wideboard\"><\/div>\r\n<\/div>\n<p>    A PM a t\u00e1rsadalmi c\u00e9lokat szolg\u00e1l\u00f3 int\u00e9zked\u00e9sekkel \u00e9s a fejleszt\u00e9si programok t\u00e1mogat\u00e1s\u00e1val indokolta a febru\u00e1ri adatok alakul\u00e1s\u00e1t.<br \/>\n    Az \u00e9v els\u0151 k\u00e9t h\u00f3napj\u00e1ban a k\u00f6zponti k\u00f6lts\u00e9gvet\u00e9s 18,9 milli\u00e1rd forint, az elk\u00fcl\u00f6n\u00edtett \u00e1llami p\u00e9nzalapok 31,2 milli\u00e1rd forint, a t\u00e1rsadalombiztos\u00edt\u00e1s p\u00e9nz\u00fcgyi alapjai 17,2 milli\u00e1rd forint t\u00f6bbletet mutattak.<br \/>\n    A PM kor\u00e1bbi k\u00f6zl\u00e9se szerint az id\u00e9n janu\u00e1rban az \u00e1llamh\u00e1ztart\u00e1s egyenlege 244,5 milli\u00e1rd forint t\u00f6bbletet mutatott.<br \/>\n    A korm\u00e1ny eg\u00e9sz \u00e9vre 998,4 milli\u00e1rd forint hi\u00e1nyt tervezett a 2019. \u00e9vi k\u00f6lts\u00e9gvet\u00e9si t\u00f6rv\u00e9ny szerint.<br \/>\n    Janu\u00e1r-febru\u00e1rban \u00e1ltal\u00e1nos forgalmi ad\u00f3b\u00f3l 274,7 milli\u00e1rd forinttal, szem\u00e9lyi j\u00f6vedelemad\u00f3b\u00f3l 21,8 milli\u00e1rd forinttal, nyugd\u00edj-, eg\u00e9szs\u00e9gbiztos\u00edt\u00e1si \u00e9s munkaer\u0151piaci j\u00e1rul\u00e9kokb\u00f3l 40,9 milli\u00e1rd forinttal, m\u00edg j\u00f6ved\u00e9ki ad\u00f3b\u00f3l 21,1 milli\u00e1rd forinttal t\u00f6bb folyt be, mint az el\u0151z\u0151 \u00e9v azonos id\u0151szak\u00e1ban &#8211; ismertette a PM.<br \/>\n<div class=\"ads-in-post2\"><script async src=\"https:\/\/pagead2.googlesyndication.com\/pagead\/js\/adsbygoogle.js\"><\/script>\r\n<ins class=\"adsbygoogle\"\r\n     style=\"display:block\"\r\n     data-ad-format=\"fluid\"\r\n     data-ad-layout-key=\"-6t+ed+2i-1n-4w\"\r\n     data-ad-client=\"ca-pub-1959107119989764\"\r\n     data-ad-slot=\"4008251320\"><\/ins>\r\n<script>\r\n     (adsbygoogle = window.adsbygoogle || []).push({});\r\n<\/script><\/div>\n    Febru\u00e1r v\u00e9g\u00e9ig \u00f6sszesen 281,4 milli\u00e1rd forint uni\u00f3s bev\u00e9tel \u00e9rkezett a k\u00f6lts\u00e9gvet\u00e9sbe, m\u00edg a projektek megval\u00f3s\u00edt\u00e1s\u00e1t c\u00e9lz\u00f3 kiad\u00e1sok 200,2 milli\u00e1rd forintot tettek ki.<br \/>\n    A k\u00f6lts\u00e9gvet\u00e9si forr\u00e1sb\u00f3l finansz\u00edrozott projektek k\u00f6z\u00fcl a Modern V\u00e1rosok Program fejleszt\u00e9seit, valamint a vas\u00fath\u00e1l\u00f3zat meg\u00faj\u00edt\u00e1s\u00e1t emelt\u00e9k ki a k\u00f6zlem\u00e9nyben.<br \/>\n    A miniszt\u00e9rium k\u00f6z\u00f6lte: az id\u00e9n is kiegyens\u00falyozott n\u00f6veked\u00e9s v\u00e1rhat\u00f3, ami biztos\u00edtja a k\u00f6lts\u00e9gvet\u00e9s fenntarthat\u00f3s\u00e1g\u00e1t. Mindez el\u0151seg\u00edti az 1,8 sz\u00e1zal\u00e9kos hi\u00e1nyc\u00e9l el\u00e9r\u00e9s\u00e9t, mik\u00f6zben az \u00e1llamad\u00f3ss\u00e1g ar\u00e1nya m\u00e9g tov\u00e1bb cs\u00f6kkenhet.<br \/>\n    A t\u00e1rca szerint a hat\u00e9ves b\u00e9rmeg\u00e1llapod\u00e1s eredm\u00e9nyek\u00e9nt folytat\u00f3d\u00f3 b\u00e9remel\u00e9sek, a foglalkoztatottak sz\u00e1m\u00e1nak emelked\u00e9se, a lakoss\u00e1gi fogyaszt\u00e1s b\u0151v\u00fcl\u00e9se, az otthonteremt\u00e9s jelent\u0151s korm\u00e1nyzati t\u00e1mogat\u00e1sa, valamint a gazdas\u00e1gfeh\u00e9r\u00edt\u00e9s ter\u00e9n meghozott korm\u00e1nyzati int\u00e9zked\u00e9sek eredm\u00e9nyei egyar\u00e1nt visszat\u00fckr\u00f6z\u0151dnek az \u00e1llamh\u00e1ztart\u00e1si adatokban.(MTI)<\/p>\n","protected":false},"excerpt":{"rendered":"<p>Az \u00e1llamh\u00e1ztart\u00e1s k\u00f6zponti alrendszere 67,3 milli\u00e1rd forint t\u00f6bblettel z\u00e1rta az \u00e9v els\u0151 k\u00e9t h\u00f3napj\u00e1t. Febru\u00e1rban az \u00e1llamh\u00e1ztart\u00e1s 177,2 milli\u00e1rdos hi\u00e1nnyal z\u00e1rt &#8211; k\u00f6z\u00f6lte a P\u00e9nz\u00fcgyminiszt\u00e9rium (PM) p\u00e9nteken.<\/p>\n","protected":false},"author":1,"featured_media":0,"comment_status":"closed","ping_status":"open","sticky":false,"template":"","format":"standard","meta":[],"categories":[19],"tags":[],"_links":{"self":[{"href":"https:\/\/gazdasagportal.hu\/index.php\/wp-json\/wp\/v2\/posts\/114269"}],"collection":[{"href":"https:\/\/gazdasagportal.hu\/index.php\/wp-json\/wp\/v2\/posts"}],"about":[{"href":"https:\/\/gazdasagportal.hu\/index.php\/wp-json\/wp\/v2\/types\/post"}],"author":[{"embeddable":true,"href":"https:\/\/gazdasagportal.hu\/index.php\/wp-json\/wp\/v2\/users\/1"}],"replies":[{"embeddable":true,"href":"https:\/\/gazdasagportal.hu\/index.php\/wp-json\/wp\/v2\/comments?post=114269"}],"version-history":[{"count":1,"href":"https:\/\/gazdasagportal.hu\/index.php\/wp-json\/wp\/v2\/posts\/114269\/revisions"}],"predecessor-version":[{"id":114270,"href":"https:\/\/gazdasagportal.hu\/index.php\/wp-json\/wp\/v2\/posts\/114269\/revisions\/114270"}],"wp:attachment":[{"href":"https:\/\/gazdasagportal.hu\/index.php\/wp-json\/wp\/v2\/media?parent=114269"}],"wp:term":[{"taxonomy":"category","embeddable":true,"href":"https:\/\/gazdasagportal.hu\/index.php\/wp-json\/wp\/v2\/categories?post=114269"},{"taxonomy":"post_tag","embeddable":true,"href":"https:\/\/gazdasagportal.hu\/index.php\/wp-json\/wp\/v2\/tags?post=114269"}],"curies":[{"name":"wp","href":"https:\/\/api.w.org\/{rel}","templated":true}]}}