{"id":114267,"date":"2019-03-08T11:49:59","date_gmt":"2019-03-08T10:49:59","guid":{"rendered":"http:\/\/gazdasagportal.hu\/?p=114267"},"modified":"2019-03-08T11:49:59","modified_gmt":"2019-03-08T10:49:59","slug":"mnb-valamennyi-inflacios-alapmutato-az-inflacios-cel-fole-emelkedett","status":"publish","type":"post","link":"https:\/\/gazdasagportal.hu\/index.php\/mnb-valamennyi-inflacios-alapmutato-az-inflacios-cel-fole-emelkedett\/","title":{"rendered":"MNB: valamennyi infl\u00e1ci\u00f3s alapmutat\u00f3 az infl\u00e1ci\u00f3s c\u00e9l f\u00f6l\u00e9 emelkedett"},"content":{"rendered":"<p><strong>Febru\u00e1rban az indirekt ad\u00f3kt\u00f3l sz\u0171rt maginfl\u00e1ci\u00f3 0,2 sz\u00e1zal\u00e9kponttal, 3,2 sz\u00e1zal\u00e9kra emelkedett; a t\u00f6bbi tart\u00f3sabb infl\u00e1ci\u00f3s tendenci\u00e1kat megragad\u00f3 mutat\u00f3, a kereslet\u00e9rz\u00e9keny \u00e9s a ritk\u00e1n v\u00e1ltoz\u00f3 \u00e1r\u00fa term\u00e9kek infl\u00e1ci\u00f3ja is n\u0151tt az el\u0151z\u0151 h\u00f3naphoz k\u00e9pest 0,1, illetve 0,3 sz\u00e1zal\u00e9kponttal 3,1 \u00e9s 3,6 sz\u00e1zal\u00e9kra &#8211; \u00e1llap\u00edtotta meg a legfrissebb infl\u00e1ci\u00f3s adatokat \u00e9rt\u00e9kel\u0151 p\u00e9nteken kiadott elemz\u00e9s\u00e9ben a Magyar Nemzeti Bank (MNB).<\/strong><!--more--><\/p>\n<div class=\"ads-in-post1\"><div id=\"gazdasagportal.hu_fullbanner_wideboard\"><\/div>\r\n<\/div>\n<p>    A szolg\u00e1ltat\u00e1sok infl\u00e1ci\u00f3ja is n\u0151tt az el\u0151z\u0151 h\u00f3naphoz k\u00e9pest &#8211; f\u0171zt\u00e9k hozz\u00e1.<br \/>\n    Ezzel a jegybank \u00e1ltal az infl\u00e1ci\u00f3s alapfolyamatokat megragadni hivatott valamennyi alapmutat\u00f3 a 3,0 sz\u00e1zal\u00e9kos infl\u00e1ci\u00f3s c\u00e9l f\u00f6l\u00e9 emelkedett.<br \/>\n    Piaci elemz\u0151k gyakran felid\u00e9zik Nagy M\u00e1rtonnak, az MNB aleln\u00f6k\u00e9nek janu\u00e1ri nyilatkozat\u00e1t, amelyben kijelentette: ha az ad\u00f3sz\u0171rt maginfl\u00e1ci\u00f3 3 sz\u00e1zal\u00e9k f\u00f6l\u00e9 emelkedik, az a jegybanknak elegend\u0151 bizony\u00edt\u00e9k lenne arra, hogy meg kell kezdeni a monet\u00e1ris politika normaliz\u00e1l\u00e1s\u00e1t.<br \/>\n    Az MNB eml\u00e9keztet, az el\u0151z\u0151 h\u00f3naphoz k\u00e9pest az infl\u00e1ci\u00f3 0,4, a maginfl\u00e1ci\u00f3 0,3 sz\u00e1zal\u00e9kponttal emelkedett. A maginfl\u00e1ci\u00f3 emelked\u00e9s\u00e9t f\u0151k\u00e9nt a feldolgozott \u00e9lelmiszerek \u00e9s az iparcikkek infl\u00e1ci\u00f3j\u00e1nak n\u00f6veked\u00e9se okozta. Az infl\u00e1ci\u00f3 emelked\u00e9s\u00e9hez emellett a feldolgozatlan \u00e9lelmiszerek \u00e9s az \u00fczemanyag\u00e1rak v\u00e1ltoz\u00e1sa is hozz\u00e1j\u00e1rult. F\u0151k\u00e9nt a friss z\u00f6lds\u00e9gek \u00e1rainak n\u00f6veked\u00e9se miatt a feldolgozatlan \u00e9lelmiszerek &#8211; szezon\u00e1lisan igaz\u00edtott \u00e9s ad\u00f3sz\u0171rt &#8211; \u00e1rai emelkedtek, de a feldolgozott \u00e9lelmiszerek \u00e1rai is n\u0151ttek febru\u00e1rban.<br \/>\n<div class=\"ads-in-post2\"><script async src=\"https:\/\/pagead2.googlesyndication.com\/pagead\/js\/adsbygoogle.js\"><\/script>\r\n<ins class=\"adsbygoogle\"\r\n     style=\"display:block\"\r\n     data-ad-format=\"fluid\"\r\n     data-ad-layout-key=\"-6t+ed+2i-1n-4w\"\r\n     data-ad-client=\"ca-pub-1959107119989764\"\r\n     data-ad-slot=\"4008251320\"><\/ins>\r\n<script>\r\n     (adsbygoogle = window.adsbygoogle || []).push({});\r\n<\/script><\/div>\n    Az iparcikkek szezon\u00e1lisan igaz\u00edtott \u00e1rai az el\u0151z\u0151 h\u00f3naphoz k\u00e9pest enyh\u00e9n emelkedtek.  A tart\u00f3s iparcikkek \u00e1ra els\u0151sorban a haszn\u00e1lt szem\u00e9lyg\u00e9pkocsik, illetve a telev\u00edzi\u00f3 \u00e1r\u00e1nak m\u00e9rs\u00e9kl\u0151d\u00e9se nyom\u00e1n enyh\u00e9n cs\u00f6kkent, m\u00edg a nem tart\u00f3s iparcikkek\u00e9 n\u0151tt.<br \/>\n    A n\u00e9peg\u00e9szs\u00e9g\u00fcgyi term\u00e9kad\u00f3 \u00e9v eleji emel\u00e9se az alkoholmentes italok \u00e1rindex\u00e9nek n\u00f6veked\u00e9s\u00e9t okozta.<br \/>\n    A piaci szolg\u00e1ltat\u00e1sok \u00e1rai febru\u00e1rban \u00f6sszess\u00e9g\u00e9ben 0,5 sz\u00e1zal\u00e9kkal emelkedtek &#8211; jegyezte meg az MNB.(MTI)<\/p>\n","protected":false},"excerpt":{"rendered":"<p>Febru\u00e1rban az indirekt ad\u00f3kt\u00f3l sz\u0171rt maginfl\u00e1ci\u00f3 0,2 sz\u00e1zal\u00e9kponttal, 3,2 sz\u00e1zal\u00e9kra emelkedett; a t\u00f6bbi tart\u00f3sabb infl\u00e1ci\u00f3s tendenci\u00e1kat megragad\u00f3 mutat\u00f3, a kereslet\u00e9rz\u00e9keny \u00e9s a ritk\u00e1n v\u00e1ltoz\u00f3 \u00e1r\u00fa term\u00e9kek infl\u00e1ci\u00f3ja is n\u0151tt az el\u0151z\u0151 h\u00f3naphoz k\u00e9pest 0,1, illetve 0,3 sz\u00e1zal\u00e9kponttal 3,1 \u00e9s 3,6 sz\u00e1zal\u00e9kra &#8211; \u00e1llap\u00edtotta meg a legfrissebb infl\u00e1ci\u00f3s adatokat \u00e9rt\u00e9kel\u0151 p\u00e9nteken kiadott elemz\u00e9s\u00e9ben a Magyar Nemzeti &#8230;<\/p>\n","protected":false},"author":1,"featured_media":0,"comment_status":"closed","ping_status":"open","sticky":false,"template":"","format":"standard","meta":[],"categories":[19],"tags":[],"_links":{"self":[{"href":"https:\/\/gazdasagportal.hu\/index.php\/wp-json\/wp\/v2\/posts\/114267"}],"collection":[{"href":"https:\/\/gazdasagportal.hu\/index.php\/wp-json\/wp\/v2\/posts"}],"about":[{"href":"https:\/\/gazdasagportal.hu\/index.php\/wp-json\/wp\/v2\/types\/post"}],"author":[{"embeddable":true,"href":"https:\/\/gazdasagportal.hu\/index.php\/wp-json\/wp\/v2\/users\/1"}],"replies":[{"embeddable":true,"href":"https:\/\/gazdasagportal.hu\/index.php\/wp-json\/wp\/v2\/comments?post=114267"}],"version-history":[{"count":1,"href":"https:\/\/gazdasagportal.hu\/index.php\/wp-json\/wp\/v2\/posts\/114267\/revisions"}],"predecessor-version":[{"id":114268,"href":"https:\/\/gazdasagportal.hu\/index.php\/wp-json\/wp\/v2\/posts\/114267\/revisions\/114268"}],"wp:attachment":[{"href":"https:\/\/gazdasagportal.hu\/index.php\/wp-json\/wp\/v2\/media?parent=114267"}],"wp:term":[{"taxonomy":"category","embeddable":true,"href":"https:\/\/gazdasagportal.hu\/index.php\/wp-json\/wp\/v2\/categories?post=114267"},{"taxonomy":"post_tag","embeddable":true,"href":"https:\/\/gazdasagportal.hu\/index.php\/wp-json\/wp\/v2\/tags?post=114267"}],"curies":[{"name":"wp","href":"https:\/\/api.w.org\/{rel}","templated":true}]}}