{"id":114255,"date":"2019-03-08T07:47:31","date_gmt":"2019-03-08T06:47:31","guid":{"rendered":"http:\/\/gazdasagportal.hu\/?p=114255"},"modified":"2019-03-08T07:47:31","modified_gmt":"2019-03-08T06:47:31","slug":"rendkivuli-kozgyulest-hivott-ossze-aprilisra-a-konzum-nyrt","status":"publish","type":"post","link":"https:\/\/gazdasagportal.hu\/index.php\/rendkivuli-kozgyulest-hivott-ossze-aprilisra-a-konzum-nyrt\/","title":{"rendered":"Rendk\u00edv\u00fcli k\u00f6zgy\u0171l\u00e9st h\u00edvott \u00f6ssze \u00e1prilisra a Konzum Nyrt."},"content":{"rendered":"<p><strong>Rendk\u00edv\u00fcli k\u00f6zgy\u0171l\u00e9st h\u00edvott \u00f6ssze a Konzum Nyrt. \u00e9s Opus Global Nyrt.  \u00e1prilis 8-ra, hogy d\u00f6ntsenek a k\u00e9t t\u00e1rsas\u00e1g f\u00fazi\u00f3j\u00e1nak r\u00e9szleteir\u0151l &#8211; k\u00f6z\u00f6lte az Opus \u00e9s a Konzum cs\u00fct\u00f6rt\u00f6k este a Budapesti \u00c9rt\u00e9kt\u0151zsde (B\u00c9T) honlapj\u00e1n. <\/strong><!--more--><\/p>\n<div class=\"ads-in-post1\"><div id=\"gazdasagportal.hu_fullbanner_wideboard\"><\/div>\r\n<\/div>\n<p>    A t\u00e1rsas\u00e1gok k\u00f6zz\u00e9tett\u00e9k a k\u00f6zgy\u0171l\u00e9s el\u0151k\u00e9sz\u00edt\u0151 dokumentumait, amelyek tartalmazz\u00e1k a Konzum beolvad\u00e1s\u00e1hoz kapcsol\u00f3d\u00f3 tranzakci\u00f3 f\u0151bb r\u00e9szleteit, az igazgat\u00f3s\u00e1gok \u00e1ltal elfogadott \u00e1talakul\u00e1si (egyes\u00fcl\u00e9si) tervet.<br \/>\n    Az MTI-hez eljuttatott k\u00f6zlem\u00e9ny\u00fck szerint a Konzum \u00e9s az Opus Global r\u00e9szv\u00e9nyeinek \u00e1tv\u00e1lt\u00e1s\u00e1t 2:1 ar\u00e1nyban hat\u00e1rozt\u00e1k meg.<br \/>\n    A f\u00fazi\u00f3t k\u00f6vet\u0151en a Budapesti \u00c9rt\u00e9kt\u0151zsde (B\u00c9T) \u00f6t\u00f6dik legnagyobb v\u00e1llalata j\u00f6n l\u00e9tre. Az egyes\u00fclt v\u00e1llalat IFRS szerinti konszolid\u00e1lt saj\u00e1t t\u0151k\u00e9je (2018. december 31-i adatok alapj\u00e1n) meghaladja majd a 347 milli\u00e1rd forintot, kapitaliz\u00e1ci\u00f3ja (a 2019. m\u00e1rcius 6-i z\u00e1r\u00f3\u00e1rfolyamok alapj\u00e1n) pedig el\u00e9ri a 332 milli\u00e1rdot &#8211; \u00e1ll a k\u00f6zlem\u00e9nyben.<br \/>\n    A k\u00f6zz\u00e9tett hat\u00e1rozati kivonat szerint a k\u00f6zgy\u0171l\u00e9seken d\u00f6nthetnek majd t\u00f6bbek k\u00f6z\u00f6tt a beolvad\u00e1s id\u0151pontj\u00e1r\u00f3l \u00e9s a beolvad\u00e1s v\u00e9grehajt\u00e1s\u00e1hoz sz\u00fcks\u00e9ges k\u00e9rd\u00e9sekr\u0151l, valamint 2018-as egyedi, nem konszolid\u00e1lt \u00e9ves besz\u00e1mol\u00f3 elfogad\u00e1s\u00e1r\u00f3l.<br \/>\n<div class=\"ads-in-post2\"><script async src=\"https:\/\/pagead2.googlesyndication.com\/pagead\/js\/adsbygoogle.js\"><\/script>\r\n<ins class=\"adsbygoogle\"\r\n     style=\"display:block\"\r\n     data-ad-format=\"fluid\"\r\n     data-ad-layout-key=\"-6t+ed+2i-1n-4w\"\r\n     data-ad-client=\"ca-pub-1959107119989764\"\r\n     data-ad-slot=\"4008251320\"><\/ins>\r\n<script>\r\n     (adsbygoogle = window.adsbygoogle || []).push({});\r\n<\/script><\/div>\n    A tervek szerint az utols\u00f3 keresked\u00e9si nap a Konzum r\u00e9szv\u00e9nyekkel 2019. j\u00fanius 24., a jogut\u00f3d t\u00e1rsas\u00e1g r\u00e9szv\u00e9nyei j\u00falius 1-t\u0151l foroghatnak majd a Budapesti \u00c9rt\u00e9kt\u0151zsd\u00e9n.<br \/>\n    A cserear\u00e1ny meg\u00e1llap\u00edt\u00e1sakor a t\u00e1rsas\u00e1gok a 2018. december 31-i fordul\u00f3napra sz\u00e1m\u00edtott IFRS szerinti konszolid\u00e1lt saj\u00e1t t\u0151k\u00e9j\u00e9t vett\u00e9k alapul, mely tiszt\u00edt\u00e1s n\u00e9lk\u00fcl a Konzum Nyrt.-n\u00e9l meghaladta a 73,8 milli\u00e1rd, az Opus Global Nyrt. eset\u00e9ben pedig a 280,4 milli\u00e1rd forintot.<br \/>\n    Az egy r\u00e9szv\u00e9nyre es\u0151 saj\u00e1t t\u0151ke meghat\u00e1roz\u00e1sakor a t\u00e1rsas\u00e1gok saj\u00e1t t\u0151k\u00e9j\u00e9t cs\u00f6kkentett\u00e9k a nem ellen\u0151rz\u0151 r\u00e9szesed\u00e9sek \u00e9rt\u00e9k\u00e9vel, illetve a Konzum eset\u00e9ben a t\u0151zsdei t\u00e1rsas\u00e1g tulajdon\u00e1ban l\u00e9v\u0151 Opus Global r\u00e9szv\u00e9nyekb\u0151l sz\u00e1rmaz\u00f3 \u00e1tfog\u00f3 eredm\u00e9nnyel (6,5 milli\u00e1rd forint) is. \u00cdgy a Konzum Nyrt. eset\u00e9ben az egy r\u00e9szv\u00e9nyre jut\u00f3 saj\u00e1t t\u0151ke 154 forint, m\u00edg az Opus Global-n\u00e1l 314,1 forint lett.<br \/>\n    Azok a befektet\u0151k, akik nem k\u00edv\u00e1nnak r\u00e9szt venni az \u00faj v\u00e1llalatban, ezen az \u00e9rt\u00e9kben v\u00e1lthatj\u00e1k be r\u00e9szv\u00e9nyeiket a jogut\u00f3d t\u00e1rsas\u00e1gn\u00e1l.(MTI)<\/p>\n","protected":false},"excerpt":{"rendered":"<p>Rendk\u00edv\u00fcli k\u00f6zgy\u0171l\u00e9st h\u00edvott \u00f6ssze a Konzum Nyrt. \u00e9s Opus Global Nyrt. \u00e1prilis 8-ra, hogy d\u00f6ntsenek a k\u00e9t t\u00e1rsas\u00e1g f\u00fazi\u00f3j\u00e1nak r\u00e9szleteir\u0151l &#8211; k\u00f6z\u00f6lte az Opus \u00e9s a Konzum cs\u00fct\u00f6rt\u00f6k este a Budapesti \u00c9rt\u00e9kt\u0151zsde (B\u00c9T) honlapj\u00e1n.<\/p>\n","protected":false},"author":1,"featured_media":0,"comment_status":"closed","ping_status":"open","sticky":false,"template":"","format":"standard","meta":[],"categories":[7],"tags":[],"_links":{"self":[{"href":"https:\/\/gazdasagportal.hu\/index.php\/wp-json\/wp\/v2\/posts\/114255"}],"collection":[{"href":"https:\/\/gazdasagportal.hu\/index.php\/wp-json\/wp\/v2\/posts"}],"about":[{"href":"https:\/\/gazdasagportal.hu\/index.php\/wp-json\/wp\/v2\/types\/post"}],"author":[{"embeddable":true,"href":"https:\/\/gazdasagportal.hu\/index.php\/wp-json\/wp\/v2\/users\/1"}],"replies":[{"embeddable":true,"href":"https:\/\/gazdasagportal.hu\/index.php\/wp-json\/wp\/v2\/comments?post=114255"}],"version-history":[{"count":1,"href":"https:\/\/gazdasagportal.hu\/index.php\/wp-json\/wp\/v2\/posts\/114255\/revisions"}],"predecessor-version":[{"id":114256,"href":"https:\/\/gazdasagportal.hu\/index.php\/wp-json\/wp\/v2\/posts\/114255\/revisions\/114256"}],"wp:attachment":[{"href":"https:\/\/gazdasagportal.hu\/index.php\/wp-json\/wp\/v2\/media?parent=114255"}],"wp:term":[{"taxonomy":"category","embeddable":true,"href":"https:\/\/gazdasagportal.hu\/index.php\/wp-json\/wp\/v2\/categories?post=114255"},{"taxonomy":"post_tag","embeddable":true,"href":"https:\/\/gazdasagportal.hu\/index.php\/wp-json\/wp\/v2\/tags?post=114255"}],"curies":[{"name":"wp","href":"https:\/\/api.w.org\/{rel}","templated":true}]}}