{"id":114242,"date":"2019-03-07T16:56:55","date_gmt":"2019-03-07T15:56:55","guid":{"rendered":"http:\/\/gazdasagportal.hu\/?p=114242"},"modified":"2019-03-07T15:57:39","modified_gmt":"2019-03-07T14:57:39","slug":"csokkent-a-munkanelkuli-segelyt-kerok-szama-az-egyesult-allamokban-11","status":"publish","type":"post","link":"https:\/\/gazdasagportal.hu\/index.php\/csokkent-a-munkanelkuli-segelyt-kerok-szama-az-egyesult-allamokban-11\/","title":{"rendered":"Cs\u00f6kkent a munkan\u00e9lk\u00fcli seg\u00e9lyt k\u00e9r\u0151k sz\u00e1ma az Egyes\u00fclt \u00c1llamokban"},"content":{"rendered":"<p><strong>Cs\u00f6kkent a munkan\u00e9lk\u00fcli seg\u00e9lyt k\u00e9r\u0151k sz\u00e1ma az Egyes\u00fclt \u00c1llamokban a m\u00falt h\u00e9ten.<\/strong><!--more--><\/p>\n<div class=\"ads-in-post1\"><div id=\"gazdasagportal.hu_fullbanner_wideboard\"><\/div>\r\n<\/div>\n<p>    A washingtoni munka\u00fcgyi miniszt\u00e9rium cs\u00fct\u00f6rt\u00f6k\u00f6n k\u00f6z\u00f6lte, hogy a szezon\u00e1lisan kiigaz\u00edtott adatok szerint az els\u0151 alkalommal munkan\u00e9lk\u00fcli seg\u00e9ly\u00e9rt folyamod\u00f3k sz\u00e1ma 3 ezerrel, 223 ezerre m\u00e9rs\u00e9kl\u0151d\u00f6tt a m\u00e1rcius 2-\u00e1n z\u00e1r\u00f3dott h\u00e9ten. Elemz\u0151k enyh\u00e9bb cs\u00f6kken\u00e9st, 225 ezres sz\u00e1mot v\u00e1rtak.<br \/>\n    A 300 ezer alatti \u00e9rt\u00e9ket a munkaer\u0151piac robusztus er\u0151s\u00f6d\u00e9s\u00e9nek jelek\u00e9nt \u00e9rtelmezik az elemz\u0151k, \u00e9s m\u00e1r a 207. egym\u00e1st k\u00f6vet\u0151 h\u00e9ten \u00e1ll 300 ezer alatt ez a sz\u00e1m.<br \/>\n    A seg\u00e9lyk\u00e9relmek sz\u00e1m\u00e1t m\u00e9r\u0151 n\u00e9gyhetes mozg\u00f3\u00e1tlag ugyancsak 3 ezerrel 226 ezer 250-re esett. A mozg\u00f3\u00e1tlag seg\u00edt kisz\u0171rni az ideiglenes, egyszeri hat\u00e1sokat.<br \/>\n<div class=\"ads-in-post2\"><script async src=\"https:\/\/pagead2.googlesyndication.com\/pagead\/js\/adsbygoogle.js\"><\/script>\r\n<ins class=\"adsbygoogle\"\r\n     style=\"display:block\"\r\n     data-ad-format=\"fluid\"\r\n     data-ad-layout-key=\"-6t+ed+2i-1n-4w\"\r\n     data-ad-client=\"ca-pub-1959107119989764\"\r\n     data-ad-slot=\"4008251320\"><\/ins>\r\n<script>\r\n     (adsbygoogle = window.adsbygoogle || []).push({});\r\n<\/script><\/div>\n    A tart\u00f3san munkan\u00e9lk\u00fcli seg\u00e9lyt k\u00e9r\u0151k sz\u00e1ma 50 ezerrel, 1 milli\u00f3 755 ezerre s\u00fcllyedt a febru\u00e1r 23-\u00e1n z\u00e1rult h\u00e9ten. M\u00e1r a 97. egym\u00e1st k\u00f6vet\u0151 h\u00e9ten \u00e1llt k\u00e9tmilli\u00f3 alatt ez a sz\u00e1m, t\u00fckr\u00f6zve a munkaer\u0151piac feszess\u00e9g\u00e9t. A t\u00e9nyadat j\u00f3val kedvez\u0151bb a v\u00e1rtn\u00e1l, elemz\u0151k enyh\u00e9bb cs\u00f6kken\u00e9sre, 1 milli\u00f3 775 ezres adatra sz\u00e1m\u00edtottak.<br \/>\n    A tart\u00f3san munkan\u00e9lk\u00fcli seg\u00e9lyt k\u00e9r\u0151k sz\u00e1m\u00e1t m\u00e9r\u0151 n\u00e9gyhetes mozg\u00f3\u00e1tlag viszont 4750-nel, 1 milli\u00f3 766 ezer 500-ra emelkedett. Ez a sz\u00e1m 94. hete volt k\u00e9tmilli\u00f3 alatt.<br \/>\n    Az amerikai munkaer\u0151piac a teljes foglalkoztatotts\u00e1g k\u00f6r\u00fcli szinten mozog. Janu\u00e1rban 300 ezerrel, febru\u00e1rban pedig 183 ezerrel n\u0151tt a nem mez\u0151gazdas\u00e1gi \u00e1gazatokban foglalkoztatottak sz\u00e1ma az Egyes\u00fclt \u00c1llamokban. A munkan\u00e9lk\u00fclis\u00e9gi r\u00e1ta 4,0 sz\u00e1zal\u00e9kra n\u0151tt janu\u00e1rban a decemberben m\u00e9rt 3,9 sz\u00e1zal\u00e9kr\u00f3l, \u00e9s elemz\u0151i v\u00e1rakoz\u00e1sok szerint febru\u00e1rban \u00fajra 3,9 sz\u00e1zal\u00e9kra esik a mutat\u00f3.(MTI)<\/p>\n","protected":false},"excerpt":{"rendered":"<p>Cs\u00f6kkent a munkan\u00e9lk\u00fcli seg\u00e9lyt k\u00e9r\u0151k sz\u00e1ma az Egyes\u00fclt \u00c1llamokban a m\u00falt h\u00e9ten.<\/p>\n","protected":false},"author":1,"featured_media":0,"comment_status":"closed","ping_status":"open","sticky":false,"template":"","format":"standard","meta":[],"categories":[246],"tags":[],"_links":{"self":[{"href":"https:\/\/gazdasagportal.hu\/index.php\/wp-json\/wp\/v2\/posts\/114242"}],"collection":[{"href":"https:\/\/gazdasagportal.hu\/index.php\/wp-json\/wp\/v2\/posts"}],"about":[{"href":"https:\/\/gazdasagportal.hu\/index.php\/wp-json\/wp\/v2\/types\/post"}],"author":[{"embeddable":true,"href":"https:\/\/gazdasagportal.hu\/index.php\/wp-json\/wp\/v2\/users\/1"}],"replies":[{"embeddable":true,"href":"https:\/\/gazdasagportal.hu\/index.php\/wp-json\/wp\/v2\/comments?post=114242"}],"version-history":[{"count":1,"href":"https:\/\/gazdasagportal.hu\/index.php\/wp-json\/wp\/v2\/posts\/114242\/revisions"}],"predecessor-version":[{"id":114243,"href":"https:\/\/gazdasagportal.hu\/index.php\/wp-json\/wp\/v2\/posts\/114242\/revisions\/114243"}],"wp:attachment":[{"href":"https:\/\/gazdasagportal.hu\/index.php\/wp-json\/wp\/v2\/media?parent=114242"}],"wp:term":[{"taxonomy":"category","embeddable":true,"href":"https:\/\/gazdasagportal.hu\/index.php\/wp-json\/wp\/v2\/categories?post=114242"},{"taxonomy":"post_tag","embeddable":true,"href":"https:\/\/gazdasagportal.hu\/index.php\/wp-json\/wp\/v2\/tags?post=114242"}],"curies":[{"name":"wp","href":"https:\/\/api.w.org\/{rel}","templated":true}]}}