{"id":114234,"date":"2019-03-07T12:33:41","date_gmt":"2019-03-07T11:33:41","guid":{"rendered":"http:\/\/gazdasagportal.hu\/?p=114234"},"modified":"2019-03-07T12:33:41","modified_gmt":"2019-03-07T11:33:41","slug":"elemzok-a-kisebb-agazatok-ellensulyoztak-az-audi-sztrajk-hatasat-a-januari-ipari-termelesben","status":"publish","type":"post","link":"https:\/\/gazdasagportal.hu\/index.php\/elemzok-a-kisebb-agazatok-ellensulyoztak-az-audi-sztrajk-hatasat-a-januari-ipari-termelesben\/","title":{"rendered":"Elemz\u0151k: a kisebb \u00e1gazatok ellens\u00falyozt\u00e1k az Audi-sztr\u00e1jk hat\u00e1s\u00e1t a janu\u00e1ri ipari termel\u00e9sben"},"content":{"rendered":"<p><strong>Az ipar minden v\u00e1rakoz\u00e1s ellen\u00e9re, meglep\u0151en er\u0151sen kezdte az idei \u00e9vet, a k\u00f6zepes s\u00faly\u00fa \u00e1gazatok k\u00e9pesek voltak ellens\u00falyozni az aut\u00f3iparnak az Audi-sztr\u00e1jk miatti gyeng\u00e9bb teljes\u00edtm\u00e9ny\u00e9t &#8211; komment\u00e1lt\u00e1k az MTI-nek nyilatkoz\u00f3 piaci elemz\u0151k a K\u00f6zponti Statisztikai Hivatal (KSH) cs\u00fct\u00f6rt\u00f6k\u00f6n kiadott adatait.<\/strong><!--more--><\/p>\n<div class=\"ads-in-post1\"><div id=\"gazdasagportal.hu_fullbanner_wideboard\"><\/div>\r\n<\/div>\n<p>    A KSH els\u0151 becsl\u00e9se szerint janu\u00e1rban 4,4 sz\u00e1zal\u00e9kkal n\u0151tt az ipari termel\u00e9s a tavaly janu\u00e1rihoz k\u00e9pest, a munkanaphat\u00e1st\u00f3l megtiszt\u00edtott adatok szerint 5,0 sz\u00e1zal\u00e9k volt az emelked\u00e9s.<br \/>\n    Virov\u00e1cz P\u00e9ter, az ING Bank vezet\u0151 elemz\u0151je az MTI-hez eljuttatott komment\u00e1rj\u00e1ban meg\u00e1llap\u00edtotta: az ipar minden v\u00e1rakoz\u00e1s ellen\u00e9re meglep\u0151en er\u0151sen kezdte az \u00e9vet. A munkanaphat\u00e1st\u00f3l megtiszt\u00edtott havi n\u00f6veked\u00e9s egy\u00e1ltal\u00e1n nem \u00e1rulkodik arr\u00f3l, hogy janu\u00e1r v\u00e9g\u00e9n teljesen le\u00e1llt a magyar ipar egyik kulcsszerepl\u0151j\u00e9nek termel\u00e9se &#8211; k\u00f6z\u00f6lte.<br \/>\n    Hozz\u00e1tette, tov\u00e1bbra is \u00fagy t\u0171nik, hogy a k\u00f6zepes s\u00faly\u00fa \u00e1gazatokban m\u00e1r a tavaly is megfigyelt felfut\u00e1s folytat\u00f3dott, \u00edgy k\u00e9pes volt ellens\u00falyozni az aut\u00f3ipar gyeng\u00e9bb teljes\u00edtm\u00e9ny\u00e9t, ez\u00e9rt csup\u00e1n m\u00e9rs\u00e9kelt maradt a lassul\u00e1s a decemberi n\u00f6veked\u00e9si adathoz k\u00e9pest. Felt\u00e9telez\u00e9se szerint els\u0151sorban a gumiipar, a g\u00e9pgy\u00e1rt\u00e1s \u00e9s a tavaly janu\u00e1rin\u00e1l jelent\u0151sen hidegebb id\u0151 miatt az energiaipar kibocs\u00e1t\u00e1sa lend\u00edthette meg az ipart.<br \/>\n<div class=\"ads-in-post2\"><script async src=\"https:\/\/pagead2.googlesyndication.com\/pagead\/js\/adsbygoogle.js\"><\/script>\r\n<ins class=\"adsbygoogle\"\r\n     style=\"display:block\"\r\n     data-ad-format=\"fluid\"\r\n     data-ad-layout-key=\"-6t+ed+2i-1n-4w\"\r\n     data-ad-client=\"ca-pub-1959107119989764\"\r\n     data-ad-slot=\"4008251320\"><\/ins>\r\n<script>\r\n     (adsbygoogle = window.adsbygoogle || []).push({});\r\n<\/script><\/div>\n    A janu\u00e1ri j\u00f3 \u00e9vkezdet al\u00e1t\u00e1masztja az ING Bank elemz\u0151inek v\u00e1rakoz\u00e1s\u00e1t, hogy az id\u00e9n, az \u00faj kapacit\u00e1sok fokozatos bel\u00e9p\u00e9s\u00e9vel, az ipar k\u00e9pes lehet ism\u00e9t 4-5 sz\u00e1zal\u00e9kos n\u00f6veked\u00e9st el\u00e9rni, b\u00e1r a kock\u00e1zatok k\u00e9ts\u00e9gtelen\u00fcl ink\u00e1bb lefel\u00e9 mutatnak. Virov\u00e1cz P\u00e9ter ezek sor\u00e1ban eml\u00edtette a tov\u00e1bbra is er\u0151s munkaer\u0151hi\u00e1nyt, az egyes iparv\u00e1llalatokn\u00e1l elh\u00faz\u00f3d\u00f3 b\u00e9rt\u00e1rgyal\u00e1sokat, valamint azt is, hogy az Egyes\u00fclt \u00c1llamok felemelheti az import\u00e1lt aut\u00f3ipari term\u00e9kek v\u00e1mj\u00e1t, ami Magyarorsz\u00e1got mind k\u00f6zvetlen\u00fcl, mind a n\u00e9met iparon kereszt\u00fcl is \u00e9rinten\u00e9.<br \/>\n    Suppan Gergely, a Takar\u00e9kbank elemz\u0151je felfigyelt arra, hogy a j\u00e1rm\u0171gy\u00e1rt\u00e1s az Audi-sztr\u00e1jk ellen\u00e9re is n\u00f6veked\u00e9st mutatott, mivel az \u00faj modellek gy\u00e1rt\u00e1s\u00e1nak felfut\u00e1sa ellens\u00falyozhatta a kiesett termel\u00e9st. Id\u00e9n \u00faj g\u00e9pkocsi-modellek hazai gy\u00e1rt\u00e1sa \u00e9s tov\u00e1bbi feldolgoz\u00f3ipari kapacit\u00e1sok \u00fczembe helyez\u00e9se, valamint a robosztus bels\u0151 kereslet adhat tov\u00e1bbi lend\u00fcletet az ipari termel\u00e9snek. Ezzel szemben a meredeken cs\u00f6kken\u0151 eur\u00f3pai konjunkt\u00fara, a glob\u00e1lis \u00e9s a k\u00ednai gazdas\u00e1gi n\u00f6veked\u00e9s lassul\u00e1sa, valamint a d\u00f6nt\u0151en k\u00f6zvetett hat\u00e1sok miatt a Brexit k\u00f6r\u00fcli bizonytalans\u00e1g nagy kock\u00e1zatokat jelent. Id\u00e9n az ipari kibocs\u00e1t\u00e1s 5,3 sz\u00e1zal\u00e9kos n\u00f6veked\u00e9s\u00e9t v\u00e1rja a Takar\u00e9kbankban a tavalyi 3,6 sz\u00e1zal\u00e9k ut\u00e1n.<br \/>\n    N\u00e9meth D\u00e1vid, a K&#038;H Bank vezet\u0151 elemz\u0151je elmondta: b\u00e1r a janu\u00e1ri adat meghaladja a m\u00falt \u00e9v eg\u00e9sz\u00e9re vonatkoz\u00f3 3,8 sz\u00e1zal\u00e9kos \u00fctemet, elmarad az elm\u00falt k\u00e9t \u00e9vben m\u00e9rt janu\u00e1ri n\u00f6veked\u00e9s\u00e9t\u0151l, amikor 7 sz\u00e1zal\u00e9k feletti \u00fctemet dikt\u00e1lt az \u00e1gazat. Az elektronikai term\u00e9kek gy\u00e1rt\u00e1sa lassult, de m\u00e9g mindig felfel\u00e9 h\u00fazta a teljes\u00edtm\u00e9nyt, emellett az \u00e9lelmiszeripari term\u00e9kek is seg\u00edtett\u00e9k a n\u00f6veked\u00e9st &#8211; k\u00f6z\u00f6lte.<br \/>\n    Az el\u0151z\u0151 k\u00e9t \u00e9v janu\u00e1rj\u00e1t\u00f3l elmarad\u00f3 n\u00f6veked\u00e9si \u00fctem \u00f3vatoss\u00e1gra int, mert az eur\u00f3pai konjunkt\u00fara lassul\u00e1s\u00e1ra utal &#8211; mondta N\u00e9meth D\u00e1vid. A szakember szerint az els\u0151 f\u00e9l\u00e9vben gyeng\u00e9bben teljes\u00edthet a magyar ipar, a m\u00e1sodik f\u00e9l\u00e9vben j\u00f6het n\u00e9mi \u00e9l\u00e9nk\u00fcl\u00e9s. \u00d6sszess\u00e9g\u00e9ben a mostani kil\u00e1t\u00e1sok alapj\u00e1n 2019-ben 3-4 sz\u00e1zal\u00e9kos n\u00f6veked\u00e9ssel lehet sz\u00e1molni &#8211; mondta.<br \/>\n    Nyeste Orsolya, az Erste Bank szenior makrogazdas\u00e1gi elemz\u0151j\u00e9nek is pozit\u00edv meglepet\u00e9st hoztak a janu\u00e1rra vonatkoz\u00f3 ipari adatok m\u00e1r csak az\u00e9rt is, mert az Audi-sztr\u00e1jk okozta termel\u00e9sle\u00e1ll\u00e1s nem igaz\u00e1n l\u00e1tszik rajtuk. \u00dagy t\u0171nik teh\u00e1t, hogy az egy\u00e9b ipari szektorok teljes\u00edtm\u00e9nye ellens\u00falyozni tudta a sztr\u00e1jk okozta kies\u00e9sek negat\u00edv hat\u00e1sait &#8211; k\u00f6z\u00f6lte.<br \/>\n    Kifejtette, tov\u00e1bbra is neh\u00e9z az ipar r\u00f6vid t\u00e1v\u00fa kil\u00e1t\u00e1sainak meg\u00edt\u00e9l\u00e9se. Eddig ugyanis a f\u0151bb exportpiacokon roml\u00f3 \u00fczleti bizalommal \u00e9s n\u00f6veked\u00e9si kil\u00e1t\u00e1sokkal szemben a magyar ipar kifejezetten ellen\u00e1ll\u00f3nak bizonyult. A roml\u00f3 exportkil\u00e1t\u00e1sokat ellens\u00falyozhatta a stabil belf\u00f6ldi kereslet, illetve val\u00f3sz\u00edn\u0171s\u00edthet\u0151en emelkedett a k\u00e9szletez\u00e9s is. Az Erste elemz\u0151i &#8222;konszolid\u00e1lt teljes\u00edtm\u00e9nyt&#8221; v\u00e1rnak az elk\u00f6vetkez\u0151 h\u00f3napokra, \u00e9s az ipari termel\u00e9s volumene az \u00e9v eg\u00e9sz\u00e9ben v\u00e1rakoz\u00e1suk szerint 4,1 sz\u00e1zal\u00e9kkal b\u0151v\u00fclhet id\u00e9n.(MTI)<\/p>\n","protected":false},"excerpt":{"rendered":"<p>Az ipar minden v\u00e1rakoz\u00e1s ellen\u00e9re, meglep\u0151en er\u0151sen kezdte az idei \u00e9vet, a k\u00f6zepes s\u00faly\u00fa \u00e1gazatok k\u00e9pesek voltak ellens\u00falyozni az aut\u00f3iparnak az Audi-sztr\u00e1jk miatti gyeng\u00e9bb teljes\u00edtm\u00e9ny\u00e9t &#8211; komment\u00e1lt\u00e1k az MTI-nek nyilatkoz\u00f3 piaci elemz\u0151k a K\u00f6zponti Statisztikai Hivatal (KSH) cs\u00fct\u00f6rt\u00f6k\u00f6n kiadott adatait.<\/p>\n","protected":false},"author":1,"featured_media":0,"comment_status":"closed","ping_status":"open","sticky":false,"template":"","format":"standard","meta":[],"categories":[4,19],"tags":[],"_links":{"self":[{"href":"https:\/\/gazdasagportal.hu\/index.php\/wp-json\/wp\/v2\/posts\/114234"}],"collection":[{"href":"https:\/\/gazdasagportal.hu\/index.php\/wp-json\/wp\/v2\/posts"}],"about":[{"href":"https:\/\/gazdasagportal.hu\/index.php\/wp-json\/wp\/v2\/types\/post"}],"author":[{"embeddable":true,"href":"https:\/\/gazdasagportal.hu\/index.php\/wp-json\/wp\/v2\/users\/1"}],"replies":[{"embeddable":true,"href":"https:\/\/gazdasagportal.hu\/index.php\/wp-json\/wp\/v2\/comments?post=114234"}],"version-history":[{"count":1,"href":"https:\/\/gazdasagportal.hu\/index.php\/wp-json\/wp\/v2\/posts\/114234\/revisions"}],"predecessor-version":[{"id":114235,"href":"https:\/\/gazdasagportal.hu\/index.php\/wp-json\/wp\/v2\/posts\/114234\/revisions\/114235"}],"wp:attachment":[{"href":"https:\/\/gazdasagportal.hu\/index.php\/wp-json\/wp\/v2\/media?parent=114234"}],"wp:term":[{"taxonomy":"category","embeddable":true,"href":"https:\/\/gazdasagportal.hu\/index.php\/wp-json\/wp\/v2\/categories?post=114234"},{"taxonomy":"post_tag","embeddable":true,"href":"https:\/\/gazdasagportal.hu\/index.php\/wp-json\/wp\/v2\/tags?post=114234"}],"curies":[{"name":"wp","href":"https:\/\/api.w.org\/{rel}","templated":true}]}}