{"id":114215,"date":"2019-03-06T16:07:20","date_gmt":"2019-03-06T15:07:20","guid":{"rendered":"http:\/\/gazdasagportal.hu\/?p=114215"},"modified":"2019-03-06T16:07:20","modified_gmt":"2019-03-06T15:07:20","slug":"az-oecd-rontotta-vilaggazdasagi-elorejelzeset","status":"publish","type":"post","link":"https:\/\/gazdasagportal.hu\/index.php\/az-oecd-rontotta-vilaggazdasagi-elorejelzeset\/","title":{"rendered":"Az OECD rontotta vil\u00e1ggazdas\u00e1gi el\u0151rejelz\u00e9s\u00e9t"},"content":{"rendered":"<p><strong>Rontotta az idei \u00e9s a j\u00f6v\u0151 \u00e9vre vonatkoz\u00f3 vil\u00e1ggazdas\u00e1gi el\u0151rejelz\u00e9s\u00e9t a Gazdas\u00e1gi Egy\u00fcttm\u0171k\u00f6d\u00e9si \u00e9s Fejleszt\u00e9si Szervezet (OECD), amely arra figyelmeztetett, hogy a kereskedelmi vit\u00e1k \u00e9s a brit EU-tags\u00e1g megsz\u0171n\u00e9s\u00e9t (Brexit) \u00f6vez\u0151 bizonytalans\u00e1gok csap\u00e1st m\u00e9rnek a glob\u00e1lis kereskedelemre \u00e9s a v\u00e1llalatok tev\u00e9kenys\u00e9g\u00e9re. <\/strong><!--more--><\/p>\n<div class=\"ads-in-post1\"><div id=\"gazdasagportal.hu_fullbanner_wideboard\"><\/div>\r\n<\/div>\n<p>    A szerd\u00e1n k\u00f6zz\u00e9tett id\u0151k\u00f6zi gazdas\u00e1gi el\u0151rejelz\u00e9s tan\u00fas\u00e1ga szerint a p\u00e1rizsi sz\u00e9khely\u0171 multilater\u00e1lis szervezet szak\u00e9rt\u0151i \u00fagy becs\u00fclik, hogy id\u00e9n 3,3 sz\u00e1zal\u00e9kkal, j\u00f6v\u0151re pedig 3,4 sz\u00e1zal\u00e9kkal n\u00f6vekedhet a vil\u00e1ggazdas\u00e1g a 2018-ban el\u00e9rt 3,6 sz\u00e1zal\u00e9k ut\u00e1n. Az idei \u00e9vre vonatkoz\u00f3 progn\u00f3zist 0,2 sz\u00e1zal\u00e9kponttal, a j\u00f6v\u0151 \u00e9vit pedig 0,1 sz\u00e1zal\u00e9kponttal rontott\u00e1k az el\u0151z\u0151, tavaly novemberi el\u0151rejelz\u00e9shez k\u00e9pest.<br \/>\n    Az OECD novemberben m\u00e9g jelent\u0151sebb m\u00e9rt\u00e9kben rontotta el\u0151rejelz\u00e9s\u00e9t. Akkor a 2019-es \u00e9s a 2020-as \u00e9vre egyar\u00e1nt 3,5 sz\u00e1zal\u00e9kos glob\u00e1lis gazdas\u00e1gi b\u0151v\u00fcl\u00e9ssel sz\u00e1moltak, ami 0,3, illetve 0,4 sz\u00e1zal\u00e9kponttal volt alacsonyabb az el\u0151z\u0151, m\u00e1jusi becsl\u00e9shez k\u00e9pest.<br \/>\n    A legfrissebb progn\u00f3zis szerint a legnagyobb fejlett \u00e9s felt\u00f6rekv\u0151 gazdas\u00e1gok csoportj\u00e1ba (G20) tartoz\u00f3 orsz\u00e1gok majdnem mindegyik\u00e9ben romlottak a gazdas\u00e1gi kil\u00e1t\u00e1sok. A k\u00ednai \u00e9s az eur\u00f3pai gazdas\u00e1g gyeng\u00fcl\u00e9se a vil\u00e1gkereskedelem \u00e9s a glob\u00e1lis feldolgoz\u00f3ipar n\u00f6veked\u00e9s\u00e9nek lassul\u00e1s\u00e1val, a nagy politikai bizonytalans\u00e1gokkal, valamint a p\u00e9nzpiaci kock\u00e1zatokkal p\u00e1rosulva al\u00e1\u00e1shatja a k\u00f6z\u00e9pt\u00e1von er\u0151s \u00e9s fenntarthat\u00f3 n\u00f6veked\u00e9st szerte a vil\u00e1gban.<br \/>\n    Laurence Boone, az OECD f\u0151k\u00f6zgazd\u00e1sza kiemelte, hogy egyre er\u0151s\u00f6dnek a vil\u00e1ggazdas\u00e1gra leselked\u0151 komoly vesz\u00e9lyek. &#8222;Ha b\u00e1rmelyik r\u00e9gi\u00f3ban meredekebben lassul a gazdas\u00e1g, az kisiklathatja a vil\u00e1ggazdas\u00e1got, f\u0151leg akkor, ha a p\u00e9nzpiacokra is \u00e1tgy\u0171r\u0171zik a hat\u00e1s. A korm\u00e1nyoknak fokozniuk kell a t\u00f6bboldal\u00fa p\u00e1rbesz\u00e9det a kock\u00e1zatok cs\u00f6kkent\u00e9s\u00e9nek \u00e9rdek\u00e9ben \u00e9s \u00f6sszhangba kell hozniuk tev\u00e9kenys\u00e9g\u00fcket, hogy el tudjanak ker\u00fclni egy \u00fajabb v\u00e1ls\u00e1got&#8221; &#8211; mutatott r\u00e1.<br \/>\n    Az OECD arra sz\u00f3l\u00edtotta fel a k\u00f6zponti bankokat, hogy politik\u00e1juk maradjon a gazdas\u00e1gi n\u00f6veked\u00e9st t\u00e1mogat\u00f3 p\u00e1ly\u00e1n. Ugyanakkor hangs\u00falyozta azt is, hogy a monet\u00e1ris politika \u00f6nmag\u00e1ban nem tudja orvosolni Eur\u00f3pa gazdas\u00e1gi n\u00f6veked\u00e9s\u00e9nek lassul\u00e1s\u00e1t vagy jav\u00edtani a szer\u00e9ny k\u00f6z\u00e9pt\u00e1v\u00fa n\u00f6veked\u00e9si kil\u00e1t\u00e1sokat. Ha az alacsony ad\u00f3ss\u00e1g\u00e1llom\u00e1nnyal rendelkez\u0151 eur\u00f3pai orsz\u00e1gokban egy \u00faj \u00f6sszehangolt fisk\u00e1lis gazdas\u00e1g\u00e9l\u00e9nk\u00edt\u0151 programot ind\u00edtanak el, amihez az \u00f6sszes eur\u00f3\u00f6vezeti tag\u00e1llamban struktur\u00e1lis reformok p\u00e1rosulnak, az \u00faj l\u00f6k\u00e9st adna a n\u00f6veked\u00e9s fellend\u00edt\u00e9s\u00e9hez, a termel\u00e9kenys\u00e9g fokoz\u00e1s\u00e1hoz \u00e9s a b\u00e9rek emel\u00e9s\u00e9hez k\u00f6z\u00e9pt\u00e1von &#8211; mutattak r\u00e1 a szak\u00e9rt\u0151k.<br \/>\n<div class=\"ads-in-post2\"><script async src=\"https:\/\/pagead2.googlesyndication.com\/pagead\/js\/adsbygoogle.js\"><\/script>\r\n<ins class=\"adsbygoogle\"\r\n     style=\"display:block\"\r\n     data-ad-format=\"fluid\"\r\n     data-ad-layout-key=\"-6t+ed+2i-1n-4w\"\r\n     data-ad-client=\"ca-pub-1959107119989764\"\r\n     data-ad-slot=\"4008251320\"><\/ins>\r\n<script>\r\n     (adsbygoogle = window.adsbygoogle || []).push({});\r\n<\/script><\/div>\n    Novemberhez k\u00e9pest k\u00fcl\u00f6n\u00f6sen jelent\u0151sen romlottak az eur\u00f3\u00f6vezet, azon bel\u00fcl is N\u00e9metorsz\u00e1g \u00e9s Olaszorsz\u00e1g gazdas\u00e1gi kil\u00e1t\u00e1sai, valamint Nagy-Britanni\u00e9, Kanad\u00e1\u00e9 \u00e9s T\u00f6r\u00f6korsz\u00e1g\u00e9 is.<br \/>\n    Az eur\u00f3\u00f6vezet brutt\u00f3 hazai term\u00e9ke (GDP) id\u00e9n 1,0 sz\u00e1zal\u00e9kkal, j\u00f6v\u0151re pedig 1,2 sz\u00e1zal\u00e9kkal b\u0151v\u00fclhet a tavalyi 1,8 sz\u00e1zal\u00e9k ut\u00e1n. Novemberi progn\u00f3zis\u00e1ban az OECD az eur\u00f3\u00f6vezetre az idei \u00e9vre m\u00e9g 1,8 sz\u00e1zal\u00e9kos, j\u00f6v\u0151re pedig 1,6 sz\u00e1zal\u00e9kos GDP-n\u00f6veked\u00e9st jelzett.<br \/>\n    N\u00e9metorsz\u00e1g gazdas\u00e1ga id\u00e9n 0,7 sz\u00e1zal\u00e9kkal, j\u00f6v\u0151re pedig 1,1 sz\u00e1zal\u00e9kkal n\u00f6vekedhet, ez sokkal rosszabb a novemberben jelzett 1,6, illetve 1,4 sz\u00e1zal\u00e9khoz k\u00e9pest. Olaszorsz\u00e1g eset\u00e9ben az idei \u00e9vre a GDP 0,2 sz\u00e1zal\u00e9kos cs\u00f6kken\u00e9s\u00e9re, j\u00f6v\u0151re viszont 0,5 sz\u00e1zal\u00e9kos emelked\u00e9s\u00e9re sz\u00e1m\u00edtanak a szak\u00e9rt\u0151k, ez 1,1, illetve 0,4 sz\u00e1zal\u00e9kponttal kisebb a novemberi \u00e9rt\u00e9kekhez k\u00e9pest.<br \/>\n    A G20-ak GDP-n\u00f6veked\u00e9se id\u00e9n 3,5 sz\u00e1zal\u00e9k, j\u00f6v\u0151re pedig 3,7 sz\u00e1zal\u00e9k lehet a tavaly el\u00e9rt 3,8 sz\u00e1zal\u00e9k ut\u00e1n. A novemberi progn\u00f3zisban mindk\u00e9t \u00e9vre 3,7 sz\u00e1zal\u00e9kos v\u00e1rhat\u00f3 n\u00f6veked\u00e9st jelzett el\u0151re az OECD.<br \/>\n    Az Egyes\u00fclt \u00c1llamok GDP-n\u00f6veked\u00e9se a tavalyi 2,9 sz\u00e1zal\u00e9kr\u00f3l id\u00e9n 2,6 sz\u00e1zal\u00e9kra, j\u00f6v\u0151re pedig 2,2 sz\u00e1zal\u00e9kra m\u00e9rs\u00e9kl\u0151dhet. Novemberben 2019-re 2,7 sz\u00e1zal\u00e9kos, 2020-ra pedig 2,1 sz\u00e1zal\u00e9kos n\u00f6veked\u00e9st j\u00f3soltak.<br \/>\n    K\u00edn\u00e1ban is lassul a GDP-n\u00f6veked\u00e9s, de eg\u00e9szen m\u00e1s nagys\u00e1grendben: a tavalyi 6,6 sz\u00e1zal\u00e9k ut\u00e1n id\u00e9n 6,2 sz\u00e1zal\u00e9kra, 2020-ban pedig 6,0 sz\u00e1zal\u00e9kra v\u00e1rhat\u00f3. Novemberhez k\u00e9pest csak a 2019-es \u00e9rt\u00e9k v\u00e1ltozott, 0,1 sz\u00e1zal\u00e9kponttal vitt\u00e9k lejjebb.<br \/>\n    Oroszorsz\u00e1g gazdas\u00e1ga a tavalyi 2,3 sz\u00e1zal\u00e9k ut\u00e1n id\u00e9n 1,4 sz\u00e1zal\u00e9kkal, j\u00f6v\u0151re pedig 1,5 sz\u00e1zal\u00e9kkal b\u0151v\u00fclhet. Novemberben a 2019-es \u00e9vre 1,5 sz\u00e1zal\u00e9kos, 2020-asra pedig 1,8 sz\u00e1zal\u00e9kot adtak meg.(MTI)<\/p>\n","protected":false},"excerpt":{"rendered":"<p>Rontotta az idei \u00e9s a j\u00f6v\u0151 \u00e9vre vonatkoz\u00f3 vil\u00e1ggazdas\u00e1gi el\u0151rejelz\u00e9s\u00e9t a Gazdas\u00e1gi Egy\u00fcttm\u0171k\u00f6d\u00e9si \u00e9s Fejleszt\u00e9si Szervezet (OECD), amely arra figyelmeztetett, hogy a kereskedelmi vit\u00e1k \u00e9s a brit EU-tags\u00e1g megsz\u0171n\u00e9s\u00e9t (Brexit) \u00f6vez\u0151 bizonytalans\u00e1gok csap\u00e1st m\u00e9rnek a glob\u00e1lis kereskedelemre \u00e9s a v\u00e1llalatok tev\u00e9kenys\u00e9g\u00e9re.<\/p>\n","protected":false},"author":1,"featured_media":0,"comment_status":"closed","ping_status":"open","sticky":false,"template":"","format":"standard","meta":[],"categories":[246],"tags":[],"_links":{"self":[{"href":"https:\/\/gazdasagportal.hu\/index.php\/wp-json\/wp\/v2\/posts\/114215"}],"collection":[{"href":"https:\/\/gazdasagportal.hu\/index.php\/wp-json\/wp\/v2\/posts"}],"about":[{"href":"https:\/\/gazdasagportal.hu\/index.php\/wp-json\/wp\/v2\/types\/post"}],"author":[{"embeddable":true,"href":"https:\/\/gazdasagportal.hu\/index.php\/wp-json\/wp\/v2\/users\/1"}],"replies":[{"embeddable":true,"href":"https:\/\/gazdasagportal.hu\/index.php\/wp-json\/wp\/v2\/comments?post=114215"}],"version-history":[{"count":1,"href":"https:\/\/gazdasagportal.hu\/index.php\/wp-json\/wp\/v2\/posts\/114215\/revisions"}],"predecessor-version":[{"id":114216,"href":"https:\/\/gazdasagportal.hu\/index.php\/wp-json\/wp\/v2\/posts\/114215\/revisions\/114216"}],"wp:attachment":[{"href":"https:\/\/gazdasagportal.hu\/index.php\/wp-json\/wp\/v2\/media?parent=114215"}],"wp:term":[{"taxonomy":"category","embeddable":true,"href":"https:\/\/gazdasagportal.hu\/index.php\/wp-json\/wp\/v2\/categories?post=114215"},{"taxonomy":"post_tag","embeddable":true,"href":"https:\/\/gazdasagportal.hu\/index.php\/wp-json\/wp\/v2\/tags?post=114215"}],"curies":[{"name":"wp","href":"https:\/\/api.w.org\/{rel}","templated":true}]}}