{"id":114213,"date":"2019-03-06T15:17:38","date_gmt":"2019-03-06T14:17:38","guid":{"rendered":"http:\/\/gazdasagportal.hu\/?p=114213"},"modified":"2019-03-06T15:17:38","modified_gmt":"2019-03-06T14:17:38","slug":"kozel-minden-harmadik-magyar-cegnek-noi-vezetoje-van","status":"publish","type":"post","link":"https:\/\/gazdasagportal.hu\/index.php\/kozel-minden-harmadik-magyar-cegnek-noi-vezetoje-van\/","title":{"rendered":"K\u00f6zel minden harmadik magyar c\u00e9gnek n\u0151i vezet\u0151je van"},"content":{"rendered":"<p><strong>M\u00e1rcius 8-\u00e1n manaps\u00e1g vir\u00e1ggal, csokol\u00e1d\u00e9val \u00e9s b\u00f3kokkal kedvesked\u00fcnk n\u0151i ismer\u0151seinknek, holott eredetileg ez a n\u0151k egyenjog\u00fas\u00e1g\u00e1val \u00e9s szabad munkav\u00e1llal\u00e1s\u00e1val kapcsolatos mozgalom napja volt. Az\u00f3ta nagyot fordult a vil\u00e1g, \u00e9s a n\u0151k \u00fczleti \u00e9letben bet\u00f6lt\u00f6tt szerep\u00e9hez k\u00e9ts\u00e9g sem f\u00e9rhet. Magyarorsz\u00e1g az el\u0151kel\u0151 12. helyen szerepel a n\u0151i tulajdon\u00fa vagy n\u0151k \u00e1ltal vezetett v\u00e1llalkoz\u00e1sok ar\u00e1ny\u00e1t tekintve, mik\u00f6zben a Start it @K&amp;H, haz\u00e1nk vezet\u0151 nagyv\u00e1llalati inkub\u00e1tora szerint ez az akt\u00edv r\u00e9szv\u00e9tel a startupok eset\u00e9ben is megfigyelhet\u0151.<\/strong><!--more--><\/p>\n<div class=\"ads-in-post1\"><div id=\"gazdasagportal.hu_fullbanner_wideboard\"><\/div>\r\n<\/div>\n<p>&nbsp;<\/p>\n<p>1917 \u00f3ta \u00fcnneplik vil\u00e1gszerte &#8211; Magyarorsz\u00e1gon pedig 1948 \u00f3ta &#8211; m\u00e1rcius 8-\u00e1n a n\u0151ket abb\u00f3l a c\u00e9lb\u00f3l, hogy kifejezz\u00e9k a n\u0151k ir\u00e1nti tiszteletet \u00e9s megbecs\u00fcl\u00e9st. A n\u0151nap teh\u00e1t eredetileg nem a vir\u00e1ggal \u00e9s csokol\u00e1d\u00e9val kedvesked\u00e9s napja volt, hanem a n\u0151k egyenjog\u00fas\u00e1g\u00e1\u00e9rt \u00e9s a szabad munkav\u00e1llal\u00e1s\u00e1val kapcsolatos mozgalom \u00fcnnepe. A \u201egyeng\u00e9bbik nem\u201d jelz\u0151 \u00edgy manaps\u00e1g m\u00e1r nem \u00e1llja meg a hely\u00e9t, hiszen a n\u0151k munk\u00e1ban bet\u00f6lt\u00f6tt szerepe \u00e9s a n\u0151i v\u00e1llalkoz\u00e1sok vil\u00e1gszerte fejl\u0151d\u00e9st mutatnak \u00e9s kiemelked\u0151 sikerek f\u0171z\u0151dnek hozz\u00e1juk. A n\u0151i tulajdon\u00fa vagy n\u0151k \u00e1ltal vezetett v\u00e1llalkoz\u00e1sok szempontj\u00e1b\u00f3l Magyarorsz\u00e1g az el\u0151kel\u0151 12. helyen szerepel a Mastercard N\u0151i V\u00e1llalkoz\u00f3i Index 57 orsz\u00e1got vizsg\u00e1l\u00f3 list\u00e1j\u00e1n, annak k\u00f6sz\u00f6nhet\u0151en, hogy haz\u00e1nkban 28,1% ezen c\u00e9gek ar\u00e1nya. A Start it @K&amp;H, haz\u00e1nk vezet\u0151 nagyv\u00e1llalati inkub\u00e1tor\u00e1nak tapasztalatai szerint ugyanakkor a n\u0151i v\u00e1llalkoz\u00e1sok akt\u00edv r\u00e9szv\u00e9tele a startup k\u00f6z\u00f6ss\u00e9gben is megfigyelhet\u0151, aminek h\u00e1tter\u00e9ben az \u00e1llhat, hogy a n\u0151k legal\u00e1bb olyan sz\u00edvesen alap\u00edtanak v\u00e1llalkoz\u00e1st \u00e9s val\u00f3s\u00edtj\u00e1k meg \u00e1lmaikat, mint a f\u00e9rfiak.<\/p><div id=\"gazda-2224497267\" class=\"gazda-tartalomban gazda-entity-placement\"><script async src=\"https:\/\/pagead2.googlesyndication.com\/pagead\/js\/adsbygoogle.js\"><\/script>\r\n<ins class=\"adsbygoogle\"\r\n     style=\"display:block\"\r\n     data-ad-format=\"fluid\"\r\n     data-ad-layout-key=\"-6t+ed+2i-1n-4w\"\r\n     data-ad-client=\"ca-pub-1959107119989764\"\r\n     data-ad-slot=\"4008251320\"><\/ins>\r\n<script>\r\n     (adsbygoogle = window.adsbygoogle || []).push({});\r\n<\/script><\/div>\n<p>&nbsp;<\/p>\n<div class=\"ads-in-post2\"><script async src=\"https:\/\/pagead2.googlesyndication.com\/pagead\/js\/adsbygoogle.js\"><\/script>\r\n<ins class=\"adsbygoogle\"\r\n     style=\"display:block\"\r\n     data-ad-format=\"fluid\"\r\n     data-ad-layout-key=\"-6t+ed+2i-1n-4w\"\r\n     data-ad-client=\"ca-pub-1959107119989764\"\r\n     data-ad-slot=\"4008251320\"><\/ins>\r\n<script>\r\n     (adsbygoogle = window.adsbygoogle || []).push({});\r\n<\/script><\/div>\nA helyzet azonban nem ennyire der\u0171s. A Start it @K&amp;H programban jelenleg a vil\u00e1g\u00e1tlagot meghaladva a startupok harmada, 7 csapat rendelkezik n\u0151i alap\u00edt\u00f3val, akik k\u00f6z\u00fcl a Click4Work \u00e9s az UniPie a mai napon \u00e1tvehette a \u201eN\u0151i startupper k\u00fcl\u00f6nd\u00edj\u201d oklevelet a BVK Be Smart! verseny\u00e9n. V\u00e9lem\u00e9ny\u00fck szerint azonban vannak m\u00e9g negat\u00edv sztereot\u00edpi\u00e1k a n\u0151i v\u00e1llalkoz\u00f3kkal szemben, \u00e9s sok esetben m\u00e9g hazai szinten is plusz akad\u00e1lyokkal kell megk\u00fczdeni a nemi alap\u00fa h\u00e1tr\u00e1nyos megk\u00fcl\u00f6nb\u00f6ztet\u00e9s miatt. Holott a BCG tavalyi tanulm\u00e1nya arra mutat r\u00e1, hogy a n\u0151i alap\u00edt\u00e1s\u00fa v\u00e1llalkoz\u00e1sok kimutathat\u00f3an nyeres\u00e9gesebbek az \u00e1tlagn\u00e1l. A SCORE v\u00e1llalkoz\u00f3i szervezet nemzetk\u00f6zi elemz\u00e9se szerint pedig a n\u0151k p\u00e9ld\u00e1ul jelent\u0151sen nagyobb val\u00f3sz\u00edn\u0171s\u00e9ggel alap\u00edtanak v\u00e1llalkoz\u00e1st a szolg\u00e1ltat\u00f3, eg\u00e9szs\u00e9g\u00fcgyi \u00e9s oktat\u00e1si szektorban, mint a f\u00e9rfiak. J\u00f3 p\u00e9lda erre Apr\u00f3 Anna, a C\u00e1p\u00e1k k\u00f6z\u00f6tt \u00fczleti show egyik befektet\u0151je, az Oxo Holding befektet\u0151i csoport egyetlen n\u0151i tagja, akinek specialit\u00e1sa az \u00fczletfejleszt\u00e9s, sz\u00edv\u00fcgye azonban az eg\u00e9szs\u00e9g\u00fcgy. Anna nem tesz k\u00fcl\u00f6nbs\u00e9get n\u0151 \u00e9s f\u00e9rfi k\u00f6z\u00f6tt, v\u00e9lem\u00e9nye szerint, ami egy j\u00f3 v\u00e1llalkoz\u00f3hoz kell, az ugyan\u00fagy meglehet egy n\u0151ben, mint egy f\u00e9rfiban.<\/p>\n<p><strong>H\u00e1tr\u00e1nyb\u00f3l el\u0151nyt kov\u00e1csolni<\/strong><\/p>\n<p>Mivel \u00e1ltal\u00e1noss\u00e1gban a n\u0151k jobban tudnak kommunik\u00e1lni-t\u00e1rgyalni, kreat\u00edvak \u00e9s empatikusak, egy startup m\u0171k\u00f6dtet\u00e9se sor\u00e1n kiv\u00e1l\u00f3an tudj\u00e1k tehets\u00e9g\u00fcket \u00e9s k\u00e9pess\u00e9geiket kamatoztatni. Ez pedig nagy el\u0151nyt jelenthet a mai vil\u00e1gban, ahol a folyamatos \u00fczleti \u00e9s fogyaszt\u00f3i kommunik\u00e1ci\u00f3, az online jelenl\u00e9t, a vizu\u00e1lis megjelen\u00e9s \u00e9s a kreat\u00edv tartalmak jelent\u0151sen hozz\u00e1j\u00e1rulnak egy c\u00e9g sikeress\u00e9g\u00e9hez. A startupok eset\u00e9ben pedig ez fokozottan igaz, hiszen n\u00e1luk jellemz\u0151en j\u00f3val r\u00f6videbb id\u0151 telik el az \u00f6tlett\u0151l a piacra l\u00e9p\u00e9sig.<\/p>\n<p>&nbsp;<\/p>\n<p><strong>N\u0151kb\u0151l \u00e9s f\u00e9rfiakb\u00f3l \u00e1ll\u00f3 csapatok jelentkez\u00e9s\u00e9t egyar\u00e1nt v\u00e1rja m\u00e1rcius 20-ig a Start it @K&amp;H inkub\u00e1torprogram az al\u00e1bbi linken: <a href=\"https:\/\/startitkh.hu\" target=\"_blank\" rel=\"noopener\">startitkh.hu<\/a>.<\/strong><\/p>\n<p><strong>\u00a0<\/strong><\/p>\n<p><strong>A\u00a0Start it @K&amp;H inkub\u00e1torr\u00f3l<\/strong><\/p>\n<p>A K&amp;H t\u00f6bb mint 30 \u00e9ves szakmai h\u00e1tter\u00e9vel olyan seg\u00edts\u00e9get ny\u00fajt a hazai startupok sz\u00e1m\u00e1ra, amely a legkritikusabb pillanatban a legnagyobbat lend\u00edtheti rajtuk. A Start it @K&amp;H inkub\u00e1tor az ingyenes irodai infrastrukt\u00fara \u00e9s az inspir\u00e1l\u00f3 k\u00f6rnyezet mellett folyamatos k\u00e9pz\u00e9st, dedik\u00e1lt ipar\u00e1gi mentorokat \u00e9s nemzetk\u00f6zi kapcsolatrendszert k\u00edn\u00e1l a startupok ig\u00e9nyeihez igazod\u00f3an, vel\u00fck egy\u00fctt gondolkodva.<\/p>\n<p><strong>\u00a0<\/strong><\/p>\n<p><strong>A K&amp;H Csoport<\/strong><\/p>\n<p>Az orsz\u00e1g egyik vezet\u0151 \u00e9s orsz\u00e1gosan t\u00f6bb mint 4000 munkat\u00e1rsat foglalkoztat\u00f3 p\u00e9nzint\u00e9zetek\u00e9nt a K&amp;H c\u00e9lja, hogy \u00fcgyfelei ig\u00e9nyeit minden id\u0151ben magas szinten el\u00e9g\u00edtse ki, \u00e9s a lehet\u0151 legteljesebb term\u00e9kpalett\u00e1t ny\u00fajtsa sz\u00e1mukra. A K&amp;H orsz\u00e1gszerte 206 lakoss\u00e1gi fi\u00f3kot m\u0171k\u00f6dtet, \u00e9s mintegy 1 milli\u00f3 lakoss\u00e1gi, kkv \u00e9s v\u00e1llalati \u00fcgyfel\u00e9nek k\u00edn\u00e1l p\u00e9nz\u00fcgyi szolg\u00e1ltat\u00e1sokat. A magyar gazdas\u00e1g m\u0171k\u00f6d\u00e9s\u00e9t t\u00f6bb mint 2200 milli\u00e1rd forintnyi kihelyezett hitel- \u00e9s hiteljelleg\u0171 \u00e1llom\u00e1nnyal seg\u00edti h\u00e1ztart\u00e1sok, kisv\u00e1llalkoz\u00e1sok, v\u00e1llalatok \u00e9s \u00f6nkorm\u00e1nyzatok finansz\u00edroz\u00e1s\u00e1n kereszt\u00fcl. A c\u00e9gcsoport teljes tev\u00e9kenys\u00e9ge hozz\u00e1vet\u0151legesen 4000 magyar besz\u00e1ll\u00edt\u00f3nak \u00e9s mintegy 700 banki \u00e9s biztos\u00edt\u00e1si \u00fcgyn\u00f6knek biztos\u00edt megrendel\u00e9seket \u00e9s folyamatos tev\u00e9kenys\u00e9get.<\/p>\n<p><strong>\u00a0<\/strong><\/p>\n<p>&nbsp;<\/p>\n<p><strong>K&amp;H Bank<\/strong><\/p>\n<ol start=\"2018\">\n<li><u> III. negyed\u00e9v\u00e9nek v\u00e9g\u00e9n:<\/u><\/li>\n<\/ol>\n<p>saj\u00e1t t\u0151ke (IFRS konszolid\u00e1lt, nem audit\u00e1lt):<strong> 286 milli\u00e1rd forint<\/strong><\/p>\n<p>m\u00e9rlegf\u0151\u00f6sszeg (IFRS konszolid\u00e1lt, nem audit\u00e1lt):<strong> 3 133 milli\u00e1rd forint<\/strong><\/p>\n<p>ad\u00f3z\u00e1s ut\u00e1ni eredm\u00e9ny (IFRS konszolid\u00e1lt, nem audit\u00e1lt): <strong>45,1 milli\u00e1rd forint<\/strong><\/p>\n<p><strong>\u00a0<\/strong><\/p>\n<p><strong>K&amp;H Biztos\u00edt\u00f3<\/strong><\/p>\n<ol start=\"2018\">\n<li><u> III. negyed\u00e9v\u00e9nek v\u00e9g\u00e9n:<\/u><\/li>\n<\/ol>\n<p>saj\u00e1t t\u0151ke (IFRS konszolid\u00e1lt, nem audit\u00e1lt): <strong>12,6 milli\u00e1rd forint<\/strong><\/p>\n<p>m\u00e9rlegf\u0151\u00f6sszeg (IFRS konszolid\u00e1lt, nem audit\u00e1lt): <strong>168,6 milli\u00e1rd forint<\/strong><\/p>\n<p>biztos\u00edt\u00e1stechnikai eredm\u00e9ny (IFRS konszolid\u00e1lt, nem audit\u00e1lt): <strong>4,2 milli\u00e1rd forint<\/strong><\/p>\n<p>ad\u00f3z\u00e1s ut\u00e1ni eredm\u00e9ny (IFRS konszolid\u00e1lt, nem audit\u00e1lt): <strong>3,2 milli\u00e1rd forint<\/strong><\/p>\n<p><strong>\u00a0<\/strong><\/p>\n","protected":false},"excerpt":{"rendered":"<p>M\u00e1rcius 8-\u00e1n manaps\u00e1g vir\u00e1ggal, csokol\u00e1d\u00e9val \u00e9s b\u00f3kokkal kedvesked\u00fcnk n\u0151i ismer\u0151seinknek, holott eredetileg ez a n\u0151k egyenjog\u00fas\u00e1g\u00e1val \u00e9s szabad munkav\u00e1llal\u00e1s\u00e1val kapcsolatos mozgalom napja volt. Az\u00f3ta nagyot fordult a vil\u00e1g, \u00e9s a n\u0151k \u00fczleti \u00e9letben bet\u00f6lt\u00f6tt szerep\u00e9hez k\u00e9ts\u00e9g sem f\u00e9rhet. Magyarorsz\u00e1g az el\u0151kel\u0151 12. helyen szerepel a n\u0151i tulajdon\u00fa vagy n\u0151k \u00e1ltal vezetett v\u00e1llalkoz\u00e1sok ar\u00e1ny\u00e1t tekintve, mik\u00f6zben &#8230;<\/p>\n","protected":false},"author":1,"featured_media":0,"comment_status":"closed","ping_status":"open","sticky":false,"template":"","format":"standard","meta":[],"categories":[4,19],"tags":[],"_links":{"self":[{"href":"https:\/\/gazdasagportal.hu\/index.php\/wp-json\/wp\/v2\/posts\/114213"}],"collection":[{"href":"https:\/\/gazdasagportal.hu\/index.php\/wp-json\/wp\/v2\/posts"}],"about":[{"href":"https:\/\/gazdasagportal.hu\/index.php\/wp-json\/wp\/v2\/types\/post"}],"author":[{"embeddable":true,"href":"https:\/\/gazdasagportal.hu\/index.php\/wp-json\/wp\/v2\/users\/1"}],"replies":[{"embeddable":true,"href":"https:\/\/gazdasagportal.hu\/index.php\/wp-json\/wp\/v2\/comments?post=114213"}],"version-history":[{"count":1,"href":"https:\/\/gazdasagportal.hu\/index.php\/wp-json\/wp\/v2\/posts\/114213\/revisions"}],"predecessor-version":[{"id":114214,"href":"https:\/\/gazdasagportal.hu\/index.php\/wp-json\/wp\/v2\/posts\/114213\/revisions\/114214"}],"wp:attachment":[{"href":"https:\/\/gazdasagportal.hu\/index.php\/wp-json\/wp\/v2\/media?parent=114213"}],"wp:term":[{"taxonomy":"category","embeddable":true,"href":"https:\/\/gazdasagportal.hu\/index.php\/wp-json\/wp\/v2\/categories?post=114213"},{"taxonomy":"post_tag","embeddable":true,"href":"https:\/\/gazdasagportal.hu\/index.php\/wp-json\/wp\/v2\/tags?post=114213"}],"curies":[{"name":"wp","href":"https:\/\/api.w.org\/{rel}","templated":true}]}}