{"id":114207,"date":"2019-03-06T11:53:16","date_gmt":"2019-03-06T10:53:16","guid":{"rendered":"http:\/\/gazdasagportal.hu\/?p=114207"},"modified":"2019-03-06T11:53:16","modified_gmt":"2019-03-06T10:53:16","slug":"felmeres-latvanyosan-romlott-a-nyugat-europai-orszagok-megitelese-a-magyarok-koreben","status":"publish","type":"post","link":"https:\/\/gazdasagportal.hu\/index.php\/felmeres-latvanyosan-romlott-a-nyugat-europai-orszagok-megitelese-a-magyarok-koreben\/","title":{"rendered":"Felm\u00e9r\u00e9s: l\u00e1tv\u00e1nyosan romlott a nyugat-eur\u00f3pai orsz\u00e1gok meg\u00edt\u00e9l\u00e9se a magyarok k\u00f6r\u00e9ben"},"content":{"rendered":"<p><strong>Az elm\u00falt \u00e9vekben a magyarok k\u00f6r\u00e9ben l\u00e1tv\u00e1nyosan romlott a nyugat-eur\u00f3pai orsz\u00e1gok meg\u00edt\u00e9l\u00e9se, ugyanakkor a kelet-k\u00f6z\u00e9p-eur\u00f3pai orsz\u00e1gok\u00e9 nagym\u00e9rt\u00e9kben javult &#8211; \u00e1llap\u00edtotta meg a Psyma Hungary Kft. az MTI-hez szerd\u00e1n eljuttatott felm\u00e9r\u00e9sben.<\/strong><!--more--><\/p>\n<div class=\"ads-in-post1\"><div id=\"gazdasagportal.hu_fullbanner_wideboard\"><\/div>\r\n<\/div>\n<p>    K\u00f6zlem\u00e9ny\u00fckben azt \u00edrt\u00e1k: 2013 \u00e9s 2018 v\u00e9g\u00e9n felm\u00e9r\u00e9st k\u00e9sz\u00edtettek ezer emberb\u0151l \u00e1ll\u00f3 orsz\u00e1gos reprezentat\u00edv mint\u00e1kkal arr\u00f3l, hogy a feln\u0151tt lakoss\u00e1g hogyan viszonyul bizonyos k\u00fclf\u00f6ldi orsz\u00e1gokhoz, mennyire rokonszenvez vagy ellenszenvez vel\u00fck.<br \/>\n    Az adatok azt mutatj\u00e1k, hogy az elm\u00falt \u00e9vekben l\u00e1tv\u00e1nyosan romlott a nyugat-eur\u00f3pai orsz\u00e1gok meg\u00edt\u00e9l\u00e9se, szinte mindegyik vizsg\u00e1lt nyugat-eur\u00f3pai orsz\u00e1g rokonszenv-indexe alacsonyabb lett, mint \u00f6t \u00e9vvel ezel\u0151tt. Nagym\u00e9rt\u00e9kben javult viszont a kelet-k\u00f6z\u00e9p-eur\u00f3pai orsz\u00e1gok meg\u00edt\u00e9l\u00e9se.<br \/>\n    E v\u00e1ltoz\u00e1sok ellen\u00e9re tov\u00e1bbra is egy\u00e9rtelm\u0171en meg\u00e1llap\u00edthat\u00f3, hogy a magyar lakoss\u00e1g a nyugat-eur\u00f3pai orsz\u00e1gokkal sokkal ink\u00e1bb szimpatiz\u00e1l, mint a kelet-eur\u00f3paiakkal. A prefer\u00e1lt orsz\u00e1gok list\u00e1j\u00e1nak elej\u00e9n nyugat-eur\u00f3pai orsz\u00e1gok tal\u00e1lhat\u00f3k: Sv\u00e1jc, Ausztria, Nagy-Britannia, Spanyolorsz\u00e1g. A t\u00e9rs\u00e9gb\u0151l most is Horv\u00e1torsz\u00e1g ker\u00fclt a legel\u0151kel\u0151bb helyre, holtversenyben Sv\u00e9dorsz\u00e1ggal az \u00f6t\u00f6dik.<br \/>\n<div class=\"ads-in-post2\"><script async src=\"https:\/\/pagead2.googlesyndication.com\/pagead\/js\/adsbygoogle.js\"><\/script>\r\n<ins class=\"adsbygoogle\"\r\n     style=\"display:block\"\r\n     data-ad-format=\"fluid\"\r\n     data-ad-layout-key=\"-6t+ed+2i-1n-4w\"\r\n     data-ad-client=\"ca-pub-1959107119989764\"\r\n     data-ad-slot=\"4008251320\"><\/ins>\r\n<script>\r\n     (adsbygoogle = window.adsbygoogle || []).push({});\r\n<\/script><\/div>\n    \u00dagy v\u00e9lt\u00e9k, &#8222;Nyugat-Eur\u00f3pa cs\u00f6kken\u0151 vonzereje minden bizonnyal \u00f6sszef\u00fcgg\u00e9sben van a migr\u00e1nshelyzet kezel\u00e9s\u00e9vel&#8221;. A legl\u00e1tv\u00e1nyosabban N\u00e9metorsz\u00e1g meg\u00edt\u00e9l\u00e9se romlott, a kor\u00e1bbi dobog\u00f3s m\u00e1ra a k\u00f6z\u00e9pmez\u0151nybe cs\u00faszott vissza, \u00e9s jelent\u0151sen esett Franciaorsz\u00e1g rokonszenv-indexe is.<br \/>\n    Pozit\u00edv v\u00e1ltoz\u00e1st csak Sv\u00e1jc tud felmutatni, mert &#8222;a magyar lakoss\u00e1g szem\u00e9ben val\u00f3sz\u00edn\u0171leg ma Sv\u00e1jc testes\u00edti meg legink\u00e1bb azt a m\u0171k\u00f6d\u0151k\u00e9pes nyugat-eur\u00f3pai \u00e1llamot, amely a min\u0151s\u00e9get, a magas \u00e9letsz\u00ednvonalat \u00e9s a j\u00f3l\u00e9tet k\u00e9pviseli&#8221; &#8211; magyar\u00e1zt\u00e1k.<br \/>\n    A kelet-k\u00f6z\u00e9p-eur\u00f3pai t\u00e9rs\u00e9gen bel\u00fcl l\u00e1tv\u00e1nyosan n\u0151tt a visegr\u00e1di orsz\u00e1gok k\u00f6z\u00e9 tartoz\u00f3 Csehorsz\u00e1g \u00e9s Szlov\u00e1kia t\u00e1mogatotts\u00e1ga, de a legnagyobb emelked\u00e9s Szerbia eset\u00e9ben figyelhet\u0151 meg. A lista utols\u00f3 hely\u00e9n mind most, mind pedig \u00f6t \u00e9vvel ezel\u0151tt Rom\u00e1nia \u00e9s Ukrajna tal\u00e1lhat\u00f3, b\u00e1r a rokonszenv-pontsz\u00e1mok itt is javultak.<br \/>\n    Kit\u00e9rtek r\u00e1: a rokonszenv \u00e9s ellenszenv alapj\u00e1n tov\u00e1bbra is megfigyelhet\u0151 egy er\u0151teljes v\u00e1laszt\u00f3vonal Nyugat \u00e9s Kelet k\u00f6z\u00f6tt, ezt j\u00f3l mutatja a nagyhatalmak meg\u00edt\u00e9l\u00e9se is. Az Egyes\u00fclt \u00c1llamok \u00e9s Oroszorsz\u00e1g viszonylat\u00e1ban a magyar t\u00e1rsadalom tov\u00e1bbra is j\u00f3val ink\u00e1bb Amerika-p\u00e1rti.<br \/>\n    A T\u00e1vol-Kelet vonatkoz\u00e1s\u00e1ban a szocialista K\u00edna meg\u00edt\u00e9l\u00e9se &#8211; b\u00e1r az elm\u00falt \u00e9vekben jelent\u0151sen javult &#8211; j\u00f3csk\u00e1n elmarad a list\u00e1n \u00fajonnan szerepl\u0151 Jap\u00e1n meg\u00edt\u00e9l\u00e9s\u00e9t\u0151l.(MTI)<\/p>\n","protected":false},"excerpt":{"rendered":"<p>Az elm\u00falt \u00e9vekben a magyarok k\u00f6r\u00e9ben l\u00e1tv\u00e1nyosan romlott a nyugat-eur\u00f3pai orsz\u00e1gok meg\u00edt\u00e9l\u00e9se, ugyanakkor a kelet-k\u00f6z\u00e9p-eur\u00f3pai orsz\u00e1gok\u00e9 nagym\u00e9rt\u00e9kben javult &#8211; \u00e1llap\u00edtotta meg a Psyma Hungary Kft. az MTI-hez szerd\u00e1n eljuttatott felm\u00e9r\u00e9sben.<\/p>\n","protected":false},"author":1,"featured_media":0,"comment_status":"closed","ping_status":"open","sticky":false,"template":"","format":"standard","meta":[],"categories":[4],"tags":[],"_links":{"self":[{"href":"https:\/\/gazdasagportal.hu\/index.php\/wp-json\/wp\/v2\/posts\/114207"}],"collection":[{"href":"https:\/\/gazdasagportal.hu\/index.php\/wp-json\/wp\/v2\/posts"}],"about":[{"href":"https:\/\/gazdasagportal.hu\/index.php\/wp-json\/wp\/v2\/types\/post"}],"author":[{"embeddable":true,"href":"https:\/\/gazdasagportal.hu\/index.php\/wp-json\/wp\/v2\/users\/1"}],"replies":[{"embeddable":true,"href":"https:\/\/gazdasagportal.hu\/index.php\/wp-json\/wp\/v2\/comments?post=114207"}],"version-history":[{"count":1,"href":"https:\/\/gazdasagportal.hu\/index.php\/wp-json\/wp\/v2\/posts\/114207\/revisions"}],"predecessor-version":[{"id":114208,"href":"https:\/\/gazdasagportal.hu\/index.php\/wp-json\/wp\/v2\/posts\/114207\/revisions\/114208"}],"wp:attachment":[{"href":"https:\/\/gazdasagportal.hu\/index.php\/wp-json\/wp\/v2\/media?parent=114207"}],"wp:term":[{"taxonomy":"category","embeddable":true,"href":"https:\/\/gazdasagportal.hu\/index.php\/wp-json\/wp\/v2\/categories?post=114207"},{"taxonomy":"post_tag","embeddable":true,"href":"https:\/\/gazdasagportal.hu\/index.php\/wp-json\/wp\/v2\/tags?post=114207"}],"curies":[{"name":"wp","href":"https:\/\/api.w.org\/{rel}","templated":true}]}}