{"id":114189,"date":"2019-03-05T15:53:03","date_gmt":"2019-03-05T14:53:03","guid":{"rendered":"http:\/\/gazdasagportal.hu\/?p=114189"},"modified":"2019-03-05T15:53:03","modified_gmt":"2019-03-05T14:53:03","slug":"kiberbiztonsagi-kozpontot-nyitott-a-huawei-brusszelben","status":"publish","type":"post","link":"https:\/\/gazdasagportal.hu\/index.php\/kiberbiztonsagi-kozpontot-nyitott-a-huawei-brusszelben\/","title":{"rendered":"Kiberbiztons\u00e1gi k\u00f6zpontot nyitott a Huawei Br\u00fcsszelben"},"content":{"rendered":"<p><strong>Kiberbiztons\u00e1gi k\u00f6zpontot nyitott a belga f\u0151v\u00e1rosban a nyugati orsz\u00e1gok \u00e9s az Egyes\u00fclt \u00c1llamok \u00e1ltal sokat b\u00edr\u00e1lt Huawei k\u00ednai telekommunik\u00e1ci\u00f3s \u00f3ri\u00e1sv\u00e1llalat &#8211; k\u00f6z\u00f6lte a helyi sajt\u00f3 kedden.<\/strong><!--more--><\/p>\n<div class=\"ads-in-post1\"><div id=\"gazdasagportal.hu_fullbanner_wideboard\"><\/div>\r\n<\/div>\n<p>    Inform\u00e1ci\u00f3k szerint a k\u00ednai c\u00e9g az eur\u00f3pai uni\u00f3 int\u00e9zm\u00e9nyeinek helyet ad\u00f3 belga f\u0151v\u00e1rosban k\u00edv\u00e1nja meggy\u0151zni az eur\u00f3pai korm\u00e1nyzati vezet\u0151ket arr\u00f3l, hogy nem igazak azok az \u00e1ll\u00edt\u00e1sok, amelyek szerint k\u00e9sz\u00fcl\u00e9kei nemzetbiztons\u00e1gi kock\u00e1zatot jelentenek.<br \/>\n    Ken Hu, a f\u0151k\u00e9nt mobiltelefonjair\u00f3l ismert c\u00e9g aleln\u00f6ke a megnyit\u00f3n elmondta, a Huawei kiberbiztons\u00e1gi k\u00f6zpontja seg\u00edts\u00e9g\u00e9vel minden t\u00f6rv\u00e9nyalkot\u00f3, szabv\u00e1ny\u00fcgyi szervezet \u00e9s \u00fcgyf\u00e9l sz\u00e1m\u00e1ra lehet\u0151v\u00e9 k\u00edv\u00e1nja tenni a h\u00e1l\u00f3zati rendszerein fut\u00f3 forr\u00e1sk\u00f3dok vizsg\u00e1lat\u00e1t annak bizony\u00edt\u00e9k\u00e1ul, hogy a c\u00e9g semmif\u00e9le digit\u00e1lis k\u00e9mtev\u00e9kenys\u00e9get nem folytat.<br \/>\n    &#8222;\u00dagy a bizalomnak, mint a bizalmatlans\u00e1gnak t\u00e9nyeken, nem pedig \u00e9rz\u00e9seken, spekul\u00e1ci\u00f3kon \u00e9s alaptalan pletyk\u00e1kon kell alapulnia&#8221; &#8211; fogalmazott.<br \/>\n<div class=\"ads-in-post2\"><script async src=\"https:\/\/pagead2.googlesyndication.com\/pagead\/js\/adsbygoogle.js\"><\/script>\r\n<ins class=\"adsbygoogle\"\r\n     style=\"display:block\"\r\n     data-ad-format=\"fluid\"\r\n     data-ad-layout-key=\"-6t+ed+2i-1n-4w\"\r\n     data-ad-client=\"ca-pub-1959107119989764\"\r\n     data-ad-slot=\"4008251320\"><\/ins>\r\n<script>\r\n     (adsbygoogle = window.adsbygoogle || []).push({});\r\n<\/script><\/div>\n    Megism\u00e9telte a c\u00e9g eln\u00f6k\u00e9nek kor\u00e1bbi kijelent\u00e9s\u00e9t, amely szerint a v\u00e1llalat nem cselekszik helytelen\u00fcl, (.) \u00e9s nem \u00e9p\u00edt k\u00e9sz\u00fcl\u00e9keibe szoftveres &#8222;h\u00e1ts\u00f3 ajt\u00f3t&#8221;. A Huawei nem szolg\u00e1lt semmif\u00e9le bizony\u00edt\u00e9kkal arra, hogy kock\u00e1zatot jelentene a felhaszn\u00e1l\u00f3 vagy b\u00e1rki m\u00e1s sz\u00e1m\u00e1ra &#8211; tette hozz\u00e1.<br \/>\n    A Huawei a br\u00fcsszelihez hasonl\u00f3 k\u00f6zpontot Eur\u00f3p\u00e1ban els\u0151 \u00edzben 2010-ben nyitott Nagy-Britanni\u00e1ban, majd novemberben a n\u00e9metorsz\u00e1gi Bonnban &#8211; k\u00f6z\u00f6lt\u00e9k.<br \/>\n    Andrus Ansip, az Eur\u00f3pai Bizotts\u00e1g digit\u00e1lis egys\u00e9ges piac\u00e9rt felel\u0151s biztosa kor\u00e1bban arra figyelmeztetett, hogy az Eur\u00f3pai Uni\u00f3nak (EU) agg\u00f3dnia kell a Huawei \u00e9s m\u00e1s k\u00ednai technol\u00f3giai c\u00e9gek miatt, mert azok kock\u00e1zatot hordoznak az uni\u00f3 ipar\u00e1ra \u00e9s biztons\u00e1g\u00e1ra n\u00e9zve.<br \/>\n    \u00c1ll\u00edt\u00e1sa szerint aggodalomra ad okot, hogy \u00e9rtes\u00fcl\u00e9sek szerint Peking arra k\u00f6telezi az orsz\u00e1g technol\u00f3giai c\u00e9geit, hogy m\u0171k\u00f6djenek egy\u00fctt a h\u00edrszerz\u0151 szolg\u00e1latokkal vagy arra, hogy kapcsolj\u00e1k vel\u00fck \u00f6ssze rendszereiket. Eszk\u00f6zeikbe olyan alkatr\u00e9szek be\u00e9p\u00edt\u00e9s\u00e9re k\u00f6telezi e v\u00e1llalatokat, amelyek adatokat szolg\u00e1ltathatnak. Noha kev\u00e9s konkr\u00e9t eset \u00e1ll rendelkez\u00e9sre, nem j\u00f3 jel az, ha az ilyen v\u00e1llalatoknak meg kell nyitniuk rendszereiket a titkosszolg\u00e1latoknak &#8211; tette hozz\u00e1 az uni\u00f3s biztos.<br \/>\n    Az Egyes\u00fclt \u00c1llamok a Huawei mobilh\u00e1l\u00f3zati berendez\u00e9sei \u00e1ltal t\u00e1masztott \u00e1ll\u00edt\u00f3lagos biztons\u00e1gi kock\u00e1zatok miatt a k\u00ednai c\u00e9g kiz\u00e1r\u00e1s\u00e1ra igyekszik r\u00e1venni sz\u00f6vets\u00e9geseit az \u00f6t\u00f6dik gener\u00e1ci\u00f3s mobilh\u00e1l\u00f3zati fejleszt\u00e9sekb\u0151l. Nemr\u00e9giben Ausztr\u00e1lia \u00e9s \u00daj-Z\u00e9land is kiz\u00e1rta a k\u00ednai v\u00e1llalatot az 5G t\u00e1vk\u00f6zl\u00e9si tenderb\u0151l.<br \/>\n    Kiberbiztons\u00e1gi szak\u00e9rt\u0151k szerint azonban elt\u00falzottak \u00e9s megalapozatlanok a k\u00ednai Huawei Technologies Co. mobilh\u00e1l\u00f3zati berendez\u00e9sei biztons\u00e1gi kock\u00e1zatair\u00f3l felhozott v\u00e1dak.<br \/>\n    Washington nemr\u00e9giben arra figyelmeztette a nyugati orsz\u00e1gokat, hogy a Huawei berendez\u00e9seinek alkalmaz\u00e1s\u00e1val az Egyes\u00fclt \u00c1llamok h\u00edrszerz\u00e9si egy\u00fcttm\u0171k\u00f6d\u00e9s\u00e9nek folytat\u00e1s\u00e1t \u00e9s t\u00e1maszpontjai esetleges kivon\u00e1s\u00e1t kock\u00e1ztatj\u00e1k.<br \/>\n    Kanad\u00e1ban amerikai k\u00e9r\u00e9sre decemberben \u0151rizetbe vett\u00e9k Meng Van-csout, a Huawei k\u00ednai telekommunik\u00e1ci\u00f3s \u00f3ri\u00e1sv\u00e1llalat p\u00e9nz\u00fcgyi igazgat\u00f3j\u00e1t, akit Washington egyebek k\u00f6z\u00f6tt az Ir\u00e1n elleni szankci\u00f3k megs\u00e9rt\u00e9s\u00e9vel v\u00e1dol, valamint azzal, hogy banki csal\u00e1st k\u00f6vetett el, \u00e9s ellopott amerikai ipari \u00e9s kereskedelmi titkokat. Janu\u00e1rban a washingtoni igazs\u00e1g\u00fcgyi miniszt\u00e9rium v\u00e1dat is emelt a c\u00e9g \u00e9s p\u00e9nz\u00fcgyi igazgat\u00f3ja ellen.<br \/>\n    Menget k\u00e9s\u0151bb \u00f3vad\u00e9k ellen\u00e9ben szabadon engedt\u00e9k. A kanadai igazs\u00e1g\u00fcgyi miniszt\u00e9rium p\u00e9nteken bejelentette: Washington elegend\u0151 bizony\u00edt\u00e9kot mutatott be ahhoz, hogy megkezdj\u00e9k a kiadat\u00e1si elj\u00e1r\u00e1st. K\u00edna kanadai nagyk\u00f6vets\u00e9ge el\u00edt\u00e9lte a kanadai igazs\u00e1g\u00fcgyi miniszt\u00e9rium d\u00f6nt\u00e9s\u00e9t.(MTI)<\/p>\n","protected":false},"excerpt":{"rendered":"<p>Kiberbiztons\u00e1gi k\u00f6zpontot nyitott a belga f\u0151v\u00e1rosban a nyugati orsz\u00e1gok \u00e9s az Egyes\u00fclt \u00c1llamok \u00e1ltal sokat b\u00edr\u00e1lt Huawei k\u00ednai telekommunik\u00e1ci\u00f3s \u00f3ri\u00e1sv\u00e1llalat &#8211; k\u00f6z\u00f6lte a helyi sajt\u00f3 kedden.<\/p>\n","protected":false},"author":1,"featured_media":0,"comment_status":"closed","ping_status":"open","sticky":false,"template":"","format":"standard","meta":[],"categories":[12,246],"tags":[],"_links":{"self":[{"href":"https:\/\/gazdasagportal.hu\/index.php\/wp-json\/wp\/v2\/posts\/114189"}],"collection":[{"href":"https:\/\/gazdasagportal.hu\/index.php\/wp-json\/wp\/v2\/posts"}],"about":[{"href":"https:\/\/gazdasagportal.hu\/index.php\/wp-json\/wp\/v2\/types\/post"}],"author":[{"embeddable":true,"href":"https:\/\/gazdasagportal.hu\/index.php\/wp-json\/wp\/v2\/users\/1"}],"replies":[{"embeddable":true,"href":"https:\/\/gazdasagportal.hu\/index.php\/wp-json\/wp\/v2\/comments?post=114189"}],"version-history":[{"count":1,"href":"https:\/\/gazdasagportal.hu\/index.php\/wp-json\/wp\/v2\/posts\/114189\/revisions"}],"predecessor-version":[{"id":114190,"href":"https:\/\/gazdasagportal.hu\/index.php\/wp-json\/wp\/v2\/posts\/114189\/revisions\/114190"}],"wp:attachment":[{"href":"https:\/\/gazdasagportal.hu\/index.php\/wp-json\/wp\/v2\/media?parent=114189"}],"wp:term":[{"taxonomy":"category","embeddable":true,"href":"https:\/\/gazdasagportal.hu\/index.php\/wp-json\/wp\/v2\/categories?post=114189"},{"taxonomy":"post_tag","embeddable":true,"href":"https:\/\/gazdasagportal.hu\/index.php\/wp-json\/wp\/v2\/tags?post=114189"}],"curies":[{"name":"wp","href":"https:\/\/api.w.org\/{rel}","templated":true}]}}