{"id":114175,"date":"2019-03-05T12:15:36","date_gmt":"2019-03-05T11:15:36","guid":{"rendered":"http:\/\/gazdasagportal.hu\/?p=114175"},"modified":"2019-03-05T09:16:21","modified_gmt":"2019-03-05T08:16:21","slug":"medvegyev-az-amerikai-atomfegyvereket-el-kellene-tavolitani-europabol","status":"publish","type":"post","link":"https:\/\/gazdasagportal.hu\/index.php\/medvegyev-az-amerikai-atomfegyvereket-el-kellene-tavolitani-europabol\/","title":{"rendered":"Medvegyev: az amerikai atomfegyvereket el kellene t\u00e1vol\u00edtani Eur\u00f3p\u00e1b\u00f3l"},"content":{"rendered":"<p><strong>Az \u00e1ltal\u00e1nos nyugalom \u00e9rdek\u00e9ben ki kellene vonni az amerikai nukle\u00e1ris arzen\u00e1lt Eur\u00f3p\u00e1b\u00f3l, \u00e9s fel kellene sz\u00e1molni a kontinensen t\u00f6rt\u00e9n\u0151 bevet\u00e9s\u00e9t szolg\u00e1l\u00f3 infrastrukt\u00far\u00e1t is &#8211; v\u00e9lekedett Dmitij Medvegyev orosz minisztereln\u00f6k a Luxemburger Wort c\u00edm\u0171 lapnak nyilatkozva nagyhercegs\u00e9gbeli keddi l\u00e1togat\u00e1s\u00e1nak k\u00fcsz\u00f6b\u00e9n.<\/strong><!--more--><\/p>\n<div class=\"ads-in-post1\"><div id=\"gazdasagportal.hu_fullbanner_wideboard\"><\/div>\r\n<\/div>\n<p>    &#8222;Mindenki nyugodtabb lesz, hogyha az amerikai nukle\u00e1ris fegyverzetek visszat\u00e9rnek az Egyes\u00fclt \u00c1llamok ter\u00fclet\u00e9re, azt az infrastrukt\u00far\u00e1t pedig, amely azok t\u00e1rol\u00e1s\u00e1t, kiszolg\u00e1l\u00e1s\u00e1t \u00e9s gyors telep\u00edt\u00e9s\u00e9t szolg\u00e1lj\u00e1k, likvid\u00e1lj\u00e1k&#8221; &#8211; mondta Medvegyev a TASZSZ orosz h\u00edr\u00fcgyn\u00f6ks\u00e9g \u00e1ltal ismertetett nyilatkozat\u00e1ban.<br \/>\n    Az orosz korm\u00e1nyf\u0151 s\u00fcrgette a nukle\u00e1ris eszk\u00f6z\u00f6k bevet\u00e9s\u00e9re val\u00f3 felk\u00e9sz\u00fcl\u00e9st gyakorl\u00f3 NATO-man\u0151verek besz\u0171ntet\u00e9s\u00e9t is, mert azok szerinte csak &#8222;f\u00f6l\u00f6sleges aggodalmat keltenek&#8221;, els\u0151sorban a NATO-tag\u00e1llamok k\u00f6r\u00e9ben.<br \/>\n    Medvegyev eml\u00e9keztetett arra, hogy els\u0151k\u00e9nt az Egyes\u00fclt \u00c1llamok d\u00f6nt\u00f6tt a sz\u00e1razf\u00f6ldi telep\u00edt\u00e9s\u0171 k\u00f6zepes- \u00e9s r\u00f6vid hat\u00f3t\u00e1vols\u00e1g\u00fa nukle\u00e1ris rak\u00e9t\u00e1k megsemmis\u00edt\u00e9s\u00e9r\u0151l sz\u00f3l\u00f3 orosz-amerikai INF-szerz\u0151d\u00e9s felmond\u00e1s\u00e1r\u00f3l, \u00e9s hogy Vlagyimir Putyin eln\u00f6k t\u00fck\u00f6rint\u00e9zked\u00e9sk\u00e9nt \u00edrta a paktum Moszkva \u00e1ltali v\u00e9grehajt\u00e1s\u00e1t felf\u00fcggeszt\u0151 rendeletet.<br \/>\n<div class=\"ads-in-post2\"><script async src=\"https:\/\/pagead2.googlesyndication.com\/pagead\/js\/adsbygoogle.js\"><\/script>\r\n<ins class=\"adsbygoogle\"\r\n     style=\"display:block\"\r\n     data-ad-format=\"fluid\"\r\n     data-ad-layout-key=\"-6t+ed+2i-1n-4w\"\r\n     data-ad-client=\"ca-pub-1959107119989764\"\r\n     data-ad-slot=\"4008251320\"><\/ins>\r\n<script>\r\n     (adsbygoogle = window.adsbygoogle || []).push({});\r\n<\/script><\/div>\n    Kifejezte Oroszorsz\u00e1g k\u00e9szs\u00e9g\u00e9t arra, hogy &#8222;bizonyos felt\u00e9telek mellett&#8221; az \u00c9szaki \u00c1ramlat 2 \u00e9s a T\u00f6r\u00f6k \u00c1ramlat f\u00f6lg\u00e1zvezet\u00e9k meg\u00e9p\u00edt\u00e9se ut\u00e1n is fenntartsa az ukr\u00e1n g\u00e1ztranzitot. Felt\u00e9telk\u00e9nt szabta az \u00e9rintett v\u00e1llalatok k\u00f6z\u00f6tti meg\u00e1llapod\u00e1st, az \u00fcgylet gazdas\u00e1gi \u00e9s kereskedelmi hasznoss\u00e1g\u00e1t \u00e9s a politikai stabilit\u00e1st.<br \/>\n    Mint mondta, egyet\u00e9rt Angela Merkel n\u00e9met kancell\u00e1rnak azzal a kijelent\u00e9s\u00e9vel, amely szerint az ukr\u00e1n tranzitot az \u00c9szaki \u00c1ramlat 2 megnyit\u00e1sa ut\u00e1n is fenn kell tartani. Egyben r\u00e1mutatott arra, hogy Oroszorsz\u00e1g igyekszik diverzifik\u00e1lni az energiahordoz\u00f3k Eur\u00f3p\u00e1ba sz\u00e1ll\u00edt\u00e1s\u00e1nak \u00fatvonal\u00e1t, ami csak n\u00f6veli azok megb\u00edzhat\u00f3s\u00e1g\u00e1t.(MTI)<\/p>\n","protected":false},"excerpt":{"rendered":"<p>Az \u00e1ltal\u00e1nos nyugalom \u00e9rdek\u00e9ben ki kellene vonni az amerikai nukle\u00e1ris arzen\u00e1lt Eur\u00f3p\u00e1b\u00f3l, \u00e9s fel kellene sz\u00e1molni a kontinensen t\u00f6rt\u00e9n\u0151 bevet\u00e9s\u00e9t szolg\u00e1l\u00f3 infrastrukt\u00far\u00e1t is &#8211; v\u00e9lekedett Dmitij Medvegyev orosz minisztereln\u00f6k a Luxemburger Wort c\u00edm\u0171 lapnak nyilatkozva nagyhercegs\u00e9gbeli keddi l\u00e1togat\u00e1s\u00e1nak k\u00fcsz\u00f6b\u00e9n.<\/p>\n","protected":false},"author":1,"featured_media":0,"comment_status":"closed","ping_status":"open","sticky":false,"template":"","format":"standard","meta":[],"categories":[12],"tags":[],"_links":{"self":[{"href":"https:\/\/gazdasagportal.hu\/index.php\/wp-json\/wp\/v2\/posts\/114175"}],"collection":[{"href":"https:\/\/gazdasagportal.hu\/index.php\/wp-json\/wp\/v2\/posts"}],"about":[{"href":"https:\/\/gazdasagportal.hu\/index.php\/wp-json\/wp\/v2\/types\/post"}],"author":[{"embeddable":true,"href":"https:\/\/gazdasagportal.hu\/index.php\/wp-json\/wp\/v2\/users\/1"}],"replies":[{"embeddable":true,"href":"https:\/\/gazdasagportal.hu\/index.php\/wp-json\/wp\/v2\/comments?post=114175"}],"version-history":[{"count":1,"href":"https:\/\/gazdasagportal.hu\/index.php\/wp-json\/wp\/v2\/posts\/114175\/revisions"}],"predecessor-version":[{"id":114176,"href":"https:\/\/gazdasagportal.hu\/index.php\/wp-json\/wp\/v2\/posts\/114175\/revisions\/114176"}],"wp:attachment":[{"href":"https:\/\/gazdasagportal.hu\/index.php\/wp-json\/wp\/v2\/media?parent=114175"}],"wp:term":[{"taxonomy":"category","embeddable":true,"href":"https:\/\/gazdasagportal.hu\/index.php\/wp-json\/wp\/v2\/categories?post=114175"},{"taxonomy":"post_tag","embeddable":true,"href":"https:\/\/gazdasagportal.hu\/index.php\/wp-json\/wp\/v2\/tags?post=114175"}],"curies":[{"name":"wp","href":"https:\/\/api.w.org\/{rel}","templated":true}]}}