{"id":114171,"date":"2019-03-05T10:47:06","date_gmt":"2019-03-05T09:47:06","guid":{"rendered":"http:\/\/gazdasagportal.hu\/?p=114171"},"modified":"2019-03-05T09:14:11","modified_gmt":"2019-03-05T08:14:11","slug":"varhatoan-dontenek-a-vagyonkezelo-alapokrol","status":"publish","type":"post","link":"https:\/\/gazdasagportal.hu\/index.php\/varhatoan-dontenek-a-vagyonkezelo-alapokrol\/","title":{"rendered":"V\u00e1rhat\u00f3an d\u00f6ntenek a vagyonkezel\u0151 alapokr\u00f3l"},"content":{"rendered":"<p><strong>Az Orsz\u00e1ggy\u0171l\u00e9s ma lehet\u0151v\u00e9 teheti a vagyonkezel\u0151 alap\u00edtv\u00e1nyok l\u00e9trehoz\u00e1s\u00e1t, tov\u00e1bb\u00e1 az \u00e1llamf\u0151 kifog\u00e1sai alapj\u00e1n m\u00f3dos\u00edthat a tavaly novemberben elfogadott jogalkot\u00e1si t\u00f6rv\u00e9nyjavaslaton.<\/strong><!--more--><\/p>\n<div class=\"ads-in-post1\"><div id=\"gazdasagportal.hu_fullbanner_wideboard\"><\/div>\r\n<\/div>\n<p>    A h\u00e9t m\u00e1sodik \u00fcl\u00e9snapja reggel 8 \u00f3rakor, napirend el\u0151tti felsz\u00f3lal\u00e1sokkal kezd\u0151dik. A k\u00e9pvisel\u0151k ezut\u00e1n el\u0151bb megt\u00e1rgyalj\u00e1k, majd el is fogadhatj\u00e1k azt a m\u00f3dos\u00edt\u00e1st, amelyet a parlament t\u00f6rv\u00e9nyalkot\u00e1si bizotts\u00e1ga kezdem\u00e9nyezett az \u00c1der J\u00e1nos k\u00f6zt\u00e1rsas\u00e1gi eln\u00f6k \u00e1ltal visszak\u00fcld\u00f6tt jogalkot\u00e1si t\u00f6rv\u00e9nyjavaslaton. A v\u00e9gleges t\u00f6rv\u00e9nyb\u0151l kimaradhat az a pont, amely az \u00e1llamf\u0151 \u00e1ll\u00e1spontja szerint az alapt\u00f6rv\u00e9nyhez k\u00e9pest sz\u0171k\u00edten\u00e9, mi min\u0151s\u00fcl t\u00f6rv\u00e9nyalkot\u00e1si t\u00e1rgynak az alapvet\u0151 jogok szab\u00e1lyoz\u00e1sakor.<br \/>\n<div class=\"ads-in-post2\"><script async src=\"https:\/\/pagead2.googlesyndication.com\/pagead\/js\/adsbygoogle.js\"><\/script>\r\n<ins class=\"adsbygoogle\"\r\n     style=\"display:block\"\r\n     data-ad-format=\"fluid\"\r\n     data-ad-layout-key=\"-6t+ed+2i-1n-4w\"\r\n     data-ad-client=\"ca-pub-1959107119989764\"\r\n     data-ad-slot=\"4008251320\"><\/ins>\r\n<script>\r\n     (adsbygoogle = window.adsbygoogle || []).push({});\r\n<\/script><\/div>\n    A H\u00e1z emellett elfogadhatja az igazs\u00e1g\u00fcgyi miniszter vagyonkezel\u0151 alap\u00edtv\u00e1nyok l\u00e9trehoz\u00e1s\u00e1t lehet\u0151v\u00e9 tev\u0151 javaslat\u00e1t is. Tr\u00f3cs\u00e1nyi L\u00e1szl\u00f3 olyan \u00faj t\u00edpus\u00fa alap\u00edtv\u00e1nyi form\u00e1t hozna l\u00e9tre, amely csal\u00e1di vagyonok professzion\u00e1lis kezel\u00e9s\u00e9t, valamint k\u00f6zfeladatokat, p\u00e9ld\u00e1ul fels\u0151oktat\u00e1si c\u00e9lokat is szolg\u00e1lhat.<br \/>\n    Az Orsz\u00e1ggy\u0171l\u00e9s ellenz\u00e9ki k\u00e9pvisel\u0151k ellen ind\u00edtott fegyelmi \u00fcgyekben is d\u00f6nt, aminek eredm\u00e9nyek\u00e9nt tizen\u00f6t politikus tiszteletd\u00edj\u00e1t cs\u00f6kkenthetik.<br \/>\n    A parlament \u00fcl\u00e9se m\u00e1rcius 11-\u00e9n, h\u00e9tf\u0151n \u00e9r v\u00e9get, a m\u00e1sodik h\u00e9ten megszokott k\u00e9rd\u00e9sekkel \u00e9s azonnali k\u00e9rd\u00e9sekkel. (MTI)<\/p>\n","protected":false},"excerpt":{"rendered":"<p>Az Orsz\u00e1ggy\u0171l\u00e9s ma lehet\u0151v\u00e9 teheti a vagyonkezel\u0151 alap\u00edtv\u00e1nyok l\u00e9trehoz\u00e1s\u00e1t, tov\u00e1bb\u00e1 az \u00e1llamf\u0151 kifog\u00e1sai alapj\u00e1n m\u00f3dos\u00edthat a tavaly novemberben elfogadott jogalkot\u00e1si t\u00f6rv\u00e9nyjavaslaton.<\/p>\n","protected":false},"author":1,"featured_media":0,"comment_status":"closed","ping_status":"open","sticky":false,"template":"","format":"standard","meta":[],"categories":[4,19],"tags":[],"_links":{"self":[{"href":"https:\/\/gazdasagportal.hu\/index.php\/wp-json\/wp\/v2\/posts\/114171"}],"collection":[{"href":"https:\/\/gazdasagportal.hu\/index.php\/wp-json\/wp\/v2\/posts"}],"about":[{"href":"https:\/\/gazdasagportal.hu\/index.php\/wp-json\/wp\/v2\/types\/post"}],"author":[{"embeddable":true,"href":"https:\/\/gazdasagportal.hu\/index.php\/wp-json\/wp\/v2\/users\/1"}],"replies":[{"embeddable":true,"href":"https:\/\/gazdasagportal.hu\/index.php\/wp-json\/wp\/v2\/comments?post=114171"}],"version-history":[{"count":1,"href":"https:\/\/gazdasagportal.hu\/index.php\/wp-json\/wp\/v2\/posts\/114171\/revisions"}],"predecessor-version":[{"id":114172,"href":"https:\/\/gazdasagportal.hu\/index.php\/wp-json\/wp\/v2\/posts\/114171\/revisions\/114172"}],"wp:attachment":[{"href":"https:\/\/gazdasagportal.hu\/index.php\/wp-json\/wp\/v2\/media?parent=114171"}],"wp:term":[{"taxonomy":"category","embeddable":true,"href":"https:\/\/gazdasagportal.hu\/index.php\/wp-json\/wp\/v2\/categories?post=114171"},{"taxonomy":"post_tag","embeddable":true,"href":"https:\/\/gazdasagportal.hu\/index.php\/wp-json\/wp\/v2\/tags?post=114171"}],"curies":[{"name":"wp","href":"https:\/\/api.w.org\/{rel}","templated":true}]}}