{"id":114169,"date":"2019-03-05T10:09:47","date_gmt":"2019-03-05T09:09:47","guid":{"rendered":"http:\/\/gazdasagportal.hu\/?p=114169"},"modified":"2019-03-05T09:11:15","modified_gmt":"2019-03-05T08:11:15","slug":"brexit-folytatodnak-az-egyeztetesek-london-es-brusszel-kozott-a-brexit-megallapodas-modositasarol","status":"publish","type":"post","link":"https:\/\/gazdasagportal.hu\/index.php\/brexit-folytatodnak-az-egyeztetesek-london-es-brusszel-kozott-a-brexit-megallapodas-modositasarol\/","title":{"rendered":"Brexit &#8211; Folytat\u00f3dnak az egyeztet\u00e9sek London \u00e9s Br\u00fcsszel k\u00f6z\u00f6tt a Brexit-meg\u00e1llapod\u00e1s m\u00f3dos\u00edt\u00e1s\u00e1r\u00f3l"},"content":{"rendered":"<p><strong>Folytat\u00f3dnak kedden az egyeztet\u00e9sek London \u00e9s Br\u00fcsszel k\u00f6z\u00f6tt a brit EU-tags\u00e1g megsz\u0171n\u00e9s\u00e9nek (Brexit) felt\u00e9telrendszer\u00e9t r\u00f6gz\u00edt\u0151 meg\u00e1llapod\u00e1s m\u00f3dos\u00edt\u00e1s\u00e1r\u00f3l.<\/strong><!--more--><br \/>\n<div class=\"ads-in-post1\"><div id=\"gazdasagportal.hu_fullbanner_wideboard\"><\/div>\r\n<\/div>\n<p>    Stephen Barclay brit Brexit-\u00fcgyi miniszter \u00e9s Geoffrey Cox, a konzervat\u00edv p\u00e1rti brit korm\u00e1ny jogi f\u0151tan\u00e1csosa egy\u00fctt utazik Br\u00fcsszelbe, ahol v\u00e1rhat\u00f3an Jean-Claude Junckerrel, az Eur\u00f3pai Bizotts\u00e1g eln\u00f6k\u00e9vel \u00e9s Michel Barnier-val, a bizotts\u00e1g Brexit-f\u0151t\u00e1rgyal\u00f3j\u00e1val tal\u00e1lkoznak.<br \/>\n    A t\u00e1rgyal\u00f3k\u00fcld\u00f6tts\u00e9geknek ezen a h\u00e9ten eredm\u00e9nyt kell el\u00e9rni\u00fck ahhoz, hogy az Eur\u00f3pai Uni\u00f3val novemberben al\u00e1\u00edrt, a londoni als\u00f3h\u00e1z \u00e1ltal janu\u00e1rban viszont rekordt\u00f6bbs\u00e9ggel elutas\u00edtott Brexit-meg\u00e1llapod\u00e1st a brit korm\u00e1ny az elfogad\u00e1s re\u00e1lis es\u00e9ly\u00e9vel terjeszthesse ism\u00e9t a k\u00e9pvisel\u0151k el\u00e9.<br \/>\n    Theresa May minisztereln\u00f6k ugyanis a m\u00falt h\u00e9ten bejelentette, hogy a Brexit-meg\u00e1llapod\u00e1sr\u00f3l az als\u00f3h\u00e1z legk\u00e9s\u0151bb m\u00e1rcius 12-\u00e9ig ism\u00e9t voksolhat.<br \/>\n<div class=\"ads-in-post2\"><script async src=\"https:\/\/pagead2.googlesyndication.com\/pagead\/js\/adsbygoogle.js\"><\/script>\r\n<ins class=\"adsbygoogle\"\r\n     style=\"display:block\"\r\n     data-ad-format=\"fluid\"\r\n     data-ad-layout-key=\"-6t+ed+2i-1n-4w\"\r\n     data-ad-client=\"ca-pub-1959107119989764\"\r\n     data-ad-slot=\"4008251320\"><\/ins>\r\n<script>\r\n     (adsbygoogle = window.adsbygoogle || []).push({});\r\n<\/script><\/div>\n    A brit sajt\u00f3 \u00e9s az elemz\u0151i k\u00f6z\u00f6ss\u00e9g konszenzusos v\u00e1rakoz\u00e1sa az, hogy a szavaz\u00e1s j\u00f6v\u0151 kedden, a kit\u0171z\u00f6tt hat\u00e1rnapon lesz.<br \/>\n    Ha a h\u00e1z \u00fajb\u00f3l elveti az egyezm\u00e9nyt, akkor a korm\u00e1ny azt a k\u00e9rd\u00e9st terjeszti be szavaz\u00e1sra, hogy a parlament engedi-e a meg\u00e1llapod\u00e1s n\u00e9lk\u00fcli Brexitet.<br \/>\n    Minden felm\u00e9r\u00e9s azt mutatja, hogy az als\u00f3h\u00e1z jelent\u0151s t\u00f6bbs\u00e9ge ellenzi a rendezetlen kil\u00e9p\u00e9st az EU-b\u00f3l, teh\u00e1t ha ez a k\u00e9rd\u00e9s val\u00f3ban a k\u00e9pvisel\u0151k el\u00e9 ker\u00fcl, akkor szinte biztosra vehet\u0151, hogy elutas\u00edtj\u00e1k a brit EU-tags\u00e1g meg\u00e1llapod\u00e1s n\u00e9lk\u00fcli megsz\u0171n\u00e9s\u00e9t.<br \/>\n    Theresa May bejelent\u00e9se szerint ha az als\u00f3h\u00e1z a meg\u00e1llapod\u00e1st \u00e9s a meg\u00e1llapod\u00e1s n\u00e9lk\u00fcli Brexitet egyar\u00e1nt elutas\u00edtja, a korm\u00e1ny lehet\u0151v\u00e9 teszi a szavaz\u00e1st a kil\u00e9p\u00e9s m\u00e1rcius 29-i hat\u00e1ridej\u00e9nek meghosszabb\u00edt\u00e1s\u00e1r\u00f3l. Ez ut\u00f3bbihoz viszont a t\u00f6bbi 27 uni\u00f3s t\u00e1rs\u00e1llam egyhang\u00fa beleegyez\u00e9se kell.<br \/>\n    London h\u00e1rom m\u00f3dszert v\u00e1zolt fel annak biztos\u00edt\u00e1s\u00e1ra, hogy a londoni parlament elfogadhassa a kil\u00e9p\u00e9si meg\u00e1llapod\u00e1st.<br \/>\n    Az egyik &#8222;alternat\u00edv megold\u00e1sok&#8221; beilleszt\u00e9se a Brexit-meg\u00e1llapod\u00e1sba az \u00edr-\u00e9szak\u00edr hat\u00e1rellen\u0151rz\u00e9s \u00fajb\u00f3li bevezet\u00e9s\u00e9nek elker\u00fcl\u00e9s\u00e9t c\u00e9lz\u00f3 tartal\u00e9kmechanizmus (backstop) helyett, a m\u00e1sik a jelenlegi backstop-z\u00e1rad\u00e9k alkalmazhat\u00f3s\u00e1g\u00e1nak jogilag k\u00f6telez\u0151 erej\u0171 id\u0151beli korl\u00e1toz\u00e1sa, a harmadik egy olyan, szint\u00e9n jogilag k\u00f6telez\u0151 erej\u0171 z\u00e1rad\u00e9k be\u00e9p\u00edt\u00e9se a Brexit-egyezm\u00e9nybe, amely lehet\u0151v\u00e9 teszi a backstop-mechanizmus alkalmaz\u00e1s\u00e1nak egyoldal\u00fa befejez\u00e9s\u00e9t.<br \/>\n    Az uni\u00f3s vezet\u0151k azonban jelenleg hat\u00e1rozottan elvetik a novemberben lez\u00e1rt 585 oldalas Brexit-meg\u00e1llapod\u00e1s \u00fajranyit\u00e1s\u00e1nak lehet\u0151s\u00e9g\u00e9t.<br \/>\n    Michel Barnier eur\u00f3pai lapoknak adott h\u00e9tv\u00e9gi nyilatkozat\u00e1ban elker\u00fclhetetlennek nevezte a Brexit elhalaszt\u00e1s\u00e1t abban az esetben is, ha a londoni parlament elfogadja a kil\u00e9p\u00e9si felt\u00e9telekr\u0151l sz\u00f3l\u00f3 meg\u00e1llapod\u00e1st.<br \/>\n    Kijelentette ugyanakkor azt is, hogy az Eur\u00f3pai Uni\u00f3 k\u00e9sz olyan garanciav\u00e1llal\u00e1sokra, amelyek megk\u00f6nny\u00edthetik a Brexit-meg\u00e1llapod\u00e1s elfogad\u00e1s\u00e1t a brit parlamentben. A bizotts\u00e1gi f\u0151t\u00e1rgyal\u00f3 szerint azonban nem a Brexit-meg\u00e1llapod\u00e1sba \u00e9p\u00edten\u00e9k be, hanem k\u00fcl\u00f6n \u00e9rtelmez\u0151 dokumentumban r\u00f6gz\u00edten\u00e9k e garanci\u00e1kat.<br \/>\n    A korm\u00e1nyz\u00f3 brit Konzervat\u00edv P\u00e1rt kem\u00e9nyvonalas Brexit-t\u00e1bora viszont m\u00e1r a keddi br\u00fcsszeli egyeztet\u00e9sek el\u0151tt jelezte, hogy kiz\u00e1r\u00f3lag a kil\u00e9p\u00e9si meg\u00e1llapod\u00e1sban szerepl\u0151 backstop-mechanizmus jelent\u0151s m\u00f3dos\u00edt\u00e1s\u00e1t tartan\u00e1 elfogadhat\u00f3nak. E tory frakci\u00f3csoport f\u0151 kifog\u00e1sa az, hogy a backstop-z\u00e1rad\u00e9k &#8211; ha alkalmaz\u00e1sa sz\u00fcks\u00e9gess\u00e9 v\u00e1lik &#8211; jelenlegi form\u00e1j\u00e1ban az Egyes\u00fclt Kir\u00e1lys\u00e1got hat\u00e1rid\u0151 \u00e9s az egyoldal\u00fa felmond\u00e1s lehet\u0151s\u00e9ge n\u00e9lk\u00fcl v\u00e1muni\u00f3s viszonyrendszerben tarthatn\u00e1 az EU-val.(MTI)<\/p>\n","protected":false},"excerpt":{"rendered":"<p>Folytat\u00f3dnak kedden az egyeztet\u00e9sek London \u00e9s Br\u00fcsszel k\u00f6z\u00f6tt a brit EU-tags\u00e1g megsz\u0171n\u00e9s\u00e9nek (Brexit) felt\u00e9telrendszer\u00e9t r\u00f6gz\u00edt\u0151 meg\u00e1llapod\u00e1s m\u00f3dos\u00edt\u00e1s\u00e1r\u00f3l.<\/p>\n","protected":false},"author":1,"featured_media":0,"comment_status":"closed","ping_status":"open","sticky":false,"template":"","format":"standard","meta":[],"categories":[12],"tags":[],"_links":{"self":[{"href":"https:\/\/gazdasagportal.hu\/index.php\/wp-json\/wp\/v2\/posts\/114169"}],"collection":[{"href":"https:\/\/gazdasagportal.hu\/index.php\/wp-json\/wp\/v2\/posts"}],"about":[{"href":"https:\/\/gazdasagportal.hu\/index.php\/wp-json\/wp\/v2\/types\/post"}],"author":[{"embeddable":true,"href":"https:\/\/gazdasagportal.hu\/index.php\/wp-json\/wp\/v2\/users\/1"}],"replies":[{"embeddable":true,"href":"https:\/\/gazdasagportal.hu\/index.php\/wp-json\/wp\/v2\/comments?post=114169"}],"version-history":[{"count":1,"href":"https:\/\/gazdasagportal.hu\/index.php\/wp-json\/wp\/v2\/posts\/114169\/revisions"}],"predecessor-version":[{"id":114170,"href":"https:\/\/gazdasagportal.hu\/index.php\/wp-json\/wp\/v2\/posts\/114169\/revisions\/114170"}],"wp:attachment":[{"href":"https:\/\/gazdasagportal.hu\/index.php\/wp-json\/wp\/v2\/media?parent=114169"}],"wp:term":[{"taxonomy":"category","embeddable":true,"href":"https:\/\/gazdasagportal.hu\/index.php\/wp-json\/wp\/v2\/categories?post=114169"},{"taxonomy":"post_tag","embeddable":true,"href":"https:\/\/gazdasagportal.hu\/index.php\/wp-json\/wp\/v2\/tags?post=114169"}],"curies":[{"name":"wp","href":"https:\/\/api.w.org\/{rel}","templated":true}]}}