{"id":114124,"date":"2019-03-03T12:58:18","date_gmt":"2019-03-03T11:58:18","guid":{"rendered":"http:\/\/gazdasagportal.hu\/?p=114124"},"modified":"2019-03-03T10:59:03","modified_gmt":"2019-03-03T09:59:03","slug":"heti-makronaptar-inflacios-ipari-es-allamhaztartasi-adatok-varhatok-a-jovo-heten","status":"publish","type":"post","link":"https:\/\/gazdasagportal.hu\/index.php\/heti-makronaptar-inflacios-ipari-es-allamhaztartasi-adatok-varhatok-a-jovo-heten\/","title":{"rendered":"Heti makronapt\u00e1r &#8211; Infl\u00e1ci\u00f3s, ipari \u00e9s \u00e1llamh\u00e1ztart\u00e1si adatok v\u00e1rhat\u00f3k a j\u00f6v\u0151 h\u00e9ten"},"content":{"rendered":"<p><strong>T\u00f6bb statisztikai adat is megjelenik a k\u00f6vetkez\u0151 h\u00e9ten, k\u00f6z\u00fcl\u00fck kiemelkedik a febru\u00e1ri infl\u00e1ci\u00f3s adat \u00e9s a janu\u00e1ri ipari termel\u00e9s els\u0151 jelent\u00e9se, valamint az \u00e1llamh\u00e1ztart\u00e1s febru\u00e1r v\u00e9gi helyzet\u00e9r\u0151l sz\u00f3l\u00f3 gyorst\u00e1j\u00e9koztat\u00f3.<\/strong><!--more--><\/p>\n<div class=\"ads-in-post1\"><div id=\"gazdasagportal.hu_fullbanner_wideboard\"><\/div>\r\n<\/div>\n<p>    H\u00e9tf\u0151n k\u00f6zli a K\u00f6zponti Statisztikai Hivatal (KSH) a k\u00fclkereskedelmi forgalom tavalyi \u00e9s 2018 decemberi adatait, r\u00e9szletes jelent\u00e9s\u00e9ben. Tavaly az export eur\u00f3ban sz\u00e1molt \u00e9rt\u00e9ke 4,3 sz\u00e1zal\u00e9kkal n\u0151tt, az import 6,9 sz\u00e1zal\u00e9kkal emelkedett az el\u0151z\u0151 \u00e9vihez k\u00e9pest. A k\u00fclkereskedelmi m\u00e9rlegt\u00f6bblet 6,041 milli\u00e1rd eur\u00f3 volt, 2,037 milli\u00e1rddal kevesebb az egy \u00e9vvel kor\u00e1bbin\u00e1l. Tavaly decemberben az export 2,7, az import 5,4 sz\u00e1zal\u00e9kkal haladta meg az egy \u00e9vvel kor\u00e1bbit, a 398 milli\u00f3 eur\u00f3 exportt\u00f6bblet 173 milli\u00f3 eur\u00f3val volt alacsonyabb.<br \/>\n    Kedden a kiskereskedelem janu\u00e1ri forgalmi adatait teszi k\u00f6zz\u00e9 a KSH. A kiskereskedelmi \u00fczletek forgalma tavaly decemberben a nyers adat szerint 3,7 sz\u00e1zal\u00e9kkal, napt\u00e1rhat\u00e1st\u00f3l megtiszt\u00edtva 4,1 sz\u00e1zal\u00e9kkal haladta meg az egy \u00e9vvel kor\u00e1bbit. 2018-ban a forgalom volumene &#8211; a napt\u00e1rhat\u00e1st\u00f3l megtiszt\u00edtott \u00e9s a nyers adatok szerint egyform\u00e1n &#8211; 6,0 sz\u00e1zal\u00e9kkal nagyobb volt az el\u0151z\u0151 \u00e9vin\u00e9l.<br \/>\n<div class=\"ads-in-post2\"><script async src=\"https:\/\/pagead2.googlesyndication.com\/pagead\/js\/adsbygoogle.js\"><\/script>\r\n<ins class=\"adsbygoogle\"\r\n     style=\"display:block\"\r\n     data-ad-format=\"fluid\"\r\n     data-ad-layout-key=\"-6t+ed+2i-1n-4w\"\r\n     data-ad-client=\"ca-pub-1959107119989764\"\r\n     data-ad-slot=\"4008251320\"><\/ins>\r\n<script>\r\n     (adsbygoogle = window.adsbygoogle || []).push({});\r\n<\/script><\/div>\n    Cs\u00fct\u00f6rt\u00f6k\u00f6n a janu\u00e1ri ipari termel\u00e9s els\u0151 becsl\u00e9s\u00e9t teszi k\u00f6zz\u00e9 a KSH. Tavaly decemberben az ipari termel\u00e9s 5,4 sz\u00e1zal\u00e9kkal haladta meg az egy \u00e9vvel kor\u00e1bbit, a munkanaphat\u00e1st\u00f3l megtiszt\u00edtott adatok szerint a termel\u00e9s 5,7 sz\u00e1zal\u00e9kkal n\u0151tt, a tavalyi \u00e9v eg\u00e9sz\u00e9ben az ipari kibocs\u00e1t\u00e1s 3,6 sz\u00e1zal\u00e9kkal volt nagyobb az el\u0151z\u0151 \u00e9vin\u00e9l.<br \/>\n    P\u00e9nteken a fogyaszt\u00f3i \u00e1rak febru\u00e1ri statisztik\u00e1j\u00e1t publik\u00e1lja a KSH. Janu\u00e1rban a fogyaszt\u00f3i \u00e1rak \u00e1tlagosan 2,7 sz\u00e1zal\u00e9kkal voltak  magasabbak az egy \u00e9vvel kor\u00e1bbin\u00e1l, \u00e9ppen \u00fagy, mint tavaly decemberben. Egy h\u00f3nap alatt, 2018 decemberhez k\u00e9pest, a fogyaszt\u00f3i \u00e1rak \u00e1tlagosan 0,3 sz\u00e1zal\u00e9kkal n\u0151ttek.<br \/>\n    Ugyancsak p\u00e9nteken k\u00f6zli a P\u00e9nz\u00fcgyminiszt\u00e9rium (PM) az \u00e1llamh\u00e1ztart\u00e1s k\u00f6zponti alrendszer\u00e9nek febru\u00e1r v\u00e9gi helyzet\u00e9r\u0151l sz\u00f3l\u00f3 gyorst\u00e1j\u00e9koztat\u00f3j\u00e1t. Janu\u00e1rban az \u00e1llamh\u00e1ztart\u00e1s t\u00f6bblete meghaladta a be\u00e9rkezett uni\u00f3s bev\u00e9telek \u00f6sszeg\u00e9t: az \u00e1llamh\u00e1ztart\u00e1s egyenlege janu\u00e1rban 244,5 milli\u00e1rd forint t\u00f6bblettel z\u00e1rt, vagyis a k\u00f6lts\u00e9gvet\u00e9snek a be\u00e9rkezett 222,9 milli\u00e1rd forint \u00f6sszeg\u0171 uni\u00f3s t\u00e1mogat\u00e1sok n\u00e9lk\u00fcl is t\u00f6bblete volt. A PM t\u00e1j\u00e9koztat\u00f3ja szerint az \u00e9v els\u0151 h\u00f3napj\u00e1nak egyenlege az elm\u00falt k\u00e9t \u00e9vtized legkedvez\u0151bb adata. Az \u00e9v els\u0151 h\u00f3napj\u00e1ban az \u00e1llamh\u00e1ztart\u00e1s k\u00f6zponti alrendszer\u00e9nek egyenlege a k\u00f6zponti k\u00f6lts\u00e9gvet\u00e9s 186,5 milli\u00e1rd forintos, az elk\u00fcl\u00f6n\u00edtett \u00e1llami p\u00e9nzalapok 23,0 milli\u00e1rd forintos, illetve a t\u00e1rsadalombiztos\u00edt\u00e1s p\u00e9nz\u00fcgyi alapjainak 35,0 milli\u00e1rd forintos t\u00f6bblet\u00e9b\u0151l tev\u0151d\u00f6tt \u00f6ssze.(MTI)<\/p>\n","protected":false},"excerpt":{"rendered":"<p>T\u00f6bb statisztikai adat is megjelenik a k\u00f6vetkez\u0151 h\u00e9ten, k\u00f6z\u00fcl\u00fck kiemelkedik a febru\u00e1ri infl\u00e1ci\u00f3s adat \u00e9s a janu\u00e1ri ipari termel\u00e9s els\u0151 jelent\u00e9se, valamint az \u00e1llamh\u00e1ztart\u00e1s febru\u00e1r v\u00e9gi helyzet\u00e9r\u0151l sz\u00f3l\u00f3 gyorst\u00e1j\u00e9koztat\u00f3.<\/p>\n","protected":false},"author":1001003,"featured_media":0,"comment_status":"closed","ping_status":"open","sticky":false,"template":"","format":"standard","meta":[],"categories":[19],"tags":[],"_links":{"self":[{"href":"https:\/\/gazdasagportal.hu\/index.php\/wp-json\/wp\/v2\/posts\/114124"}],"collection":[{"href":"https:\/\/gazdasagportal.hu\/index.php\/wp-json\/wp\/v2\/posts"}],"about":[{"href":"https:\/\/gazdasagportal.hu\/index.php\/wp-json\/wp\/v2\/types\/post"}],"author":[{"embeddable":true,"href":"https:\/\/gazdasagportal.hu\/index.php\/wp-json\/wp\/v2\/users\/1001003"}],"replies":[{"embeddable":true,"href":"https:\/\/gazdasagportal.hu\/index.php\/wp-json\/wp\/v2\/comments?post=114124"}],"version-history":[{"count":1,"href":"https:\/\/gazdasagportal.hu\/index.php\/wp-json\/wp\/v2\/posts\/114124\/revisions"}],"predecessor-version":[{"id":114125,"href":"https:\/\/gazdasagportal.hu\/index.php\/wp-json\/wp\/v2\/posts\/114124\/revisions\/114125"}],"wp:attachment":[{"href":"https:\/\/gazdasagportal.hu\/index.php\/wp-json\/wp\/v2\/media?parent=114124"}],"wp:term":[{"taxonomy":"category","embeddable":true,"href":"https:\/\/gazdasagportal.hu\/index.php\/wp-json\/wp\/v2\/categories?post=114124"},{"taxonomy":"post_tag","embeddable":true,"href":"https:\/\/gazdasagportal.hu\/index.php\/wp-json\/wp\/v2\/tags?post=114124"}],"curies":[{"name":"wp","href":"https:\/\/api.w.org\/{rel}","templated":true}]}}