{"id":114108,"date":"2019-03-01T21:38:55","date_gmt":"2019-03-01T20:38:55","guid":{"rendered":"http:\/\/gazdasagportal.hu\/?p=114108"},"modified":"2019-03-01T21:38:55","modified_gmt":"2019-03-01T20:38:55","slug":"brexit-a-kormany-torvenyjavaslatot-nyujtott-be-az-orszaggyulesnek","status":"publish","type":"post","link":"https:\/\/gazdasagportal.hu\/index.php\/brexit-a-kormany-torvenyjavaslatot-nyujtott-be-az-orszaggyulesnek\/","title":{"rendered":"Brexit &#8211; A korm\u00e1ny t\u00f6rv\u00e9nyjavaslatot ny\u00fajtott be az Orsz\u00e1ggy\u0171l\u00e9snek"},"content":{"rendered":"<p><strong>A magyar korm\u00e1ny beny\u00fajtotta az Orsz\u00e1ggy\u0171l\u00e9snek a britek Eur\u00f3pai Uni\u00f3b\u00f3l t\u00f6rt\u00e9n\u0151 rendezetlen kil\u00e9p\u00e9se eset\u00e9n sz\u00fcks\u00e9ges egyes t\u00f6rv\u00e9nyek m\u00f3dos\u00edt\u00e1s\u00e1ra vonatkoz\u00f3 javaslat\u00e1t.<\/strong><!--more--><\/p>\n<div class=\"ads-in-post1\"><div id=\"gazdasagportal.hu_fullbanner_wideboard\"><\/div>\r\n<\/div>\n<p>    A t\u00f6rv\u00e9nyjavaslatban szerepel, hogy rendezetlen kil\u00e9p\u00e9se eset\u00e9n az Egyes\u00fclt Kir\u00e1lys\u00e1g az eur\u00f3pai uni\u00f3s tags\u00e1ga megsz\u0171n\u00e9s\u00e9t\u0151l harmadik \u00e1llamnak min\u0151s\u00fcl.<br \/>\n    A javaslat t\u00f6bbek k\u00f6z\u00f6tt a munkan\u00e9lk\u00fclieknek j\u00e1r\u00f3 t\u00e1rsadalombiztos\u00edt\u00e1si, nyugd\u00edj- \u00e9s eg\u00e9szs\u00e9gbiztos\u00edt\u00e1si, csal\u00e1dt\u00e1mogat\u00e1si, valamint megv\u00e1ltozott munkak\u00e9pess\u00e9g\u0171 szem\u00e9lyeknek j\u00e1r\u00f3 ell\u00e1t\u00e1sok jogosultjait illet\u0151en \u00e1llap\u00edt meg szab\u00e1lyokat. Rendezi a szabad mozg\u00e1s \u00e9s tart\u00f3zkod\u00e1s jog\u00e1val rendelkez\u0151k vonatkoz\u00e1s\u00e1ban a beutaz\u00e1si \u00e9s leteleped\u00e9si k\u00e9rd\u00e9seket, illetve az olyan \u00fcgyv\u00e9dek kamarai tags\u00e1g\u00e1nak helyzet\u00e9t, akik az Egyes\u00fclt Kir\u00e1lys\u00e1g \u00e1llampolg\u00e1rai.<br \/>\n<div class=\"ads-in-post2\"><script async src=\"https:\/\/pagead2.googlesyndication.com\/pagead\/js\/adsbygoogle.js\"><\/script>\r\n<ins class=\"adsbygoogle\"\r\n     style=\"display:block\"\r\n     data-ad-format=\"fluid\"\r\n     data-ad-layout-key=\"-6t+ed+2i-1n-4w\"\r\n     data-ad-client=\"ca-pub-1959107119989764\"\r\n     data-ad-slot=\"4008251320\"><\/ins>\r\n<script>\r\n     (adsbygoogle = window.adsbygoogle || []).push({});\r\n<\/script><\/div>\n    Sch\u00fctt Attila, a Deloitte ad\u00f3oszt\u00e1ly\u00e1nak menedzsere az MTI-nek p\u00e9nteken k\u00fcld\u00f6tt k\u00f6zlem\u00e9nyben hangs\u00falyozta, a t\u00f6rv\u00e9nyjavaslatb\u00f3l l\u00e1that\u00f3, hogy a magyar korm\u00e1ny is k\u00e9sz\u00fcl az egyre val\u00f3sabb lehet\u0151s\u00e9gg\u00e9 v\u00e1l\u00f3 meg\u00e1llapod\u00e1s n\u00e9lk\u00fcli Brexitre, a hat\u00e1rid\u0151 k\u00f6zeled\u00e9s\u00e9vel ad\u00f3hat\u00f3s\u00e1gi \u00fatmutat\u00f3k is megjelentek a Nemzeti Ad\u00f3- \u00e9s V\u00e1mhivatal honlapj\u00e1n, amelyek az egyes alternat\u00edv\u00e1kr\u00f3l \u00e9s a kapcsol\u00f3d\u00f3 ad\u00f3- \u00e9s v\u00e1mk\u00e9rd\u00e9sekr\u0151l adnak t\u00e1j\u00e9koztat\u00e1st.<br \/>\n    G\u00e1bor Zolt\u00e1n, a Deloitte ad\u00f3oszt\u00e1ly\u00e1nak szenior menedzsere arra h\u00edvja fel a figyelmet, hogy a Brexitre val\u00f3 felk\u00e9sz\u00fcl\u00e9s minden esetben \u00e9get\u0151 sz\u00fcks\u00e9glet, akkor is, ha az elm\u00falt napok esem\u00e9nyei alapj\u00e1n a kil\u00e9p\u00e9s id\u0151pontj\u00e1nak elhalaszt\u00e1sa egyre val\u00f3sz\u00edn\u0171bb.(MTI)<\/p>\n","protected":false},"excerpt":{"rendered":"<p>A magyar korm\u00e1ny beny\u00fajtotta az Orsz\u00e1ggy\u0171l\u00e9snek a britek Eur\u00f3pai Uni\u00f3b\u00f3l t\u00f6rt\u00e9n\u0151 rendezetlen kil\u00e9p\u00e9se eset\u00e9n sz\u00fcks\u00e9ges egyes t\u00f6rv\u00e9nyek m\u00f3dos\u00edt\u00e1s\u00e1ra vonatkoz\u00f3 javaslat\u00e1t.<\/p>\n","protected":false},"author":1001003,"featured_media":0,"comment_status":"closed","ping_status":"open","sticky":false,"template":"","format":"standard","meta":[],"categories":[4,19],"tags":[],"_links":{"self":[{"href":"https:\/\/gazdasagportal.hu\/index.php\/wp-json\/wp\/v2\/posts\/114108"}],"collection":[{"href":"https:\/\/gazdasagportal.hu\/index.php\/wp-json\/wp\/v2\/posts"}],"about":[{"href":"https:\/\/gazdasagportal.hu\/index.php\/wp-json\/wp\/v2\/types\/post"}],"author":[{"embeddable":true,"href":"https:\/\/gazdasagportal.hu\/index.php\/wp-json\/wp\/v2\/users\/1001003"}],"replies":[{"embeddable":true,"href":"https:\/\/gazdasagportal.hu\/index.php\/wp-json\/wp\/v2\/comments?post=114108"}],"version-history":[{"count":1,"href":"https:\/\/gazdasagportal.hu\/index.php\/wp-json\/wp\/v2\/posts\/114108\/revisions"}],"predecessor-version":[{"id":114109,"href":"https:\/\/gazdasagportal.hu\/index.php\/wp-json\/wp\/v2\/posts\/114108\/revisions\/114109"}],"wp:attachment":[{"href":"https:\/\/gazdasagportal.hu\/index.php\/wp-json\/wp\/v2\/media?parent=114108"}],"wp:term":[{"taxonomy":"category","embeddable":true,"href":"https:\/\/gazdasagportal.hu\/index.php\/wp-json\/wp\/v2\/categories?post=114108"},{"taxonomy":"post_tag","embeddable":true,"href":"https:\/\/gazdasagportal.hu\/index.php\/wp-json\/wp\/v2\/tags?post=114108"}],"curies":[{"name":"wp","href":"https:\/\/api.w.org\/{rel}","templated":true}]}}