{"id":114106,"date":"2019-03-01T19:22:19","date_gmt":"2019-03-01T18:22:19","guid":{"rendered":"http:\/\/gazdasagportal.hu\/?p=114106"},"modified":"2019-03-01T17:23:41","modified_gmt":"2019-03-01T16:23:41","slug":"erdemes-a-megszokottnal-nagyobb-figyelmet-forditani-a-kamatlevonas-korlatozasi-szabalyokra","status":"publish","type":"post","link":"https:\/\/gazdasagportal.hu\/index.php\/erdemes-a-megszokottnal-nagyobb-figyelmet-forditani-a-kamatlevonas-korlatozasi-szabalyokra\/","title":{"rendered":"\u00c9rdemes a megszokottn\u00e1l nagyobb figyelmet ford\u00edtani a kamatlevon\u00e1s-korl\u00e1toz\u00e1si szab\u00e1lyokra"},"content":{"rendered":"<p><strong>Az \u00e9v elej\u00e9t\u0151l az Eur\u00f3pai Uni\u00f3s ad\u00f3elker\u00fcl\u00e9st c\u00e9lz\u00f3 ir\u00e1nyelveivel \u00f6sszhangban Magyarorsz\u00e1gon is v\u00e1ltoznak az alult\u0151k\u00e9s\u00edt\u00e9si szab\u00e1lyok. Az \u00faj megk\u00f6zel\u00edt\u00e9s miatt a kamatlevon\u00e1si korl\u00e1toz\u00e1s azokra a c\u00e9gekre is hat\u00e1ssal lehet, amelyeknek eddig egy\u00e1ltal\u00e1n nem kellett foglalkozniuk ezzel, ez\u00e9rt c\u00e9lszer\u0171 a banki hitelekhez kapcsol\u00f3d\u00f3 k\u00f6lts\u00e9gek \u00e9s r\u00e1ford\u00edt\u00e1sok t\u00e9teles vizsg\u00e1lat\u00e1ra az eddigin\u00e9l nagyobb hangs\u00falyt fektetni.<\/strong><!--more--><\/p>\n<div class=\"ads-in-post1\"><div id=\"gazdasagportal.hu_fullbanner_wideboard\"><\/div>\r\n<\/div>\n<p>&nbsp;<\/p>\n<p>Az Eur\u00f3pai Uni\u00f3 ad\u00f3elker\u00fcl\u00e9st c\u00e9lz\u00f3 ir\u00e1nyelveivel \u00f6sszhangban 2019. janu\u00e1r elsej\u00e9t\u0151l az alult\u0151k\u00e9s\u00edt\u00e9si szab\u00e1lyok koncepcion\u00e1lisan v\u00e1ltoztak Magyarorsz\u00e1gon is. Az \u00faj megk\u00f6zel\u00edt\u00e9s alapj\u00e1n a t\u00e1rsas\u00e1gok \u00e1ltal elsz\u00e1molt nett\u00f3 finansz\u00edroz\u00e1si k\u00f6lts\u00e9g \u2013 ami a kamatbev\u00e9telt meghalad\u00f3an elsz\u00e1molt finansz\u00edroz\u00e1si k\u00f6lts\u00e9g \u00f6sszege \u2013 egy, az EBITDA ar\u00e1ny\u00e1ban meghat\u00e1rozott szintj\u00e9t meghalad\u00f3 r\u00e9sze min\u0151s\u00fcl el nem elismert r\u00e1ford\u00edt\u00e1snak a t\u00e1rsas\u00e1giad\u00f3-alap meghat\u00e1roz\u00e1sa sor\u00e1n.<\/p><div id=\"gazda-47454872\" class=\"gazda-tartalomban gazda-entity-placement\"><script async src=\"https:\/\/pagead2.googlesyndication.com\/pagead\/js\/adsbygoogle.js\"><\/script>\r\n<ins class=\"adsbygoogle\"\r\n     style=\"display:block\"\r\n     data-ad-format=\"fluid\"\r\n     data-ad-layout-key=\"-6t+ed+2i-1n-4w\"\r\n     data-ad-client=\"ca-pub-1959107119989764\"\r\n     data-ad-slot=\"4008251320\"><\/ins>\r\n<script>\r\n     (adsbygoogle = window.adsbygoogle || []).push({});\r\n<\/script><\/div>\n<p>&nbsp;<\/p>\n<p>Az \u00faj szab\u00e1lyrendszer alapj\u00e1n a hitelint\u00e9zeti k\u00f6lcs\u00f6nre elsz\u00e1molt kamatr\u00e1ford\u00edt\u00e1s is r\u00e9sze az esetleges korl\u00e1toz\u00e1s al\u00e1 es\u0151, nett\u00f3 finansz\u00edroz\u00e1si k\u00f6lts\u00e9gnek, ami v\u00e1ltoz\u00e1s az eddigiekhez k\u00e9pest, ugyanis kor\u00e1bban a p\u00e9nz\u00fcgyi int\u00e9zm\u00e9nnyel szemben fenn\u00e1ll\u00f3 k\u00f6telezetts\u00e9g nem esett az alult\u0151k\u00e9s\u00edt\u00e9si szab\u00e1lyok hat\u00e1lya al\u00e1. El\u0151fordulhat teh\u00e1t, hogy a kamatlevon\u00e1si korl\u00e1toz\u00e1s azon t\u00e1rsas\u00e1gok ad\u00f3z\u00e1s\u00e1ra is hat\u00e1ssal lehet, amelyek eddig kiz\u00e1r\u00f3lag hitelint\u00e9zeti k\u00f6lcs\u00f6nb\u0151l finansz\u00edrozt\u00e1k a m\u0171k\u00f6d\u00e9s\u00fcket, \u00e9s \u00edgy egy\u00e1ltal\u00e1n nem kellett foglalkozniuk az alult\u0151k\u00e9s\u00edt\u00e9si szab\u00e1lyokkal.<\/p>\n<p>&nbsp;<\/p>\n<div class=\"ads-in-post2\"><script async src=\"https:\/\/pagead2.googlesyndication.com\/pagead\/js\/adsbygoogle.js\"><\/script>\r\n<ins class=\"adsbygoogle\"\r\n     style=\"display:block\"\r\n     data-ad-format=\"fluid\"\r\n     data-ad-layout-key=\"-6t+ed+2i-1n-4w\"\r\n     data-ad-client=\"ca-pub-1959107119989764\"\r\n     data-ad-slot=\"4008251320\"><\/ins>\r\n<script>\r\n     (adsbygoogle = window.adsbygoogle || []).push({});\r\n<\/script><\/div>\nA 2019. janu\u00e1r 1-j\u00e9n hat\u00e1lyba l\u00e9pett szab\u00e1lyok m\u00e1r nem csak a kamatk\u00e9nt elsz\u00e1molt r\u00e1ford\u00edt\u00e1sokat c\u00e9lozz\u00e1k, hanem minden azzal gazdas\u00e1gi \u00e9rtelemben egyen\u00e9rt\u00e9k\u0171 r\u00e1ford\u00edt\u00e1st, \u00edgy p\u00e9ld\u00e1ul a deviz\u00e1ban nyilv\u00e1ntartott k\u00f6telezetts\u00e9gre elsz\u00e1molt \u00e1rfolyamvesztes\u00e9get is. A jogszab\u00e1ly t\u00e9telesen neves\u00edti tov\u00e1bb\u00e1 a finansz\u00edroz\u00e1s bevon\u00e1s\u00e1hoz kapcsol\u00f3d\u00f3 r\u00e1ford\u00edt\u00e1sokat, amelyek jelent\u0151sen meg tudj\u00e1k n\u00f6velni egy hitelfelv\u00e9tel vagy refinansz\u00edroz\u00e1s eset\u00e9ben az adott \u00e9vi nett\u00f3 finansz\u00edroz\u00e1si k\u00f6lts\u00e9g \u00f6sszeg\u00e9t.<\/p>\n<p>&nbsp;<\/p>\n<p>\u201eAmennyiben a finansz\u00edroz\u00e1s bevon\u00e1s\u00e1hoz kapcsol\u00f3d\u00f3 r\u00e1ford\u00edt\u00e1sokat \u2013 mint p\u00e9ld\u00e1ul tan\u00e1csad\u00f3i vagy \u00fcgyv\u00e9di d\u00edjak, garancia d\u00edjak \u2013 k\u00e9s\u0151bbi \u00e9vekre t\u00f6rt\u00e9n\u0151 elhat\u00e1rol\u00e1s n\u00e9lk\u00fcl egy \u00f6sszegben, adott \u00e9vi r\u00e1ford\u00edt\u00e1sk\u00e9nt sz\u00e1molja el a t\u00e1rsas\u00e1g, \u00fagy a kamatlevon\u00e1si korl\u00e1toz\u00e1s al\u00e1 es\u0151 ad\u00f3\u00e9vi nett\u00f3 finansz\u00edroz\u00e1si k\u00f6lts\u00e9g t\u00fall\u00e9phet a maxim\u00e1lisan megengedett korl\u00e1ton \u2013 k\u00fcl\u00f6n\u00f6sen egy nagyobb \u00f6sszeg\u0171 finansz\u00edroz\u00e1s eset\u00e9n. Ez\u00e9rt fontos az egyszeri, illetve a nem felt\u00e9tlen\u00fcl kamatk\u00e9nt elsz\u00e1molt, de a finansz\u00edroz\u00e1shoz szorosan kapcsol\u00f3d\u00f3 k\u00f6lts\u00e9gek \u00e9s r\u00e1ford\u00edt\u00e1sok t\u00e9teles vizsg\u00e1lat\u00e1ra az eddigiekn\u00e9l nagyobb hangs\u00falyt fektetni\u201d \u2013 hangs\u00falyozta P\u00f3czak Ferenc, a Deloitte ad\u00f3oszt\u00e1ly\u00e1nak partnere.<\/p>\n<p>&nbsp;<\/p>\n<p>B\u00e1r az \u00faj szab\u00e1lyokat a 2016. j\u00fanius 17-e el\u0151tt megk\u00f6t\u00f6tt szerz\u0151d\u00e9sekre nem k\u00f6telez\u0151 alkalmazni (kiv\u00e9ve, ha ezt k\u00f6vet\u0151en m\u00f3dos\u00edtott\u00e1k a szerz\u0151d\u00e9st), a t\u00e1rsas\u00e1gok v\u00e1laszthatj\u00e1k, hogy az ilyen szerz\u0151d\u00e9seikre is az ad\u00f3\u00e9vben hat\u00e1lyos, vagyis az \u00faj kamatlevon\u00e1s-korl\u00e1toz\u00e1si szab\u00e1lyokat alkalmazz\u00e1k. \u201eA magas t\u0151ke\u00e1tt\u00e9teli mutat\u00f3val rendelkez\u0151, teh\u00e1t val\u00f3sz\u00edn\u0171leg a kor\u00e1bbi alult\u0151k\u00e9s\u00edt\u00e9si szab\u00e1lyok al\u00e1 es\u0151 v\u00e1llalkoz\u00e1sok eset\u00e9ben \u00e9rdemes megvizsg\u00e1lni, hogy az egys\u00e9ges nyilv\u00e1ntart\u00e1sb\u00f3l ered\u0151 egyszer\u0171s\u00f6d\u00e9sen t\u00fal egy viszonylag kisz\u00e1m\u00edthat\u00f3 \u00e9s magasabb EBITDA eset\u00e9ben az \u00faj szab\u00e1lyok alkalmaz\u00e1sa nem biztos\u00edt-e nagyobb nett\u00f3 finansz\u00edroz\u00e1si kapacit\u00e1st\u201d &#8211; mutatott r\u00e1 Kocsis Gabriella, a Deloitte ad\u00f3oszt\u00e1ly\u00e1nak szenior menedzsere.<\/p>\n<p>&nbsp;<\/p>\n<p>Az \u00faj kamatlevonhat\u00f3s\u00e1gi szab\u00e1lyok alapj\u00e1n meghat\u00e1rozott kb. 940 milli\u00f3 forintos abszol\u00fat korl\u00e1t a magyarorsz\u00e1gi t\u00e1rsas\u00e1gok sz\u00e9les k\u00f6r\u00e9t mentes\u00edti a korl\u00e1toz\u00e1s al\u00f3l, mivel a hazai c\u00e9gek jelent\u0151s r\u00e9sze ezt az \u00f6sszeget meg nem halad\u00f3 finansz\u00edroz\u00e1si k\u00f6lts\u00e9get sz\u00e1mol el \u00e9vente, k\u00fcl\u00f6n\u00f6sen akkor, ha nincs \u00faj hitelfelv\u00e9tel, vagy refinansz\u00edroz\u00e1s. \u201eFontos azonban \u00e9szben tartani, hogy a csoportos ad\u00f3alany \u2013 erre szint\u00e9n janu\u00e1r 1-j\u00e9t\u0151l van lehet\u0151s\u00e9g \u2013 tagjain\u00e1l ezt a korl\u00e1tot csoportszinten kell vizsg\u00e1lni, ami az egyes tagok szintj\u00e9n enn\u00e9l j\u00f3val alacsonyabb korl\u00e1tot, \u00e9s esetlegesen ad\u00f3alap-n\u00f6vel\u00e9st eredm\u00e9nyezhet\u201d tette hozz\u00e1 Kocsis Gabriella a Deloitte ad\u00f3oszt\u00e1ly\u00e1nak szenior menedzsere.<\/p>\n<p>&nbsp;<\/p>\n<p><strong>A Deloitte-r\u00f3l<\/strong><\/p>\n<p>A Deloitte sz\u00e1mos ipar\u00e1gban ny\u00fajt k\u00f6nyvvizsg\u00e1lati, valamint ad\u00f3- \u00e9s egy\u00e9b tan\u00e1csad\u00e1si, tov\u00e1bb\u00e1 jogi szolg\u00e1ltat\u00e1sokat (\u00fcgyfeleinknek egy\u00fcttm\u0171k\u00f6d\u0151 \u00fcgyv\u00e9di irod\u00e1nk, a Deloitte Legal Erd\u0151s \u00e9s T\u00e1rsai \u00dcgyv\u00e9di Iroda ny\u00fajtja a jogi tan\u00e1csad\u00e1si szolg\u00e1ltat\u00e1sokat) \u00e1llami \u00e9s mag\u00e1nc\u00e9gek r\u00e9sz\u00e9re egyar\u00e1nt. T\u00f6bb mint 150 orsz\u00e1gban jelen l\u00e9v\u0151 h\u00e1l\u00f3zat\u00e1n kereszt\u00fcl a Deloitte vil\u00e1gsz\u00ednvonal\u00fa szak\u00e9rtelm\u00e9vel \u00e9s min\u0151s\u00e9gi szolg\u00e1ltat\u00e1saival seg\u00edti \u00fcgyfeleit abban, hogy megfeleljenek az el\u0151tt\u00fck \u00e1ll\u00f3 \u00fczleti kih\u00edv\u00e1soknak. A Deloitte mintegy 225 000 szak\u00e9rt\u0151je egyt\u0151l egyig arra t\u00f6rekszik, hogy a kiv\u00e1l\u00f3s\u00e1g m\u00e9rc\u00e9j\u00e9v\u00e9 v\u00e1ljon.<\/p>\n<p>A Deloitte n\u00e9v az Egyes\u00fclt Kir\u00e1lys\u00e1gban \u201ccompany limited by guarantee\u201d form\u00e1ban alap\u00edtott Deloitte Touche Tohmatsu Limited t\u00e1rsas\u00e1gra \u00e9s tagv\u00e1llalatainak h\u00e1l\u00f3zat\u00e1ra utal, melyek mindegyike \u00f6n\u00e1ll\u00f3, egym\u00e1st\u00f3l elk\u00fcl\u00f6n\u00fcl\u0151 jogi szem\u00e9ly. A Deloitte Touche Tohmatsu Limited \u00e9s tagv\u00e1llalatai jogi strukt\u00far\u00e1j\u00e1nak r\u00e9szletes bemutat\u00e1s\u00e1t a k\u00f6vetkez\u0151 link alatt tal\u00e1lja: <a href=\"http:\/\/www.deloitte.com\/hu\/magunkrol\" target=\"_blank\" rel=\"noopener\">www.deloitte.com\/hu\/magunkrol<\/a>.<\/p>\n<h1><\/h1>\n","protected":false},"excerpt":{"rendered":"<p>Az \u00e9v elej\u00e9t\u0151l az Eur\u00f3pai Uni\u00f3s ad\u00f3elker\u00fcl\u00e9st c\u00e9lz\u00f3 ir\u00e1nyelveivel \u00f6sszhangban Magyarorsz\u00e1gon is v\u00e1ltoznak az alult\u0151k\u00e9s\u00edt\u00e9si szab\u00e1lyok. Az \u00faj megk\u00f6zel\u00edt\u00e9s miatt a kamatlevon\u00e1si korl\u00e1toz\u00e1s azokra a c\u00e9gekre is hat\u00e1ssal lehet, amelyeknek eddig egy\u00e1ltal\u00e1n nem kellett foglalkozniuk ezzel, ez\u00e9rt c\u00e9lszer\u0171 a banki hitelekhez kapcsol\u00f3d\u00f3 k\u00f6lts\u00e9gek \u00e9s r\u00e1ford\u00edt\u00e1sok t\u00e9teles vizsg\u00e1lat\u00e1ra az eddigin\u00e9l nagyobb hangs\u00falyt fektetni.<\/p>\n","protected":false},"author":1,"featured_media":0,"comment_status":"closed","ping_status":"open","sticky":false,"template":"","format":"standard","meta":[],"categories":[4,12,19],"tags":[],"_links":{"self":[{"href":"https:\/\/gazdasagportal.hu\/index.php\/wp-json\/wp\/v2\/posts\/114106"}],"collection":[{"href":"https:\/\/gazdasagportal.hu\/index.php\/wp-json\/wp\/v2\/posts"}],"about":[{"href":"https:\/\/gazdasagportal.hu\/index.php\/wp-json\/wp\/v2\/types\/post"}],"author":[{"embeddable":true,"href":"https:\/\/gazdasagportal.hu\/index.php\/wp-json\/wp\/v2\/users\/1"}],"replies":[{"embeddable":true,"href":"https:\/\/gazdasagportal.hu\/index.php\/wp-json\/wp\/v2\/comments?post=114106"}],"version-history":[{"count":1,"href":"https:\/\/gazdasagportal.hu\/index.php\/wp-json\/wp\/v2\/posts\/114106\/revisions"}],"predecessor-version":[{"id":114107,"href":"https:\/\/gazdasagportal.hu\/index.php\/wp-json\/wp\/v2\/posts\/114106\/revisions\/114107"}],"wp:attachment":[{"href":"https:\/\/gazdasagportal.hu\/index.php\/wp-json\/wp\/v2\/media?parent=114106"}],"wp:term":[{"taxonomy":"category","embeddable":true,"href":"https:\/\/gazdasagportal.hu\/index.php\/wp-json\/wp\/v2\/categories?post=114106"},{"taxonomy":"post_tag","embeddable":true,"href":"https:\/\/gazdasagportal.hu\/index.php\/wp-json\/wp\/v2\/tags?post=114106"}],"curies":[{"name":"wp","href":"https:\/\/api.w.org\/{rel}","templated":true}]}}