{"id":114100,"date":"2019-03-01T16:51:22","date_gmt":"2019-03-01T15:51:22","guid":{"rendered":"http:\/\/gazdasagportal.hu\/?p=114100"},"modified":"2019-03-01T16:36:09","modified_gmt":"2019-03-01T15:36:09","slug":"magyar-torvenyjavaslat-a-no-deal-brexit-esetere","status":"publish","type":"post","link":"https:\/\/gazdasagportal.hu\/index.php\/magyar-torvenyjavaslat-a-no-deal-brexit-esetere\/","title":{"rendered":"Magyar t\u00f6rv\u00e9nyjavaslat a no-deal Brexit eset\u00e9re"},"content":{"rendered":"<p><strong>Elk\u00e9sz\u00fclt az Egyes\u00fclt Kir\u00e1lys\u00e1g Eur\u00f3pai Uni\u00f3b\u00f3l t\u00f6rt\u00e9n\u0151 rendezetlen kil\u00e9p\u00e9s\u00e9re felk\u00e9sz\u00edt\u0151 magyar t\u00f6rv\u00e9nyjavaslat, ami a mag\u00e1nszem\u00e9lyekn\u00e9l felmer\u00fcl\u0151 k\u00e9rd\u00e9seket rendezi.<\/strong><!--more--><\/p>\n<div class=\"ads-in-post1\"><div id=\"gazdasagportal.hu_fullbanner_wideboard\"><\/div>\r\n<\/div>\n<p>&nbsp;<\/p>\n<p>A javaslat a munkan\u00e9lk\u00fclieknek j\u00e1r\u00f3 t\u00e1rsadalombiztos\u00edt\u00e1si, nyugd\u00edj- \u00e9s eg\u00e9szs\u00e9gbiztos\u00edt\u00e1si, csal\u00e1dt\u00e1mogat\u00e1si, valamint megv\u00e1ltozott munkak\u00e9pess\u00e9g\u0171 szem\u00e9lyeknek j\u00e1r\u00f3 ell\u00e1t\u00e1sok jogosultjait illet\u0151en \u00e1llap\u00edt meg szab\u00e1lyokat, rendezi a szabad mozg\u00e1s \u00e9s tart\u00f3zkod\u00e1s jog\u00e1val rendelkez\u0151k vonatkoz\u00e1s\u00e1ban a beutaz\u00e1si \u00e9s leteleped\u00e9si k\u00e9rd\u00e9seket, illetve az olyan \u00fcgyv\u00e9dek kamarai tags\u00e1g\u00e1nak helyzet\u00e9t, akik az Egyes\u00fclt Kir\u00e1lys\u00e1g \u00e1llampolg\u00e1rai.<\/p><div id=\"gazda-3880428311\" class=\"gazda-tartalomban gazda-entity-placement\"><script async src=\"https:\/\/pagead2.googlesyndication.com\/pagead\/js\/adsbygoogle.js\"><\/script>\r\n<ins class=\"adsbygoogle\"\r\n     style=\"display:block\"\r\n     data-ad-format=\"fluid\"\r\n     data-ad-layout-key=\"-6t+ed+2i-1n-4w\"\r\n     data-ad-client=\"ca-pub-1959107119989764\"\r\n     data-ad-slot=\"4008251320\"><\/ins>\r\n<script>\r\n     (adsbygoogle = window.adsbygoogle || []).push({});\r\n<\/script><\/div>\n<p>&nbsp;<br \/>\n<div class=\"ads-in-post2\"><script async src=\"https:\/\/pagead2.googlesyndication.com\/pagead\/js\/adsbygoogle.js\"><\/script>\r\n<ins class=\"adsbygoogle\"\r\n     style=\"display:block\"\r\n     data-ad-format=\"fluid\"\r\n     data-ad-layout-key=\"-6t+ed+2i-1n-4w\"\r\n     data-ad-client=\"ca-pub-1959107119989764\"\r\n     data-ad-slot=\"4008251320\"><\/ins>\r\n<script>\r\n     (adsbygoogle = window.adsbygoogle || []).push({});\r\n<\/script><\/div>\n<p>\u201eA t\u00f6rv\u00e9nyjavaslatb\u00f3l az l\u00e1that\u00f3, hogy a magyar korm\u00e1ny is k\u00e9sz\u00fcl az egyre val\u00f3sabb lehet\u0151s\u00e9gg\u00e9 v\u00e1l\u00f3 meg\u00e1llapod\u00e1s n\u00e9lk\u00fcli Brexitre, mely a kil\u00e9p\u00e9si t\u00e1rgyal\u00e1sok elakad\u00e1s\u00e1val az alapvet\u0151 forgat\u00f3k\u00f6nyvv\u00e9 v\u00e1lt. A Brexit hat\u00e1ridej\u00e9nek k\u00f6zeled\u00e9s\u00e9vel tov\u00e1bb\u00e1 ad\u00f3hat\u00f3s\u00e1gi \u00fatmutat\u00f3k is megjelentek a Nemzeti Ad\u00f3- \u00e9s V\u00e1mhivatal honlapj\u00e1n, amelyek az egyes alternat\u00edv\u00e1kr\u00f3l \u00e9s a kapcsol\u00f3d\u00f3 ad\u00f3- \u00e9s v\u00e1mk\u00e9rd\u00e9sekr\u0151l adnak t\u00e1j\u00e9koztat\u00e1st\u201d \u2013 hangs\u00falyozta dr. Sch\u00fctt Attila, a Deloitte ad\u00f3oszt\u00e1ly\u00e1nak menedzsere.<\/p>\n<p>&nbsp;<\/p>\n<p>\u201eA Brexitre val\u00f3 felk\u00e9sz\u00fcl\u00e9s minden esetben \u00e9get\u0151 sz\u00fcks\u00e9glet, akkor is, ha az elm\u00falt napok esem\u00e9nyei alapj\u00e1n a kil\u00e9p\u00e9s id\u0151pontj\u00e1nak elhalaszt\u00e1sa egyre val\u00f3sz\u00edn\u0171bb. A halaszt\u00e1s egyr\u00e9szt egyel\u0151re csak elm\u00e9leti lehet\u0151s\u00e9g, m\u00e1sr\u00e9szt egy r\u00f6vid k\u00e9sleltet\u00e9st k\u00f6vet\u0151en hamar abban a helyzetben tal\u00e1lhatjuk magunkat, hogy a legfontosabb k\u00e9rd\u00e9sekben tov\u00e1bbra sincs egy\u00e9rtelm\u0171 meg\u00e1llapod\u00e1s, \u00e9s a hat\u00e1rid\u0151 \u00fajb\u00f3li kiterjeszt\u00e9se m\u00e1r minden szempontb\u00f3l sokkal nehezebben elk\u00e9pzelhet\u0151\u201d \u2013 tette hozz\u00e1 dr. G\u00e1bor Zolt\u00e1n, a Deloitte ad\u00f3oszt\u00e1ly\u00e1nak szenior menedzsere.<\/p>\n<p>&nbsp;<\/p>\n<p><strong>A Deloitte-r\u00f3l<\/strong><\/p>\n<p>A Deloitte sz\u00e1mos ipar\u00e1gban ny\u00fajt k\u00f6nyvvizsg\u00e1lati, valamint ad\u00f3- \u00e9s egy\u00e9b tan\u00e1csad\u00e1si, tov\u00e1bb\u00e1 jogi szolg\u00e1ltat\u00e1sokat (\u00fcgyfeleinknek egy\u00fcttm\u0171k\u00f6d\u0151 \u00fcgyv\u00e9di irod\u00e1nk, a Deloitte Legal Erd\u0151s \u00e9s T\u00e1rsai \u00dcgyv\u00e9di Iroda ny\u00fajtja a jogi tan\u00e1csad\u00e1si szolg\u00e1ltat\u00e1sokat) \u00e1llami \u00e9s mag\u00e1nc\u00e9gek r\u00e9sz\u00e9re egyar\u00e1nt. T\u00f6bb mint 150 orsz\u00e1gban jelen l\u00e9v\u0151 h\u00e1l\u00f3zat\u00e1n kereszt\u00fcl a Deloitte vil\u00e1gsz\u00ednvonal\u00fa szak\u00e9rtelm\u00e9vel \u00e9s min\u0151s\u00e9gi szolg\u00e1ltat\u00e1saival seg\u00edti \u00fcgyfeleit abban, hogy megfeleljenek az el\u0151tt\u00fck \u00e1ll\u00f3 \u00fczleti kih\u00edv\u00e1soknak. A Deloitte mintegy 225 000 szak\u00e9rt\u0151je egyt\u0151l egyig arra t\u00f6rekszik, hogy a kiv\u00e1l\u00f3s\u00e1g m\u00e9rc\u00e9j\u00e9v\u00e9 v\u00e1ljon.<\/p>\n<p>A Deloitte n\u00e9v az Egyes\u00fclt Kir\u00e1lys\u00e1gban \u201ccompany limited by guarantee\u201d form\u00e1ban alap\u00edtott Deloitte Touche Tohmatsu Limited t\u00e1rsas\u00e1gra \u00e9s tagv\u00e1llalatainak h\u00e1l\u00f3zat\u00e1ra utal, melyek mindegyike \u00f6n\u00e1ll\u00f3, egym\u00e1st\u00f3l elk\u00fcl\u00f6n\u00fcl\u0151 jogi szem\u00e9ly. A Deloitte Touche Tohmatsu Limited \u00e9s tagv\u00e1llalatai jogi strukt\u00far\u00e1j\u00e1nak r\u00e9szletes bemutat\u00e1s\u00e1t a k\u00f6vetkez\u0151 link alatt tal\u00e1lja: www.deloitte.com\/hu\/magunkrol.<\/p>\n<h1><\/h1>\n","protected":false},"excerpt":{"rendered":"<p>Elk\u00e9sz\u00fclt az Egyes\u00fclt Kir\u00e1lys\u00e1g Eur\u00f3pai Uni\u00f3b\u00f3l t\u00f6rt\u00e9n\u0151 rendezetlen kil\u00e9p\u00e9s\u00e9re felk\u00e9sz\u00edt\u0151 magyar t\u00f6rv\u00e9nyjavaslat, ami a mag\u00e1nszem\u00e9lyekn\u00e9l felmer\u00fcl\u0151 k\u00e9rd\u00e9seket rendezi.<\/p>\n","protected":false},"author":1,"featured_media":81437,"comment_status":"closed","ping_status":"open","sticky":false,"template":"","format":"standard","meta":[],"categories":[146,4,12,19],"tags":[],"_links":{"self":[{"href":"https:\/\/gazdasagportal.hu\/index.php\/wp-json\/wp\/v2\/posts\/114100"}],"collection":[{"href":"https:\/\/gazdasagportal.hu\/index.php\/wp-json\/wp\/v2\/posts"}],"about":[{"href":"https:\/\/gazdasagportal.hu\/index.php\/wp-json\/wp\/v2\/types\/post"}],"author":[{"embeddable":true,"href":"https:\/\/gazdasagportal.hu\/index.php\/wp-json\/wp\/v2\/users\/1"}],"replies":[{"embeddable":true,"href":"https:\/\/gazdasagportal.hu\/index.php\/wp-json\/wp\/v2\/comments?post=114100"}],"version-history":[{"count":1,"href":"https:\/\/gazdasagportal.hu\/index.php\/wp-json\/wp\/v2\/posts\/114100\/revisions"}],"predecessor-version":[{"id":114101,"href":"https:\/\/gazdasagportal.hu\/index.php\/wp-json\/wp\/v2\/posts\/114100\/revisions\/114101"}],"wp:featuredmedia":[{"embeddable":true,"href":"https:\/\/gazdasagportal.hu\/index.php\/wp-json\/wp\/v2\/media\/81437"}],"wp:attachment":[{"href":"https:\/\/gazdasagportal.hu\/index.php\/wp-json\/wp\/v2\/media?parent=114100"}],"wp:term":[{"taxonomy":"category","embeddable":true,"href":"https:\/\/gazdasagportal.hu\/index.php\/wp-json\/wp\/v2\/categories?post=114100"},{"taxonomy":"post_tag","embeddable":true,"href":"https:\/\/gazdasagportal.hu\/index.php\/wp-json\/wp\/v2\/tags?post=114100"}],"curies":[{"name":"wp","href":"https:\/\/api.w.org\/{rel}","templated":true}]}}