{"id":114098,"date":"2019-03-01T16:32:32","date_gmt":"2019-03-01T15:32:32","guid":{"rendered":"http:\/\/gazdasagportal.hu\/?p=114098"},"modified":"2019-03-01T16:32:32","modified_gmt":"2019-03-01T15:32:32","slug":"a-wizz-air-12-szazalekkal-noveli-kapacitasait-a-magyar-piacon-a-2019-es-teli-menetrendben","status":"publish","type":"post","link":"https:\/\/gazdasagportal.hu\/index.php\/a-wizz-air-12-szazalekkal-noveli-kapacitasait-a-magyar-piacon-a-2019-es-teli-menetrendben\/","title":{"rendered":"A Wizz Air 12 sz\u00e1zal\u00e9kkal n\u00f6veli kapacit\u00e1sait a magyar piacon a 2019-es t\u00e9li menetrendben"},"content":{"rendered":"<p><strong>A Wizz Air diszkont l\u00e9git\u00e1rsas\u00e1g 12 sz\u00e1zal\u00e9kkal n\u00f6veli kapacit\u00e1sait a magyar piacon az okt\u00f3ber 27-\u00e9n indul\u00f3 t\u00e9li menetrendi id\u0151szakban.<\/strong><!--more--><\/p>\n<div class=\"ads-in-post1\"><div id=\"gazdasagportal.hu_fullbanner_wideboard\"><\/div>\r\n<\/div>\n<p>    A magyar h\u00e1tter\u0171 l\u00e9git\u00e1rsas\u00e1g az MTI-hez p\u00e9nteken eljuttatott k\u00f6zlem\u00e9nye szerint Budapestr\u0151l London Gatwick, Oslo \u00e9s Castell\u00f3n, Debrecenb\u0151l Palma de Mallorca, L\u00e1rnaka \u00e9s M\u00e1lta ker\u00fcl fel az \u00fati c\u00e9lok t\u00e9rk\u00e9p\u00e9re.<br \/>\n    A Wizz Air 2019-ben 31 orsz\u00e1g 81 v\u00e1ros\u00e1ba k\u00edn\u00e1l utakat a k\u00e9t b\u00e1zison szolg\u00e1latot teljes\u00edt\u0151, 15 darab Airbus A320 \u00e9s A321 t\u00edpus\u00fa rep\u00fcl\u0151g\u00e9pb\u0151l \u00e1ll\u00f3 modern flott\u00e1j\u00e1val.<br \/>\n<div class=\"ads-in-post2\"><script async src=\"https:\/\/pagead2.googlesyndication.com\/pagead\/js\/adsbygoogle.js\"><\/script>\r\n<ins class=\"adsbygoogle\"\r\n     style=\"display:block\"\r\n     data-ad-format=\"fluid\"\r\n     data-ad-layout-key=\"-6t+ed+2i-1n-4w\"\r\n     data-ad-client=\"ca-pub-1959107119989764\"\r\n     data-ad-slot=\"4008251320\"><\/ins>\r\n<script>\r\n     (adsbygoogle = window.adsbygoogle || []).push({});\r\n<\/script><\/div>\n    A Wizz Air 2018-ban t\u00f6bb mint 5 milli\u00f3 utast sz\u00e1ll\u00edtott Magyarorsz\u00e1gr\u00f3l indul\u00f3 \u00e9s az orsz\u00e1gba \u00e9rkez\u0151 j\u00e1ratain, ez \u00e9vi k\u00f6zel 20 sz\u00e1zal\u00e9kos n\u00f6veked\u00e9s, \u00e9s meghaladja b\u00e1rmely m\u00e1s l\u00e9git\u00e1rsas\u00e1g egy \u00e9v alatt valaha el\u00e9rt magyarorsz\u00e1gi forgalm\u00e1t &#8211; \u00edrt\u00e1k.(MTI)<\/p>\n","protected":false},"excerpt":{"rendered":"<p>A Wizz Air diszkont l\u00e9git\u00e1rsas\u00e1g 12 sz\u00e1zal\u00e9kkal n\u00f6veli kapacit\u00e1sait a magyar piacon az okt\u00f3ber 27-\u00e9n indul\u00f3 t\u00e9li menetrendi id\u0151szakban.<\/p>\n","protected":false},"author":1,"featured_media":0,"comment_status":"closed","ping_status":"open","sticky":false,"template":"","format":"standard","meta":[],"categories":[4,19],"tags":[],"_links":{"self":[{"href":"https:\/\/gazdasagportal.hu\/index.php\/wp-json\/wp\/v2\/posts\/114098"}],"collection":[{"href":"https:\/\/gazdasagportal.hu\/index.php\/wp-json\/wp\/v2\/posts"}],"about":[{"href":"https:\/\/gazdasagportal.hu\/index.php\/wp-json\/wp\/v2\/types\/post"}],"author":[{"embeddable":true,"href":"https:\/\/gazdasagportal.hu\/index.php\/wp-json\/wp\/v2\/users\/1"}],"replies":[{"embeddable":true,"href":"https:\/\/gazdasagportal.hu\/index.php\/wp-json\/wp\/v2\/comments?post=114098"}],"version-history":[{"count":1,"href":"https:\/\/gazdasagportal.hu\/index.php\/wp-json\/wp\/v2\/posts\/114098\/revisions"}],"predecessor-version":[{"id":114099,"href":"https:\/\/gazdasagportal.hu\/index.php\/wp-json\/wp\/v2\/posts\/114098\/revisions\/114099"}],"wp:attachment":[{"href":"https:\/\/gazdasagportal.hu\/index.php\/wp-json\/wp\/v2\/media?parent=114098"}],"wp:term":[{"taxonomy":"category","embeddable":true,"href":"https:\/\/gazdasagportal.hu\/index.php\/wp-json\/wp\/v2\/categories?post=114098"},{"taxonomy":"post_tag","embeddable":true,"href":"https:\/\/gazdasagportal.hu\/index.php\/wp-json\/wp\/v2\/tags?post=114098"}],"curies":[{"name":"wp","href":"https:\/\/api.w.org\/{rel}","templated":true}]}}