{"id":114092,"date":"2019-03-01T14:40:41","date_gmt":"2019-03-01T13:40:41","guid":{"rendered":"http:\/\/gazdasagportal.hu\/?p=114092"},"modified":"2019-03-01T14:40:41","modified_gmt":"2019-03-01T13:40:41","slug":"tobb-mint-12-szazalekkal-nott-az-uj-szemelyautok-eladasa-februarban","status":"publish","type":"post","link":"https:\/\/gazdasagportal.hu\/index.php\/tobb-mint-12-szazalekkal-nott-az-uj-szemelyautok-eladasa-februarban\/","title":{"rendered":"T\u00f6bb mint 12 sz\u00e1zal\u00e9kkal n\u0151tt az \u00faj szem\u00e9lyaut\u00f3k elad\u00e1sa febru\u00e1rban"},"content":{"rendered":"<p><strong>Az \u00faj szem\u00e9lyaut\u00f3k elad\u00e1sa 12,6 sz\u00e1zal\u00e9kkal n\u0151tt Magyarorsz\u00e1gon febru\u00e1rban az el\u0151z\u0151 \u00e9v azonos id\u0151szak\u00e1hoz k\u00e9pest, a forgalomba helyezett \u00faj szem\u00e9lyg\u00e9pj\u00e1rm\u0171vek sz\u00e1ma 11 227-re emelkedett &#8211; k\u00f6z\u00f6lte a Carinfo.hu p\u00e9nteken az MTI-vel.<\/strong><!--more--><\/p>\n<div class=\"ads-in-post1\"><div id=\"gazdasagportal.hu_fullbanner_wideboard\"><\/div>\r\n<\/div>\n<p>    Az adatok szerint a szem\u00e9lyg\u00e9pkocsi m\u00e1rk\u00e1k k\u00f6z\u00fcl a magyar piacon a legt\u00f6bbet Suzukib\u00f3l adt\u00e1k el febru\u00e1rban janu\u00e1rhoz hasonl\u00f3an, \u00f6sszesen 1679-et, a m\u00e1rka piaci r\u00e9szesed\u00e9se 14,96 sz\u00e1zal\u00e9k volt. Fordb\u00f3l 1109, Skod\u00e1b\u00f3l 1019, Opelb\u0151l 974, Volkswagenb\u0151l pedig 776 kelt el. Tavaly febru\u00e1rban a sorrend hasonl\u00f3an alakult, kiv\u00e9ve, hogy akkor a m\u00e1sodik helyen 994 eladott szem\u00e9lyg\u00e9pj\u00e1rm\u0171vel a Skoda \u00e1llt.<br \/>\n<div class=\"ads-in-post2\"><script async src=\"https:\/\/pagead2.googlesyndication.com\/pagead\/js\/adsbygoogle.js\"><\/script>\r\n<ins class=\"adsbygoogle\"\r\n     style=\"display:block\"\r\n     data-ad-format=\"fluid\"\r\n     data-ad-layout-key=\"-6t+ed+2i-1n-4w\"\r\n     data-ad-client=\"ca-pub-1959107119989764\"\r\n     data-ad-slot=\"4008251320\"><\/ins>\r\n<script>\r\n     (adsbygoogle = window.adsbygoogle || []).push({});\r\n<\/script><\/div>\n    A k\u00f6zlem\u00e9ny szerint 110,7 sz\u00e1zal\u00e9kkal, 257-re n\u0151tt febru\u00e1rban a forgalomba helyezett \u00faj motorker\u00e9kp\u00e1rok sz\u00e1ma. A m\u00e1rk\u00e1k k\u00f6z\u00fcl a Hond\u00e1b\u00f3l adt\u00e1k el a legt\u00f6bbet 84-et, ez a m\u00e1rka fedi le a piac 32,68 sz\u00e1zal\u00e9k\u00e1t.<br \/>\n    A kishaszong\u00e9pj\u00e1rm\u0171-piac febru\u00e1rban 21,9 sz\u00e1zal\u00e9kkal, 2002 darabra b\u0151v\u00fclt az el\u0151z\u0151 \u00e9v azonos id\u0151szak\u00e1hoz k\u00e9pest. Az ilyen t\u00edpus\u00fa j\u00e1rm\u0171vek k\u00f6z\u00fcl a m\u00e1rk\u00e1kat tekintve a Fordb\u00f3l adt\u00e1k el a legt\u00f6bbet, 674-et, a m\u00e1rka piaci r\u00e9szesed\u00e9se 33,67 sz\u00e1zal\u00e9k volt.(MTI)<\/p>\n","protected":false},"excerpt":{"rendered":"<p>Az \u00faj szem\u00e9lyaut\u00f3k elad\u00e1sa 12,6 sz\u00e1zal\u00e9kkal n\u0151tt Magyarorsz\u00e1gon febru\u00e1rban az el\u0151z\u0151 \u00e9v azonos id\u0151szak\u00e1hoz k\u00e9pest, a forgalomba helyezett \u00faj szem\u00e9lyg\u00e9pj\u00e1rm\u0171vek sz\u00e1ma 11 227-re emelkedett &#8211; k\u00f6z\u00f6lte a Carinfo.hu p\u00e9nteken az MTI-vel.<\/p>\n","protected":false},"author":1,"featured_media":0,"comment_status":"closed","ping_status":"open","sticky":false,"template":"","format":"standard","meta":[],"categories":[4,19],"tags":[],"_links":{"self":[{"href":"https:\/\/gazdasagportal.hu\/index.php\/wp-json\/wp\/v2\/posts\/114092"}],"collection":[{"href":"https:\/\/gazdasagportal.hu\/index.php\/wp-json\/wp\/v2\/posts"}],"about":[{"href":"https:\/\/gazdasagportal.hu\/index.php\/wp-json\/wp\/v2\/types\/post"}],"author":[{"embeddable":true,"href":"https:\/\/gazdasagportal.hu\/index.php\/wp-json\/wp\/v2\/users\/1"}],"replies":[{"embeddable":true,"href":"https:\/\/gazdasagportal.hu\/index.php\/wp-json\/wp\/v2\/comments?post=114092"}],"version-history":[{"count":1,"href":"https:\/\/gazdasagportal.hu\/index.php\/wp-json\/wp\/v2\/posts\/114092\/revisions"}],"predecessor-version":[{"id":114093,"href":"https:\/\/gazdasagportal.hu\/index.php\/wp-json\/wp\/v2\/posts\/114092\/revisions\/114093"}],"wp:attachment":[{"href":"https:\/\/gazdasagportal.hu\/index.php\/wp-json\/wp\/v2\/media?parent=114092"}],"wp:term":[{"taxonomy":"category","embeddable":true,"href":"https:\/\/gazdasagportal.hu\/index.php\/wp-json\/wp\/v2\/categories?post=114092"},{"taxonomy":"post_tag","embeddable":true,"href":"https:\/\/gazdasagportal.hu\/index.php\/wp-json\/wp\/v2\/tags?post=114092"}],"curies":[{"name":"wp","href":"https:\/\/api.w.org\/{rel}","templated":true}]}}