{"id":114070,"date":"2019-02-28T21:24:42","date_gmt":"2019-02-28T20:24:42","guid":{"rendered":"http:\/\/gazdasagportal.hu\/?p=114070"},"modified":"2019-02-28T21:24:42","modified_gmt":"2019-02-28T20:24:42","slug":"brexit-idei-csucson-a-font-a-megallapodas-nelkuli-kilepes-kockazatanak-csokkenese-nyoman","status":"publish","type":"post","link":"https:\/\/gazdasagportal.hu\/index.php\/brexit-idei-csucson-a-font-a-megallapodas-nelkuli-kilepes-kockazatanak-csokkenese-nyoman\/","title":{"rendered":"Brexit &#8211; Idei cs\u00facson a font a meg\u00e1llapod\u00e1s n\u00e9lk\u00fcli kil\u00e9p\u00e9s kock\u00e1zat\u00e1nak cs\u00f6kken\u00e9se nyom\u00e1n"},"content":{"rendered":"<p><strong>Az \u00e9v eleje \u00f3ta nem m\u00e9rt cs\u00facsra er\u0151s\u00f6d\u00f6tt a font a doll\u00e1rral szemben, miut\u00e1n a piaci szerepl\u0151k \u00e9s az elemz\u0151i k\u00f6z\u00f6ss\u00e9g v\u00e9lem\u00e9nye szerint meredeken cs\u00f6kkent a brit EU-tags\u00e1g rendezetlen megsz\u0171n\u00e9s\u00e9nek kock\u00e1zata.<\/strong><!--more--><\/p>\n<div class=\"ads-in-post1\"><div id=\"gazdasagportal.hu_fullbanner_wideboard\"><\/div>\r\n<\/div>\n<p>    Az egyik legnagyobb londoni p\u00e9nz\u00fcgyi adatszolg\u00e1ltat\u00f3 \u00e9s elemz\u0151h\u00e1z, a Capital Economics cs\u00fct\u00f6rt\u00f6ki kimutat\u00e1sa szerint a font a legut\u00f3bbi napok belpolitikai fejlem\u00e9nyei nyom\u00e1n 1,33 doll\u00e1r\/font feletti szinteken j\u00e1rt, \u00e9s a cs\u00fct\u00f6rt\u00f6ki k\u00e9s\u0151i keresked\u00e9sben is 1,33 doll\u00e1r k\u00f6zel\u00e9ben mozgott.<br \/>\n    Az idei els\u0151 keresked\u00e9si napon 1,25 doll\u00e1r\/font alatti piaci \u00e1rfolyamokat m\u00e9rtek Londonban.<br \/>\n    A Capital Economics londoni kock\u00e1zatelemz\u0151i cs\u00fct\u00f6rt\u00f6ki helyzet\u00e9rt\u00e9kel\u00e9s\u00fckben k\u00f6z\u00f6lt\u00e9k: becsl\u00e9s\u00fck szerint a meg\u00e1llapod\u00e1s n\u00e9lk\u00fcli Brexit rizik\u00f3ja drasztikusan, a h\u00e1z kor\u00e1bbi el\u0151rejelz\u00e9seiben szerepl\u0151 25 sz\u00e1zal\u00e9kr\u00f3l 5 sz\u00e1zal\u00e9kra cs\u00f6kkent.<br \/>\n    Theresa May minisztereln\u00f6k a h\u00e9ten bejelentette: az als\u00f3h\u00e1z az EU-val novemberben el\u00e9rt &#8211; a m\u00falt h\u00f3napban a k\u00e9pvisel\u0151k \u00e1ltal viszont elutas\u00edtott &#8211; Brexit-meg\u00e1llapod\u00e1sr\u00f3l m\u00e1rcius 12-\u00e9ig ism\u00e9t voksolhat.<br \/>\n<div class=\"ads-in-post2\"><script async src=\"https:\/\/pagead2.googlesyndication.com\/pagead\/js\/adsbygoogle.js\"><\/script>\r\n<ins class=\"adsbygoogle\"\r\n     style=\"display:block\"\r\n     data-ad-format=\"fluid\"\r\n     data-ad-layout-key=\"-6t+ed+2i-1n-4w\"\r\n     data-ad-client=\"ca-pub-1959107119989764\"\r\n     data-ad-slot=\"4008251320\"><\/ins>\r\n<script>\r\n     (adsbygoogle = window.adsbygoogle || []).push({});\r\n<\/script><\/div>\n    Ha a h\u00e1z \u00fajb\u00f3l elveti az egyezm\u00e9nyt, akkor a korm\u00e1ny azt a k\u00e9rd\u00e9st terjeszti be szavaz\u00e1sra, hogy a parlament engedi-e a meg\u00e1llapod\u00e1s n\u00e9lk\u00fcli Brexitet.<br \/>\n    Minden felm\u00e9r\u00e9s azt mutatja, hogy az als\u00f3h\u00e1z jelent\u0151s t\u00f6bbs\u00e9ge ellenzi a rendezetlen kil\u00e9p\u00e9st az EU-b\u00f3l, teh\u00e1t ha ez a k\u00e9rd\u00e9s val\u00f3ban a k\u00e9pvisel\u0151k el\u00e9 ker\u00fcl, akkor szinte biztosra vehet\u0151, hogy elutas\u00edtj\u00e1k a brit EU-tags\u00e1g meg\u00e1llapod\u00e1s n\u00e9lk\u00fcli megsz\u0171n\u00e9s\u00e9t.<br \/>\n    May bejelent\u00e9se szerint e szavaz\u00e1si forgat\u00f3k\u00f6nyv megval\u00f3sul\u00e1sa eset\u00e9n a korm\u00e1ny lehet\u0151v\u00e9 teszi az als\u00f3h\u00e1znak a szavaz\u00e1st a kil\u00e9p\u00e9s m\u00e1rcius 29-i hat\u00e1ridej\u00e9nek meghosszabb\u00edt\u00e1s\u00e1r\u00f3l is.<br \/>\n    A Capital Economics londoni elemz\u0151inek cs\u00fct\u00f6rt\u00f6ki el\u0151rejelz\u00e9se szerint ha a parlament kiz\u00e1rja a meg\u00e1llapod\u00e1s n\u00e9lk\u00fcli Brexitet &#8211; vagyis a rendezetlen kil\u00e9p\u00e9s kock\u00e1zata z\u00e9r\u00f3ra cs\u00f6kken -, \u00e9s ezut\u00e1n a kil\u00e9p\u00e9s elhalaszt\u00e1s\u00e1r\u00f3l is d\u00f6nt, a font 1,36 doll\u00e1r\/font k\u00f6r\u00fcli szintekig er\u0151s\u00f6dhet tov\u00e1bb.<br \/>\n    Az enn\u00e9l nagyobb m\u00e9rt\u00e9k\u0171 er\u0151s\u00f6d\u00e9snek azonban a h\u00e1z szerint m\u00e1r korl\u00e1tozott a mozg\u00e1stere, egy\u00e9b okok mellett az\u00e9rt, mert egyel\u0151re nem egy\u00e9rtelm\u0171, hogy az Eur\u00f3pai Uni\u00f3 beleegyezik-e a kil\u00e9p\u00e9s elhalaszt\u00e1s\u00e1ba. A c\u00e9g elemz\u0151i hangs\u00falyozz\u00e1k, hogy ehhez az \u00f6sszes t\u00f6bbi EU-tag\u00e1llam egyhang\u00fa hozz\u00e1j\u00e1rul\u00e1sa sz\u00fcks\u00e9ges.<br \/>\n    A Capital Economics szerint a bizonytalans\u00e1gi t\u00e9nyez\u0151k k\u00f6z\u00e9 tartozik emellett az is, hogy a Brexit esetleges elhalaszt\u00e1sa mennyi id\u0151re sz\u00f3lna. Theresa May legfeljebb h\u00e1romhavi halaszt\u00e1s lehet\u0151s\u00e9g\u00e9re tett utal\u00e1st, a c\u00e9g szerint azonban egy enn\u00e9l hosszabb, p\u00e9ld\u00e1ul egy \u00e9vet meghalad\u00f3 halaszt\u00e1snak is megvannak a kock\u00e1zatai.<br \/>\n    Ennyi id\u0151 alatt ugyanis lehet\u0151s\u00e9g ny\u00edlna egy el\u0151rehozott parlamenti v\u00e1laszt\u00e1sra, amelyen a korm\u00e1nyz\u00f3 Konzervat\u00edv P\u00e1rt egy olyan vezet\u0151vel vehet r\u00e9szt, \u00e9s ak\u00e1r nyerhet, aki Theresa Mayn\u00e9l er\u0151teljesebben Brexit-p\u00e1rti, illetve hosszabb halaszt\u00e1s eset\u00e9n lenne elegend\u0151 id\u0151 egy \u00fajabb n\u00e9pszavaz\u00e1sra, amelyen ism\u00e9t gy\u0151zhet a kil\u00e9p\u00e9sp\u00e1rti t\u00e1bor &#8211; hangs\u00falyozz\u00e1k a Capital Economics londoni elemz\u0151i.<br \/>\n    A h\u00e1z szak\u00e9rt\u0151i k\u00f6z\u00f6lt\u00e9k ugyanakkor: meg\u00edt\u00e9l\u00e9s\u00fck szerint a kil\u00e9p\u00e9s halaszt\u00e1sa v\u00e9gs\u0151 soron a Brexit valamely enyh\u00e9bb form\u00e1ja el\u0151tt nyithatja meg az utat.<br \/>\n    A Capital Economics elemz\u0151i e forgat\u00f3k\u00f6nyv eset\u00e9re azt j\u00f3solj\u00e1k, hogy a Bank of England &#8211; a brit jegybank &#8211; kamatemel\u00e9si ciklusba kezd, \u00e9s ennek nyom\u00e1n a font 2020 v\u00e9g\u00e9ig 1,40 doll\u00e1rra er\u0151s\u00f6dhet.(MTI)<\/p>\n","protected":false},"excerpt":{"rendered":"<p>Az \u00e9v eleje \u00f3ta nem m\u00e9rt cs\u00facsra er\u0151s\u00f6d\u00f6tt a font a doll\u00e1rral szemben, miut\u00e1n a piaci szerepl\u0151k \u00e9s az elemz\u0151i k\u00f6z\u00f6ss\u00e9g v\u00e9lem\u00e9nye szerint meredeken cs\u00f6kkent a brit EU-tags\u00e1g rendezetlen megsz\u0171n\u00e9s\u00e9nek kock\u00e1zata.<\/p>\n","protected":false},"author":1001003,"featured_media":0,"comment_status":"closed","ping_status":"open","sticky":false,"template":"","format":"standard","meta":[],"categories":[10,12],"tags":[],"_links":{"self":[{"href":"https:\/\/gazdasagportal.hu\/index.php\/wp-json\/wp\/v2\/posts\/114070"}],"collection":[{"href":"https:\/\/gazdasagportal.hu\/index.php\/wp-json\/wp\/v2\/posts"}],"about":[{"href":"https:\/\/gazdasagportal.hu\/index.php\/wp-json\/wp\/v2\/types\/post"}],"author":[{"embeddable":true,"href":"https:\/\/gazdasagportal.hu\/index.php\/wp-json\/wp\/v2\/users\/1001003"}],"replies":[{"embeddable":true,"href":"https:\/\/gazdasagportal.hu\/index.php\/wp-json\/wp\/v2\/comments?post=114070"}],"version-history":[{"count":1,"href":"https:\/\/gazdasagportal.hu\/index.php\/wp-json\/wp\/v2\/posts\/114070\/revisions"}],"predecessor-version":[{"id":114071,"href":"https:\/\/gazdasagportal.hu\/index.php\/wp-json\/wp\/v2\/posts\/114070\/revisions\/114071"}],"wp:attachment":[{"href":"https:\/\/gazdasagportal.hu\/index.php\/wp-json\/wp\/v2\/media?parent=114070"}],"wp:term":[{"taxonomy":"category","embeddable":true,"href":"https:\/\/gazdasagportal.hu\/index.php\/wp-json\/wp\/v2\/categories?post=114070"},{"taxonomy":"post_tag","embeddable":true,"href":"https:\/\/gazdasagportal.hu\/index.php\/wp-json\/wp\/v2\/tags?post=114070"}],"curies":[{"name":"wp","href":"https:\/\/api.w.org\/{rel}","templated":true}]}}