{"id":114060,"date":"2019-03-01T04:34:18","date_gmt":"2019-03-01T03:34:18","guid":{"rendered":"http:\/\/gazdasagportal.hu\/?p=114060"},"modified":"2019-02-28T16:17:46","modified_gmt":"2019-02-28T15:17:46","slug":"ingatlanbefektetes-es-4-csaladi-vakacio-az-alpokban","status":"publish","type":"post","link":"https:\/\/gazdasagportal.hu\/index.php\/ingatlanbefektetes-es-4-csaladi-vakacio-az-alpokban\/","title":{"rendered":"Ingatlanbefektet\u00e9s \u00e9s 4* csal\u00e1di vak\u00e1ci\u00f3 az Alpokban"},"content":{"rendered":"<p><strong><em>Az osztr\u00e1k Alpok a magyarok k\u00f6zkedvelt c\u00e9lpontja, ahol t\u00e9len \u00e9s ny\u00e1ron egyar\u00e1nt sz\u00e1mos kiv\u00e1l\u00f3 sportol\u00e1si lehet\u0151s\u00e9g \u00e9s kiv\u00e1l\u00f3 min\u0151s\u00e9g\u0171 szolg\u00e1ltat\u00e1sok k\u00edn\u00e1lkoznak sz\u00e1mukra. Az osztr\u00e1k Alpok egyre n\u00e9pszer\u0171bbek a magyar befektet\u0151k k\u00f6r\u00e9ben is, akik saj\u00e1t ingatlanra v\u00e1gynak a gy\u00f6ny\u00f6r\u0171 vid\u00e9kek k\u00f6zep\u00e9n. <\/em><\/strong><!--more--><\/p>\n<div class=\"ads-in-post1\"><div id=\"gazdasagportal.hu_fullbanner_wideboard\"><\/div>\r\n<\/div>\n<p>\u00c9s kik is az alpesi ingatlanokba val\u00f3 magyar befektet\u0151k? Csal\u00e1dok! Az \u00fcd\u00fcl\u00e9s\u00fcket a saj\u00e1tjukban t\u00f6ltik, t\u00e9len a karbantartott s\u00edp\u00e1ly\u00e1kon s\u00edelni tan\u00edtj\u00e1k gyermekeiket, ny\u00e1ron pedig kir\u00e1ndulnak a hegyekben, ker\u00e9kp\u00e1roznak, illetve \u00e9lvezik a gy\u00f3gyf\u00fcrd\u0151k \u00e9s wellness-k\u00f6zpontok kiv\u00e1l\u00f3 szolg\u00e1ltat\u00e1sait. Amikor pedig az <a href=\"https:\/\/www.ingatlanok-ausztria.hu\/?utm_source=gazdasagportal&amp;utm_medium=pr&amp;utm_campaign=2019_03_pure-ehrwald&amp;utm_content=link1\" target=\"_blank\" rel=\"noopener noreferrer\">osztr\u00e1k ingatlanukat<\/a> nem haszn\u00e1lj\u00e1k, az turist\u00e1knak van kiadva.<\/p>\n<p><a href=\"https:\/\/gazdasagportal.hu\/wp-content\/uploads\/2019\/02\/1-2.jpg\"><img decoding=\"async\" loading=\"lazy\" class=\"aligncenter size-full wp-image-114061\" src=\"https:\/\/gazdasagportal.hu\/wp-content\/uploads\/2019\/02\/1-2.jpg\" alt=\"\" width=\"4000\" height=\"2250\" srcset=\"https:\/\/gazdasagportal.hu\/wp-content\/uploads\/2019\/02\/1-2.jpg 4000w, https:\/\/gazdasagportal.hu\/wp-content\/uploads\/2019\/02\/1-2-300x169.jpg 300w, https:\/\/gazdasagportal.hu\/wp-content\/uploads\/2019\/02\/1-2-768x432.jpg 768w, https:\/\/gazdasagportal.hu\/wp-content\/uploads\/2019\/02\/1-2-1024x576.jpg 1024w\" sizes=\"(max-width: 4000px) 100vw, 4000px\" \/><\/a><\/p>\n<p style=\"text-align: center;\"><strong><a href=\"http:\/\/www.pure-ehrwald.hu\/?utm_source=gazdasagportal&amp;utm_medium=pr&amp;utm_campaign=2019_03_pure-ehrwald&amp;utm_content=link4\" target=\"_blank\" rel=\"noopener noreferrer\">4* PURE Resort Ehrwald \u2013 kiv\u00e1l\u00f3 befektet\u00e9s<\/a><\/strong><\/p><div id=\"gazda-241202426\" class=\"gazda-tartalomban gazda-entity-placement\"><script async src=\"https:\/\/pagead2.googlesyndication.com\/pagead\/js\/adsbygoogle.js\"><\/script>\r\n<ins class=\"adsbygoogle\"\r\n     style=\"display:block\"\r\n     data-ad-format=\"fluid\"\r\n     data-ad-layout-key=\"-6t+ed+2i-1n-4w\"\r\n     data-ad-client=\"ca-pub-1959107119989764\"\r\n     data-ad-slot=\"4008251320\"><\/ins>\r\n<script>\r\n     (adsbygoogle = window.adsbygoogle || []).push({});\r\n<\/script><\/div>\n<p>&nbsp;<\/p>\n<p><strong>N\u00f6vekszik az alpesi ingatlanokba val\u00f3 befektet\u00e9sek ir\u00e1nti \u00e9rdekl\u0151d\u00e9s<\/strong><\/p>\n<p>Ezt a k\u00fclf\u00f6ldi ingatlanok \u00e9rt\u00e9kes\u00edt\u00e9s\u00e9re szakosodott Rellox t\u00e1rsas\u00e1g \u00fcgyvezet\u0151je is meger\u0151s\u00edtette. \u201eA f\u0151 s\u00edszezon m\u00e1r jav\u00e1ban zajlik, ami term\u00e9szetesen a magyar befektet\u0151k alpesi ingatlanok ir\u00e1nti n\u00f6vekv\u0151 \u00e9rdekl\u0151d\u00e9s\u00e9t t\u00fckr\u00f6zi. Az egyik legnagyobb \u00e9rdekl\u0151d\u00e9s a <a href=\"http:\/\/www.pure-ehrwald.hu\/?utm_source=gazdasagportal&amp;utm_medium=pr&amp;utm_campaign=2019_03_pure-ehrwald&amp;utm_content=link2\" target=\"_blank\" rel=\"noopener noreferrer\">4* PURE Resort Ehrwald<\/a> projekt ir\u00e1nt van, amely a Zugspitze gleccser l\u00e1b\u00e1n\u00e1l fekszik.<\/p>\n<p><a href=\"https:\/\/gazdasagportal.hu\/wp-content\/uploads\/2019\/02\/2-1.jpg\"><img decoding=\"async\" loading=\"lazy\" class=\"aligncenter size-full wp-image-114062\" src=\"https:\/\/gazdasagportal.hu\/wp-content\/uploads\/2019\/02\/2-1.jpg\" alt=\"\" width=\"4000\" height=\"2250\" srcset=\"https:\/\/gazdasagportal.hu\/wp-content\/uploads\/2019\/02\/2-1.jpg 4000w, https:\/\/gazdasagportal.hu\/wp-content\/uploads\/2019\/02\/2-1-300x169.jpg 300w, https:\/\/gazdasagportal.hu\/wp-content\/uploads\/2019\/02\/2-1-768x432.jpg 768w, https:\/\/gazdasagportal.hu\/wp-content\/uploads\/2019\/02\/2-1-1024x576.jpg 1024w\" sizes=\"(max-width: 4000px) 100vw, 4000px\" \/><\/a><\/p>\n<p style=\"text-align: center;\"><strong><a href=\"http:\/\/www.pure-ehrwald.hu\/?utm_source=gazdasagportal&amp;utm_medium=pr&amp;utm_campaign=2019_03_pure-ehrwald&amp;utm_content=link4\" target=\"_blank\" rel=\"noopener noreferrer\">\u00daj \u00e9p\u00edt\u00e9s\u0171 4* apartmanok k\u00f6zvetlen\u00fcl a gleccsern\u00e9l<\/a><\/strong><\/p>\n<p>&nbsp;<\/p>\n<p><strong>\u00daj \u00e9p\u00edt\u00e9s\u0171 apartmanok a gleccser k\u00f6zel\u00e9ben<\/strong><\/p>\n<p>Ez a 4*PURE Resort Ehrwald projekt az osztr\u00e1k Zugspitz Arena ter\u00fclet\u00e9n fekszik, amely \u00f6sszesen 7 s\u00edterepet foglal mag\u00e1ba, bele\u00e9rtve a gleccsert is. A projekt kiv\u00e1l\u00f3 min\u0151s\u00e9g\u0171 szolg\u00e1ltat\u00e1sokat, \u00e9ttermet, fitnesztermet, wellness-k\u00f6zpontot \u00e9s k\u00fclt\u00e9ri medenc\u00e9t k\u00edn\u00e1l. Az ingatlanok m\u00e1r \u00e9p\u00fclnek, v\u00e1rhat\u00f3 befejez\u00e9s 2019 augusztus\u00e1ra van tervezve. Az ingatlanok szem\u00e9lyes tulajdonba ker\u00fclnek \u00e9rt\u00e9kes\u00edt\u00e9sre, azonban a ter\u00fcletrendez\u00e9si terv szerint r\u00e9szleges saj\u00e1t haszn\u00e1latra \u00e9s tov\u00e1bbi b\u00e9rbead\u00e1sra vannak tervezve. \u201e Ez a koncepci\u00f3 lehet\u0151v\u00e9 teszi az ingatlan \u00c1FA n\u00e9lk\u00fcli megv\u00e9tel\u00e9t, ezzel a befektet\u0151 20%-ot takar\u00edt meg \u2013 az ingatlan v\u00e9tel\u00e1r\u00e1b\u00f3l sz\u00e1m\u00edtva. Az \u00e1rak nett\u00f3 312\u00a0500 eur\u00f3t\u00f3l kezd\u0151dnek,\u201d tette hozz\u00e1 a Rellox t\u00e1rsas\u00e1g \u00fcgyvezet\u0151je, amely a <a href=\"http:\/\/www.pure-ehrwald.hu\/?utm_source=gazdasagportal&amp;utm_medium=pr&amp;utm_campaign=2019_03_pure-ehrwald&amp;utm_content=link2\" target=\"_blank\" rel=\"noopener noreferrer\">4* PURE Resort Ehrwald<\/a> kiz\u00e1r\u00f3lagos \u00e9rt\u00e9kes\u00edt\u0151je Magyarorsz\u00e1gon.<\/p>\n<p><a href=\"https:\/\/gazdasagportal.hu\/wp-content\/uploads\/2019\/02\/3-1.jpg\"><img decoding=\"async\" loading=\"lazy\" class=\"aligncenter size-full wp-image-114063\" src=\"https:\/\/gazdasagportal.hu\/wp-content\/uploads\/2019\/02\/3-1.jpg\" alt=\"\" width=\"3140\" height=\"1971\" srcset=\"https:\/\/gazdasagportal.hu\/wp-content\/uploads\/2019\/02\/3-1.jpg 3140w, https:\/\/gazdasagportal.hu\/wp-content\/uploads\/2019\/02\/3-1-300x188.jpg 300w, https:\/\/gazdasagportal.hu\/wp-content\/uploads\/2019\/02\/3-1-768x482.jpg 768w, https:\/\/gazdasagportal.hu\/wp-content\/uploads\/2019\/02\/3-1-1024x643.jpg 1024w\" sizes=\"(max-width: 3140px) 100vw, 3140px\" \/><\/a><\/p>\n<p style=\"text-align: center;\"><strong><a href=\"http:\/\/www.pure-ehrwald.hu\/?utm_source=gazdasagportal&amp;utm_medium=pr&amp;utm_campaign=2019_03_pure-ehrwald&amp;utm_content=link4\" target=\"_blank\" rel=\"noopener noreferrer\">Az \u00d6n m\u00e1sodik otthona az Alpokban \u2013 befektet\u00e9s \u00e9s val\u00f3ra v\u00e1lt \u00e1lom<\/a><\/strong><\/p>\n<p>&nbsp;<\/p>\n<p><strong>Glob\u00e1lis trend \u2013 saj\u00e1t haszn\u00e1lat \u00e9s tov\u00e1bbi b\u00e9rbead\u00e1s kombin\u00e1ci\u00f3ja<\/strong><\/p>\n<p>Az Ehrwald faluj\u00e1ban fekv\u0151 projekt k\u00f6veti a glob\u00e1lis trendet &#8211; saj\u00e1t haszn\u00e1lat \u00e9s tov\u00e1bbi b\u00e9rbead\u00e1s kombin\u00e1ci\u00f3j\u00e1ra \u00e9p\u00fcl\u0151 m\u00e1sodik otthon. \u201eAz apartmanok tulajdonosai n\u00e9h\u00e1ny h\u00e9tig a saj\u00e1t alpesi ingatlanukba \u00fcd\u00fclnek, az \u00e9v tov\u00e1bbi r\u00e9sz\u00e9ben pedig b\u00e9rbead\u00e1sb\u00f3l sz\u00e1rmaz\u00f3 j\u00f6vedelmet realiz\u00e1lnak. A legt\u00f6bb magyar \u00fcgyfel\u00fcnk sz\u00e1m\u00e1ra ez egy ide\u00e1lis befektet\u00e9si lehet\u0151s\u00e9g. Term\u00e9szetesen a tulajdonos sz\u00e1m\u00e1ra biztos\u00edtva van az ingatlan kezel\u00e9s\u00e9vel kapcsolatos teljes k\u00f6r\u0171 szolg\u00e1ltat\u00e1s. Az osztr\u00e1k alpesi ingatlan egy stabil ingatlanszegmens &#8211; hossz\u00fa t\u00e1v\u00fa m\u00e9rs\u00e9kelt \u00e1rn\u00f6veked\u00e9ssel \u00e9s j\u00f3 likvidit\u00e1ssal.\u201d<\/p>\n<p>&nbsp;<\/p>\n<p>A magyar befektet\u0151k meger\u0151s\u00edtik: p\u00e1r h\u00e9t elegend\u0151 sz\u00e1munkra az Alpokban, az \u00e9v h\u00e1tral\u00e9v\u0151 r\u00e9sz\u00e9ben kiadjuk az ingatlant. M.K visszaeml\u00e9kezett az osztr\u00e1k alpesi ingatlanbefektet\u00e9s\u00fck kezdet\u00e9re: \u201eCsal\u00e1dunk n\u00e9h\u00e1ny \u00e9vvel ezel\u0151tt v\u00e1s\u00e1rolt egy r\u00e9gebbi apartmant Ausztri\u00e1ban, de hamarosan r\u00e1j\u00f6tt\u00fcnk arra, hogy az ingatlanban csak p\u00e1r hetet t\u00f6lt\u00fcnk el az \u00e9v folyam\u00e1n. Gondok voltak az ingatlan tov\u00e1bbi b\u00e9rbead\u00e1s\u00e1val is, \u00edgy azt v\u00e9g\u00fcl eladtuk, \u00e9s v\u00e1s\u00e1roltunk egy komplexumban fekv\u0151 \u00faj \u00e9p\u00edt\u00e9s\u0171 ingatlant, ahol minden be van \u00e1ll\u00edtva \u2013 az ingatlan tov\u00e1bbi b\u00e9rbead\u00e1sa, kezel\u00e9se, takar\u00edt\u00e1sa, kulcsok \u00e1tad\u00e1sa, sz\u00f3val minden. Az apartmanba egy hetet t\u00f6lt\u00fcnk t\u00e9len \u00e9s k\u00e9t hetet ny\u00e1ron, sz\u00e1munkra el\u00e9g. Az \u00e9v t\u00f6bbi r\u00e9sz\u00e9ben egy be\u00e1ll\u00edtott irod\u00e1n kereszt\u00fcl kiadjuk az ingatlant, amely mindenr\u0151l gondoskodik. Sz\u00e1munkra ez egy optim\u00e1lis megold\u00e1s.\u201d<\/p>\n<p>&nbsp;<\/p>\n<p><a href=\"https:\/\/www.rellox.hu\/?utm_source=gazdasagportal&amp;utm_medium=pr&amp;utm_campaign=2019_03_pure-ehrwald&amp;utm_content=link3\" target=\"_blank\" rel=\"noopener noreferrer\">www.rellox.hu<\/a><\/p>\n<p>&nbsp;<\/p>\n<p>&nbsp;<\/p>\n<p>&nbsp;<\/p>\n","protected":false},"excerpt":{"rendered":"<p>Az osztr\u00e1k Alpok a magyarok k\u00f6zkedvelt c\u00e9lpontja, ahol t\u00e9len \u00e9s ny\u00e1ron egyar\u00e1nt sz\u00e1mos kiv\u00e1l\u00f3 sportol\u00e1si lehet\u0151s\u00e9g \u00e9s kiv\u00e1l\u00f3 min\u0151s\u00e9g\u0171 szolg\u00e1ltat\u00e1sok k\u00edn\u00e1lkoznak sz\u00e1mukra. Az osztr\u00e1k Alpok egyre n\u00e9pszer\u0171bbek a magyar befektet\u0151k k\u00f6r\u00e9ben is, akik saj\u00e1t ingatlanra v\u00e1gynak a gy\u00f6ny\u00f6r\u0171 vid\u00e9kek k\u00f6zep\u00e9n.<\/p>\n","protected":false},"author":1,"featured_media":114061,"comment_status":"closed","ping_status":"open","sticky":false,"template":"","format":"standard","meta":[],"categories":[146,4,19],"tags":[],"_links":{"self":[{"href":"https:\/\/gazdasagportal.hu\/index.php\/wp-json\/wp\/v2\/posts\/114060"}],"collection":[{"href":"https:\/\/gazdasagportal.hu\/index.php\/wp-json\/wp\/v2\/posts"}],"about":[{"href":"https:\/\/gazdasagportal.hu\/index.php\/wp-json\/wp\/v2\/types\/post"}],"author":[{"embeddable":true,"href":"https:\/\/gazdasagportal.hu\/index.php\/wp-json\/wp\/v2\/users\/1"}],"replies":[{"embeddable":true,"href":"https:\/\/gazdasagportal.hu\/index.php\/wp-json\/wp\/v2\/comments?post=114060"}],"version-history":[{"count":1,"href":"https:\/\/gazdasagportal.hu\/index.php\/wp-json\/wp\/v2\/posts\/114060\/revisions"}],"predecessor-version":[{"id":114064,"href":"https:\/\/gazdasagportal.hu\/index.php\/wp-json\/wp\/v2\/posts\/114060\/revisions\/114064"}],"wp:featuredmedia":[{"embeddable":true,"href":"https:\/\/gazdasagportal.hu\/index.php\/wp-json\/wp\/v2\/media\/114061"}],"wp:attachment":[{"href":"https:\/\/gazdasagportal.hu\/index.php\/wp-json\/wp\/v2\/media?parent=114060"}],"wp:term":[{"taxonomy":"category","embeddable":true,"href":"https:\/\/gazdasagportal.hu\/index.php\/wp-json\/wp\/v2\/categories?post=114060"},{"taxonomy":"post_tag","embeddable":true,"href":"https:\/\/gazdasagportal.hu\/index.php\/wp-json\/wp\/v2\/tags?post=114060"}],"curies":[{"name":"wp","href":"https:\/\/api.w.org\/{rel}","templated":true}]}}