{"id":114058,"date":"2019-02-28T16:04:29","date_gmt":"2019-02-28T15:04:29","guid":{"rendered":"http:\/\/gazdasagportal.hu\/?p=114058"},"modified":"2019-02-28T16:04:29","modified_gmt":"2019-02-28T15:04:29","slug":"merseklodik-a-meleg-marcius-elso-napjaiban","status":"publish","type":"post","link":"https:\/\/gazdasagportal.hu\/index.php\/merseklodik-a-meleg-marcius-elso-napjaiban\/","title":{"rendered":"M\u00e9rs\u00e9kl\u0151dik a meleg m\u00e1rcius els\u0151 napjaiban"},"content":{"rendered":"<p><strong>M\u00e9rs\u00e9kl\u0151dik a meleg m\u00e1rcius els\u0151 napjaiban, t\u00f6bbfel\u00e9 10 fok alatti maximumok lesznek. Emellett v\u00e1ltoz\u00e9konyabb lesz az id\u0151j\u00e1r\u00e1s, helyenk\u00e9nt es\u0151, z\u00e1por is v\u00e1rhat\u00f3 &#8211; der\u00fcl ki az Orsz\u00e1gos Meteorol\u00f3giai Szolg\u00e1lat orsz\u00e1gos, k\u00f6z\u00e9pt\u00e1v\u00fa el\u0151rejelz\u00e9s\u00e9b\u0151l, amelyet cs\u00fct\u00f6rt\u00f6k\u00f6n juttattak el az MTI-hez.<\/strong><!--more--><\/p>\n<div class=\"ads-in-post1\"><div id=\"gazdasagportal.hu_fullbanner_wideboard\"><\/div>\r\n<\/div>\n<p>    P\u00e9nteken, m\u00e1rcius elsej\u00e9n sz\u00f3rv\u00e1nyosan v\u00e1rhat\u00f3 kisebb es\u0151, z\u00e1por. F\u0151k\u00e9nt a Dun\u00e1nt\u00falon \u00e9s a k\u00f6z\u00e9ps\u0151 orsz\u00e1gr\u00e9szben t\u00f6bbfel\u00e9 meger\u0151s\u00f6dik a sz\u00e9l. A leghidegebb \u00f3r\u00e1kban m\u00ednusz 1 \u00e9s plusz 9, napk\u00f6zben plusz 9 \u00e9s 16 fok k\u00f6z\u00f6tt alakul a h\u0151m\u00e9rs\u00e9klet.<br \/>\n<div class=\"ads-in-post2\"><script async src=\"https:\/\/pagead2.googlesyndication.com\/pagead\/js\/adsbygoogle.js\"><\/script>\r\n<ins class=\"adsbygoogle\"\r\n     style=\"display:block\"\r\n     data-ad-format=\"fluid\"\r\n     data-ad-layout-key=\"-6t+ed+2i-1n-4w\"\r\n     data-ad-client=\"ca-pub-1959107119989764\"\r\n     data-ad-slot=\"4008251320\"><\/ins>\r\n<script>\r\n     (adsbygoogle = window.adsbygoogle || []).push({});\r\n<\/script><\/div>\n    Szombaton a Dun\u00e1nt\u00fal nyugati r\u00e9sz\u00e9n helyenk\u00e9nt, m\u00e1sutt legfeljebb n\u00e9hol val\u00f3sz\u00edn\u0171 kisebb es\u0151, z\u00e1por. Kezdetben m\u00e9g t\u00f6bbfel\u00e9 meg\u00e9l\u00e9nk\u00fcl, n\u00e9hol meg is er\u0151s\u00f6dik a sz\u00e9l, majd m\u00e9rs\u00e9kl\u0151dik a l\u00e9gmozg\u00e1s. A minimumh\u0151m\u00e9rs\u00e9klet m\u00ednusz 3 \u00e9s plusz 5, a maximumh\u0151m\u00e9rs\u00e9klet plusz 5 \u00e9s 12 fok k\u00f6z\u00f6tt alakul.<br \/>\n    Vas\u00e1rnap elsz\u00f3rtan alakulhat ki kisebb es\u0151. A sz\u00e9l meg\u00e9l\u00e9nk\u00fcl, n\u00e9hol meger\u0151s\u00f6dik. A legalacsonyabb h\u0151m\u00e9rs\u00e9klet m\u00ednusz 3 \u00e9s plusz 5, a maximumh\u0151m\u00e9rs\u00e9klet 7 \u00e9s 15 fok k\u00f6z\u00f6tt lesz &#8211; olvashat\u00f3 az el\u0151rejelz\u00e9sben.(MTI)<\/p>\n","protected":false},"excerpt":{"rendered":"<p>M\u00e9rs\u00e9kl\u0151dik a meleg m\u00e1rcius els\u0151 napjaiban, t\u00f6bbfel\u00e9 10 fok alatti maximumok lesznek. Emellett v\u00e1ltoz\u00e9konyabb lesz az id\u0151j\u00e1r\u00e1s, helyenk\u00e9nt es\u0151, z\u00e1por is v\u00e1rhat\u00f3 &#8211; der\u00fcl ki az Orsz\u00e1gos Meteorol\u00f3giai Szolg\u00e1lat orsz\u00e1gos, k\u00f6z\u00e9pt\u00e1v\u00fa el\u0151rejelz\u00e9s\u00e9b\u0151l, amelyet cs\u00fct\u00f6rt\u00f6k\u00f6n juttattak el az MTI-hez.<\/p>\n","protected":false},"author":1,"featured_media":0,"comment_status":"closed","ping_status":"open","sticky":false,"template":"","format":"standard","meta":[],"categories":[4],"tags":[],"_links":{"self":[{"href":"https:\/\/gazdasagportal.hu\/index.php\/wp-json\/wp\/v2\/posts\/114058"}],"collection":[{"href":"https:\/\/gazdasagportal.hu\/index.php\/wp-json\/wp\/v2\/posts"}],"about":[{"href":"https:\/\/gazdasagportal.hu\/index.php\/wp-json\/wp\/v2\/types\/post"}],"author":[{"embeddable":true,"href":"https:\/\/gazdasagportal.hu\/index.php\/wp-json\/wp\/v2\/users\/1"}],"replies":[{"embeddable":true,"href":"https:\/\/gazdasagportal.hu\/index.php\/wp-json\/wp\/v2\/comments?post=114058"}],"version-history":[{"count":1,"href":"https:\/\/gazdasagportal.hu\/index.php\/wp-json\/wp\/v2\/posts\/114058\/revisions"}],"predecessor-version":[{"id":114059,"href":"https:\/\/gazdasagportal.hu\/index.php\/wp-json\/wp\/v2\/posts\/114058\/revisions\/114059"}],"wp:attachment":[{"href":"https:\/\/gazdasagportal.hu\/index.php\/wp-json\/wp\/v2\/media?parent=114058"}],"wp:term":[{"taxonomy":"category","embeddable":true,"href":"https:\/\/gazdasagportal.hu\/index.php\/wp-json\/wp\/v2\/categories?post=114058"},{"taxonomy":"post_tag","embeddable":true,"href":"https:\/\/gazdasagportal.hu\/index.php\/wp-json\/wp\/v2\/tags?post=114058"}],"curies":[{"name":"wp","href":"https:\/\/api.w.org\/{rel}","templated":true}]}}