{"id":114056,"date":"2019-02-28T15:36:27","date_gmt":"2019-02-28T14:36:27","guid":{"rendered":"http:\/\/gazdasagportal.hu\/?p=114056"},"modified":"2019-02-28T15:36:27","modified_gmt":"2019-02-28T14:36:27","slug":"penz7-pm-az-evek-ota-csokkeno-adok-mellett-is-no-az-allam-adobevetele","status":"publish","type":"post","link":"https:\/\/gazdasagportal.hu\/index.php\/penz7-pm-az-evek-ota-csokkeno-adok-mellett-is-no-az-allam-adobevetele\/","title":{"rendered":"P\u00e9nz7 &#8211; PM: az \u00e9vek \u00f3ta cs\u00f6kken\u0151 ad\u00f3k mellett is n\u0151 az \u00e1llam ad\u00f3bev\u00e9tele"},"content":{"rendered":"<p><strong>Annak ellen\u00e9re, hogy \u00e9vek \u00f3ta cs\u00f6kkennek az ad\u00f3k, egyre t\u00f6bb ad\u00f3bev\u00e9telt szed be a magyar \u00e1llam &#8211; hangs\u00falyozta a P\u00e9nz\u00fcgyminiszt\u00e9rium (PM) ad\u00f3\u00fcgyek\u00e9rt felel\u0151s \u00e1llamtitk\u00e1ra cs\u00fct\u00f6rt\u00f6k\u00f6n, P\u00e9csen.<\/strong><!--more--><\/p>\n<div class=\"ads-in-post1\"><div id=\"gazdasagportal.hu_fullbanner_wideboard\"><\/div>\r\n<\/div>\n<p>    Izer Norbert a P\u00e9csi Tudom\u00e1nyegyetem Fintelligence p\u00e9nz\u00fcgyi eduk\u00e1ci\u00f3s konferenci\u00e1j\u00e1n tartott el\u0151ad\u00e1s\u00e1ban kifejtette: a tendencia egyik legfontosabb eleme a gazdas\u00e1gi n\u00f6veked\u00e9s, a m\u00e1sik a gazdas\u00e1g feh\u00e9red\u00e9se.<br \/>\n    Az \u00e1llami b\u00fcdzs\u00e9 az idei \u00e9vre tervezett \u00f6sszege 16 351 milli\u00e1rd forint, ami az orsz\u00e1g mintegy 40 ezer milli\u00e1rd forintos GDP-j\u00e9nek 40 sz\u00e1zal\u00e9ka &#8211; ismertette az \u00e1llamtitk\u00e1r. Ut\u00f3bbir\u00f3l megjegyezte, ez a 39-40 sz\u00e1zal\u00e9kos elvon\u00e1si szint egy &#8222;j\u00f3 \u00e1tlagos sz\u00e1m&#8221; az Eur\u00f3pai Uni\u00f3ban.     A k\u00f6zponti k\u00f6lts\u00e9gvet\u00e9s h\u00e1romnegyed\u00e9t &#8222;a top t\u00edz ad\u00f3nem&#8221; adja, k\u00f6z\u00fcl\u00fck is a legt\u00f6bb forr\u00e1st &#8211; 26,2 sz\u00e1zal\u00e9kos ar\u00e1nyban &#8211; az \u00e1fa biztos\u00edtja a k\u00f6lts\u00e9gvet\u00e9s sz\u00e1m\u00e1ra &#8211; r\u00e9szletezte Izer Norbert, aki \u00fagy v\u00e9lekedett: tudatosan ad\u00f3zni az ad\u00f3tudatoss\u00e1g alkalmaz\u00e1s\u00e1val \u00e9s a &#8222;fisk\u00e1lis ill\u00fazi\u00f3k&#8221; elker\u00fcl\u00e9s\u00e9vel lehet.<br \/>\n<div class=\"ads-in-post2\"><script async src=\"https:\/\/pagead2.googlesyndication.com\/pagead\/js\/adsbygoogle.js\"><\/script>\r\n<ins class=\"adsbygoogle\"\r\n     style=\"display:block\"\r\n     data-ad-format=\"fluid\"\r\n     data-ad-layout-key=\"-6t+ed+2i-1n-4w\"\r\n     data-ad-client=\"ca-pub-1959107119989764\"\r\n     data-ad-slot=\"4008251320\"><\/ins>\r\n<script>\r\n     (adsbygoogle = window.adsbygoogle || []).push({});\r\n<\/script><\/div>\n    Az \u00e1llamtitk\u00e1r szerint az ad\u00f3tudatoss\u00e1g t\u00f6bb sz\u00e1zmilli\u00e1rd forintot hozhat a k\u00f6zponti k\u00f6lts\u00e9gvet\u00e9snek. 2016-t\u00f3l az aggreg\u00e1lt ad\u00f3cs\u00f6kkent\u00e9s k\u00f6vetkezt\u00e9ben a magyar GDP \u00f6sszeg\u00e9nek 2 sz\u00e1zal\u00e9k\u00e1t jelent\u0151 ad\u00f3cs\u00f6kkent\u00e9s val\u00f3sult meg &#8211; r\u00e9szletezte. Izer Norbert kiemelte, az ad\u00f3bev\u00e9tel-t\u00f6bbletet az magyar\u00e1zza, hogy egyre tudatosabbak, \u00e9s jogk\u00f6vet\u0151bbek az ad\u00f3z\u00f3k, \u00edgy az ad\u00f3hat\u00f3s\u00e1g egyre t\u00f6bb bev\u00e9telt tud beszedni.     A magyar GDP egy sz\u00e1zal\u00e9k\u00e1nak megfelel\u0151 \u00f6sszeg\u0171 mintegy 400 milli\u00e1rd forintos t\u00f6bbletbev\u00e9tel &#8222;a gazdas\u00e1g feh\u00e9red\u00e9s\u00e9nek sz\u00e1ml\u00e1j\u00e1ra \u00edrhat\u00f3&#8221; &#8211; tette hozz\u00e1 az \u00e1llamtitk\u00e1r, majd \u00fagy fogalmazott: &#8222;enn\u00e9l jobb bizony\u00edt\u00e9ka az ad\u00f3tudatoss\u00e1g \u00e9s az ad\u00f3mor\u00e1l javul\u00e1s\u00e1nak nem lehet&#8221;.     Ennek okai k\u00f6z\u00f6tt az online-p\u00e9nzt\u00e1rg\u00e9pek bevezet\u00e9s\u00e9t, a Nemzeti Ad\u00f3- \u00e9s V\u00e1mhivatal (NAV) \u00fagynevezett ad\u00f3traffipax el\u0151rejelz\u00e9s\u00e9t is eml\u00edtette az \u00e1llamtitk\u00e1r, aki hozz\u00e1tette: a szeml\u00e9letv\u00e1lt\u00e1snak k\u00f6sz\u00f6nhet\u0151en az ad\u00f3hat\u00f3s\u00e1g nemcsak szigor\u00fa fell\u00e9p\u00e9ssel tud hatni, hanem mentor\u00e1lni, seg\u00edteni, szolg\u00e1ltatni is tud, \u00edgy jav\u00edtja az ad\u00f3tudatoss\u00e1got.     Izer Norbert v\u00e9leked\u00e9se szerint nem lehet csak a b\u00fcntet\u00e9s, mulaszt\u00e1si b\u00edrs\u00e1g \u00e9s a kamat h\u00e1rmas\u00e1ban gondolkodni, hanem &#8222;egy sokkal cizell\u00e1ltabb&#8221;, a jogk\u00f6vet\u0151 ad\u00f3z\u00f3kat &#8222;nem b\u00e1nt\u00f3&#8221; rendszerre van sz\u00fcks\u00e9g.     Mint kifejtette, az ad\u00f3z\u00f3i piramis talapzata, legsz\u00e9lesebb b\u00e1zisa az a jogk\u00f6vet\u0151 k\u00f6r, akik szeretn\u00e9nek, tudnak \u00e9s akarnak is ad\u00f3zni. \u0150ket k\u00f6veti a valamilyen mulaszt\u00e1s miatt hib\u00e1z\u00f3k k\u00f6re, akikre az ad\u00f3tudatoss\u00e1g szempontj\u00e1b\u00f3l legink\u00e1bb figyelni kell, mert k\u00f6z\u00fcl\u00fck szinte mindenkit &#8222;\u00e1t lehet terelni&#8221; a jogk\u00f6vet\u0151 ad\u00f3z\u00f3k csoportj\u00e1ba &#8211; r\u00e9szletezte az \u00e1llamtitk\u00e1r.     Az ad\u00f3fizet\u00e9s szempontj\u00e1b\u00f3l legsz\u0171kebb k\u00f6rnek a szab\u00e1lyker\u00fcl\u0151ket \u00e9s a sz\u00e1nd\u00e9kos ad\u00f3csal\u00f3kat nevezte Izer Norbert, aki szerint az el\u0151z\u0151 csoportn\u00e1l fontos a b\u00edrs\u00e1g \u00e9s a hat\u00e1rozott hat\u00f3s\u00e1gi fell\u00e9p\u00e9s, ut\u00f3bbiakn\u00e1l pedig a legszigor\u00fabb szankcion\u00e1l\u00e1s.     A p\u00e9csi Fintelligence-tan\u00e1cskoz\u00e1st a di\u00e1kok p\u00e9nz\u00fcgyi tudatoss\u00e1g\u00e1nak \u00e9s v\u00e1llalkoz\u00e1si ismereteinek fejleszt\u00e9s\u00e9t c\u00e9lz\u00f3 P\u00e9nz7 elnevez\u00e9s\u0171 esem\u00e9nysorozat keret\u00e9ben rendezt\u00e9k meg.     A konferenci\u00e1n m\u00e1sok mellett el\u0151ad\u00e1st tartott a fogyaszt\u00f3i tudatoss\u00e1g fejleszt\u00e9s\u00e9r\u0151l, a bankszakma fel\u00fcgyelet\u00e9r\u0151l Windisch L\u00e1szl\u00f3, a Magyar Nemzeti Bank aleln\u00f6ke, valamint az oktat\u00e1s \u00e9s kutat\u00e1s lehet\u0151s\u00e9geir\u0151l a p\u00e9nz\u00fcgyi tudatoss\u00e1g fokoz\u00e1s\u00e1ban Schepp Zolt\u00e1n, a p\u00e9csi k\u00f6zgazdas\u00e1gtudom\u00e1nyi kar d\u00e9k\u00e1nja.(MTI)<\/p>\n","protected":false},"excerpt":{"rendered":"<p>Annak ellen\u00e9re, hogy \u00e9vek \u00f3ta cs\u00f6kkennek az ad\u00f3k, egyre t\u00f6bb ad\u00f3bev\u00e9telt szed be a magyar \u00e1llam &#8211; hangs\u00falyozta a P\u00e9nz\u00fcgyminiszt\u00e9rium (PM) ad\u00f3\u00fcgyek\u00e9rt felel\u0151s \u00e1llamtitk\u00e1ra cs\u00fct\u00f6rt\u00f6k\u00f6n, P\u00e9csen.<\/p>\n","protected":false},"author":1,"featured_media":0,"comment_status":"closed","ping_status":"open","sticky":false,"template":"","format":"standard","meta":[],"categories":[4,19],"tags":[],"_links":{"self":[{"href":"https:\/\/gazdasagportal.hu\/index.php\/wp-json\/wp\/v2\/posts\/114056"}],"collection":[{"href":"https:\/\/gazdasagportal.hu\/index.php\/wp-json\/wp\/v2\/posts"}],"about":[{"href":"https:\/\/gazdasagportal.hu\/index.php\/wp-json\/wp\/v2\/types\/post"}],"author":[{"embeddable":true,"href":"https:\/\/gazdasagportal.hu\/index.php\/wp-json\/wp\/v2\/users\/1"}],"replies":[{"embeddable":true,"href":"https:\/\/gazdasagportal.hu\/index.php\/wp-json\/wp\/v2\/comments?post=114056"}],"version-history":[{"count":1,"href":"https:\/\/gazdasagportal.hu\/index.php\/wp-json\/wp\/v2\/posts\/114056\/revisions"}],"predecessor-version":[{"id":114057,"href":"https:\/\/gazdasagportal.hu\/index.php\/wp-json\/wp\/v2\/posts\/114056\/revisions\/114057"}],"wp:attachment":[{"href":"https:\/\/gazdasagportal.hu\/index.php\/wp-json\/wp\/v2\/media?parent=114056"}],"wp:term":[{"taxonomy":"category","embeddable":true,"href":"https:\/\/gazdasagportal.hu\/index.php\/wp-json\/wp\/v2\/categories?post=114056"},{"taxonomy":"post_tag","embeddable":true,"href":"https:\/\/gazdasagportal.hu\/index.php\/wp-json\/wp\/v2\/tags?post=114056"}],"curies":[{"name":"wp","href":"https:\/\/api.w.org\/{rel}","templated":true}]}}