{"id":114052,"date":"2019-02-28T14:16:45","date_gmt":"2019-02-28T13:16:45","guid":{"rendered":"http:\/\/gazdasagportal.hu\/?p=114052"},"modified":"2019-02-28T14:16:45","modified_gmt":"2019-02-28T13:16:45","slug":"a-gdpr-utan-erkezik-az-e-privacy-rendelet","status":"publish","type":"post","link":"https:\/\/gazdasagportal.hu\/index.php\/a-gdpr-utan-erkezik-az-e-privacy-rendelet\/","title":{"rendered":"A GDPR ut\u00e1n \u00e9rkezik az e-Privacy rendelet"},"content":{"rendered":"<p><strong>A mag\u00e1n\u00e9let \u00e9s a digit\u00e1lis adatok v\u00e9delm\u00e9t az \u00e1ltal\u00e1nos adatv\u00e9delmi rendelet (GDPR) ut\u00e1n az elektronikus h\u00edrk\u00f6zl\u00e9si adatv\u00e9delmi rendelettel (e-Privacy) is er\u0151s\u00edten\u00e9 az Eur\u00f3pai Uni\u00f3. Az \u00faj szab\u00e1lyoz\u00e1s az adatv\u00e9delem egy speci\u00e1lis ter\u00fclet\u00e9re, az elektronikus kommunik\u00e1ci\u00f3ra \u00f6sszpontos\u00edt \u00e9s az \u201eover the top\u201d (\u201eOTT\u201d) szolg\u00e1ltat\u00f3kra is vonatkozik majd.<\/strong><!--more--><\/p>\n<div class=\"ads-in-post1\"><div id=\"gazdasagportal.hu_fullbanner_wideboard\"><\/div>\r\n<\/div>\n<p>&nbsp;<\/p>\n<p>Az e-Privacy a GDPR-ral \u00e9s a b\u0171n\u00fcld\u00f6z\u00e9si c\u00e9lb\u00f3l kezelt szem\u00e9lyes adatok v\u00e9delm\u00e9re vonatkoz\u00f3 ir\u00e1nyelvvel egy\u00fctt fontos r\u00e9sze az Eur\u00f3pai Uni\u00f3 adatv\u00e9delmi reformj\u00e1nak. Az elektronikus h\u00edrk\u00f6zl\u00e9si adatv\u00e9delmi rendelet c\u00e9lja a vonatkoz\u00f3 eur\u00f3pai uni\u00f3s jogi keret meg\u00faj\u00edt\u00e1sa, illetve a nemzeti szab\u00e1lyoz\u00e1sokb\u00f3l ered\u0151 elt\u00e9r\u00e9sek felsz\u00e1mol\u00e1sa \u00e9s egys\u00e9ges szab\u00e1lyok bevezet\u00e9se. A m\u00e9g most is form\u00e1l\u00f3d\u00f3 rendelet felv\u00e1ltja majd az egyes orsz\u00e1gok vonatkoz\u00f3 rendelkez\u00e9seit, illetve speci\u00e1lis jogszab\u00e1lyk\u00e9nt r\u00e9szletezi \u00e9s kieg\u00e9sz\u00edti a GDPR el\u0151\u00edr\u00e1sait. M\u00edg a GDPR \u00e1ltal\u00e1nosabb jelleg\u0171, az adatv\u00e9delemmel \u00e1ltal\u00e1nosabban foglalkoz\u00f3 rendelet, az e-Privacy az adatv\u00e9delem egy r\u00e9szter\u00fclet\u00e9re, nevezetesen az elektronikus h\u00edrk\u00f6zl\u00e9si szolg\u00e1ltat\u00e1sokra \u00e9s k\u00fcl\u00f6n\u00f6sen az elektronikus kommunik\u00e1ci\u00f3ra f\u00f3kusz\u00e1l.<\/p><div id=\"gazda-1528600643\" class=\"gazda-tartalomban gazda-entity-placement\"><script async src=\"https:\/\/pagead2.googlesyndication.com\/pagead\/js\/adsbygoogle.js\"><\/script>\r\n<ins class=\"adsbygoogle\"\r\n     style=\"display:block\"\r\n     data-ad-format=\"fluid\"\r\n     data-ad-layout-key=\"-6t+ed+2i-1n-4w\"\r\n     data-ad-client=\"ca-pub-1959107119989764\"\r\n     data-ad-slot=\"4008251320\"><\/ins>\r\n<script>\r\n     (adsbygoogle = window.adsbygoogle || []).push({});\r\n<\/script><\/div>\n<p>&nbsp;<\/p>\n<p>Az elektronikus h\u00edrk\u00f6zl\u00e9si adatv\u00e9delmi rendelet egyel\u0151re tervezet form\u00e1j\u00e1ban l\u00e9tezik csak, \u00edgy nincs m\u00e9g v\u00e9gleges sz\u00f6veg, \u00e9s nem lehet tudni, hogy milyen v\u00e1ltozatot fogadnak majd el az uni\u00f3s d\u00f6nt\u00e9shoz\u00f3k. Az e-Privacy k\u00f6vetelm\u00e9nyei nem teljesen \u00fajak, sz\u00e1mos eleme r\u00e9sze volt m\u00e1r az 1995-\u00f6s elektronikus h\u00edrk\u00f6zl\u00e9si adatv\u00e9delmi ir\u00e1nyelvnek is. Az ismert tervezet alapj\u00e1n az \u00faj rendelet alapt\u00e9tele, hogy az elektronikus kommunik\u00e1ci\u00f3 sor\u00e1n keletkez\u0151 adatok titkosak \u00e9s tilos ennek az elvnek a megs\u00e9rt\u00e9se, vagyis harmadik f\u00e9l nem zavarhatja meg a mag\u00e1nszem\u00e9lyek k\u00f6z\u00f6tti elektronikus kommunik\u00e1ci\u00f3t. A javaslat ugyanakkor tartalmaz n\u00e9h\u00e1ny kiv\u00e9telt ezen szab\u00e1ly al\u00f3l is.<\/p>\n<div class=\"ads-in-post2\"><script async src=\"https:\/\/pagead2.googlesyndication.com\/pagead\/js\/adsbygoogle.js\"><\/script>\r\n<ins class=\"adsbygoogle\"\r\n     style=\"display:block\"\r\n     data-ad-format=\"fluid\"\r\n     data-ad-layout-key=\"-6t+ed+2i-1n-4w\"\r\n     data-ad-client=\"ca-pub-1959107119989764\"\r\n     data-ad-slot=\"4008251320\"><\/ins>\r\n<script>\r\n     (adsbygoogle = window.adsbygoogle || []).push({});\r\n<\/script><\/div>\n&nbsp;<\/p>\n<p>\u201eFontos figyelembe venni az e-Privacy kapcs\u00e1n, hogy az elfogad\u00e1sa ut\u00e1n az Eur\u00f3pai Uni\u00f3 valamennyi tag\u00e1llam\u00e1ban hat\u00e1lyos jogszab\u00e1lyr\u00f3l besz\u00e9lhet\u00fcnk \u00e9s az k\u00f6zvetlen hat\u00e1lyos lesz majd a tag\u00e1llamokban, illetve egyik f\u0151 el\u0151nye, hogy uni\u00f3s szinten egys\u00e9ges\u00edti az elektronikus h\u00edrk\u00f6zl\u00e9s ter\u00fclet\u00e9n az adatv\u00e9delmet \u00e9s azt nem sz\u00fcks\u00e9ges a tag\u00e1llamoknak a nemzeti jogba \u00e1t\u00fcltetni. Az e-Privacy az elektronikus kommunik\u00e1ci\u00f3 sor\u00e1n keletkez\u0151 adatokra \u00e9s meta-adatokra vonatkoz\u00f3an is alkalmazni kell majd. Ez azt jelenti, hogy nagyobb ter\u00fcletet fed le, mint a GDPR, hiszen a hat\u00e1lya al\u00e1 es\u0151 adatok nem korl\u00e1toz\u00f3dnak a term\u00e9szetes szem\u00e9lyek k\u00f6z\u00f6tti kommunik\u00e1ci\u00f3ra, illetve olyan inform\u00e1ci\u00f3kra is vonatkozik, mint a d\u00e1tum, id\u0151tartam, vagy p\u00e9ld\u00e1ul a kommunik\u00e1ci\u00f3t folytat\u00f3 v\u00e9gfelhaszn\u00e1l\u00f3 f\u00f6ldrajzi helyzete. A jogszab\u00e1lyi el\u0151\u00edr\u00e1sok be nem tart\u00e1s\u00e1\u00e9rt a piaci szerepl\u0151ket szint\u00e9n a Nemzeti Adatv\u00e9delmi \u00e9s Inform\u00e1ci\u00f3szabads\u00e1g Hat\u00f3s\u00e1g fogja ellen\u0151rizni \u00e9s ugyanakkora b\u00edrs\u00e1gra sz\u00e1m\u00edthatnak, mint a GDPR eset\u00e9ben, vagyis 20 milli\u00f3 eur\u00f3 vagy az \u00e9ves \u00e1rbev\u00e9tel 4 sz\u00e1zal\u00e9ka\u00a0 a legmagasabb b\u00fcntet\u00e9si t\u00e9tel\u201d \u2013 hangs\u00falyozta dr. Majoros G\u00e1bor T. a Deloitte Legal adatv\u00e9delmi csoportj\u00e1nak \u00fcgyv\u00e9dje.<\/p>\n<p>&nbsp;<\/p>\n<p>M\u00edg az 1995-t\u0151l \u00e9letben l\u00e9v\u0151 ir\u00e1nyelv csak a hagyom\u00e1nyos t\u00e1vk\u00f6zl\u00e9si szolg\u00e1ltat\u00e1sokra vonatkozott, addig az \u00faj rendelet m\u00e1r az OTT szolg\u00e1ltat\u00e1sokra, azaz olyan szolg\u00e1ltat\u00e1sokra, amelyek sz\u00e9less\u00e1v\u00fa adat\u00e1tviteli el\u00e9r\u00e9sen kereszt\u00fcl jutnak el felhaszn\u00e1l\u00f3hoz (pl. on-demand tartalomszolg\u00e1ltat\u00e1sok), is ki fog terjedni, mint p\u00e9ld\u00e1ul a Skype, a WhatsApp vagy a Facebook Messenger. Ez azt jelenti, hogy az OTT szolg\u00e1ltat\u00e1sokat haszn\u00e1l\u00f3k egyforma v\u00e9delmet kapnak az EU-ban, illetve az OTT szolg\u00e1ltat\u00f3knak ugyanazokat a szab\u00e1lyokat kell majd betartaniuk, mint a hagyom\u00e1nyos t\u00e1vk\u00f6zl\u00e9si c\u00e9geknek. Az elektronikus h\u00edrk\u00f6zl\u00e9si adatok v\u00e9delm\u00e9re vonatkoz\u00f3 ir\u00e1nyelv a cookie-k kapcs\u00e1n nem hozta meg az elv\u00e1rt eredm\u00e9nyeket, ez\u00e9rt fontos lenne a cookie-szab\u00e1lyok friss\u00edt\u00e9se, azonban ezzel kapcsolatban komoly vita alakult ki, \u00edgy sz\u00e1mos k\u00e9rd\u00e9st kell m\u00e9g tiszt\u00e1zni. Az e-Privacy a cookie szab\u00e1lyoz\u00e1s megreform\u00e1l\u00e1sa mellett v\u00e1rhat\u00f3an \u00fajra fogja \u00edrni t\u00f6bbek k\u00f6z\u00f6tt az elektronikus direktmarketing kommunik\u00e1ci\u00f3ra vonatkoz\u00f3 szab\u00e1lyokat is, amire nagy sz\u00fcks\u00e9g van \u00e9s a folyamatban l\u00e9v\u0151 GDPR jogharmoniz\u00e1ci\u00f3s sal\u00e1tat\u00f6rv\u00e9nyb\u0151l is kimaradt.<\/p>\n<p>&nbsp;<\/p>\n<p>Az e-Privacy legfrissebb v\u00e9lem\u00e9nyezett tervezet\u00e9t a m\u00falt h\u00e9ten <a href=\"http:\/\/data.consilium.europa.eu\/doc\/document\/ST-6771-2019-INIT\/EN\/pdf\" target=\"_blank\" rel=\"noopener\">tett\u00e9k k\u00f6zz\u00e9<\/a> \u00e9s egyel\u0151re nem lehet tudni, hogy mikor l\u00e9phet majd hat\u00e1lyba a rendelet. Az optimista becsl\u00e9s szerint is csak legkor\u00e1bban 2019 v\u00e9g\u00e9re fejez\u0151dik be a sz\u00f6veg v\u00e9gleges\u00edt\u00e9se, ami azt jelenti, hogy legkor\u00e1bban j\u00f6v\u0151re \u00e9lesedhet a jogszab\u00e1ly. Azonban a tervezet alapj\u00e1n is egy\u00e9rtelm\u0171, hogy az e-Privacy jelent\u0151s hat\u00e1ssal lesz azokra a v\u00e1llalkoz\u00e1sokra, amelyek k\u00f6zvetlen folytatnak elektronikus kommunik\u00e1ci\u00f3t mag\u00e1nszem\u00e9lyekkel. \u00c9ppen ez\u00e9rt mind a c\u00e9gek, mind az uni\u00f3s \u00e1llampolg\u00e1rok szempontj\u00e1b\u00f3l el\u0151ny\u00f6s lenne, ha az eur\u00f3pai jogalkot\u00f3k folyamatos t\u00e1j\u00e9koztat\u00e1st adn\u00e1nak a rendelet sors\u00e1r\u00f3l. Ha val\u00f3ban 2020-ban l\u00e9p \u00e9letbe az \u00faj szab\u00e1lyoz\u00e1s, az elegend\u0151 id\u0151t adhat a c\u00e9gek sz\u00e1m\u00e1ra a felk\u00e9sz\u00fcl\u00e9shez\u201d \u2013 tette hozz\u00e1 dr. B\u00e1nczi Lea, a Deloitte Legal \u00fcgyv\u00e9dje.<\/p>\n<p>&nbsp;<\/p>\n<p>&nbsp;<\/p>\n<p><strong>Deloitte-r\u00f3l<\/strong><\/p>\n<p>A Deloitte sz\u00e1mos ipar\u00e1gban ny\u00fajt k\u00f6nyvvizsg\u00e1lati, valamint ad\u00f3- \u00e9s egy\u00e9b tan\u00e1csad\u00e1si, tov\u00e1bb\u00e1 jogi szolg\u00e1ltat\u00e1sokat (\u00fcgyfeleinknek egy\u00fcttm\u0171k\u00f6d\u0151 \u00fcgyv\u00e9di irod\u00e1nk, a Deloitte Legal Erd\u0151s \u00e9s T\u00e1rsai \u00dcgyv\u00e9di Iroda ny\u00fajtja a jogi tan\u00e1csad\u00e1si szolg\u00e1ltat\u00e1sokat) \u00e1llami \u00e9s mag\u00e1nc\u00e9gek r\u00e9sz\u00e9re egyar\u00e1nt. T\u00f6bb mint 150 orsz\u00e1gban jelen l\u00e9v\u0151 h\u00e1l\u00f3zat\u00e1n kereszt\u00fcl a Deloitte vil\u00e1gsz\u00ednvonal\u00fa szak\u00e9rtelm\u00e9vel \u00e9s min\u0151s\u00e9gi szolg\u00e1ltat\u00e1saival seg\u00edti \u00fcgyfeleit abban, hogy megfeleljenek az el\u0151tt\u00fck \u00e1ll\u00f3 \u00fczleti kih\u00edv\u00e1soknak. A Deloitte mintegy 225 000 szak\u00e9rt\u0151je egyt\u0151l egyig arra t\u00f6rekszik, hogy a kiv\u00e1l\u00f3s\u00e1g m\u00e9rc\u00e9j\u00e9v\u00e9 v\u00e1ljon.<\/p>\n<p>A Deloitte n\u00e9v az Egyes\u00fclt Kir\u00e1lys\u00e1gban \u201ccompany limited by guarantee\u201d form\u00e1ban alap\u00edtott Deloitte Touche Tohmatsu Limited t\u00e1rsas\u00e1gra \u00e9s tagv\u00e1llalatainak h\u00e1l\u00f3zat\u00e1ra utal, melyek mindegyike \u00f6n\u00e1ll\u00f3, egym\u00e1st\u00f3l elk\u00fcl\u00f6n\u00fcl\u0151 jogi szem\u00e9ly. A Deloitte Touche Tohmatsu Limited \u00e9s tagv\u00e1llalatai jogi strukt\u00far\u00e1j\u00e1nak r\u00e9szletes bemutat\u00e1s\u00e1t a k\u00f6vetkez\u0151 link alatt tal\u00e1lja: <strong><a href=\"http:\/\/www.deloitte.com\/hu\/magunkrol.\" target=\"_blank\" rel=\"noopener noreferrer\">ww.deloitte.com\/hu\/magunkrol<\/a><\/strong>.<\/p>\n<p>&nbsp;<\/p>\n","protected":false},"excerpt":{"rendered":"<p>A mag\u00e1n\u00e9let \u00e9s a digit\u00e1lis adatok v\u00e9delm\u00e9t az \u00e1ltal\u00e1nos adatv\u00e9delmi rendelet (GDPR) ut\u00e1n az elektronikus h\u00edrk\u00f6zl\u00e9si adatv\u00e9delmi rendelettel (e-Privacy) is er\u0151s\u00edten\u00e9 az Eur\u00f3pai Uni\u00f3. Az \u00faj szab\u00e1lyoz\u00e1s az adatv\u00e9delem egy speci\u00e1lis ter\u00fclet\u00e9re, az elektronikus kommunik\u00e1ci\u00f3ra \u00f6sszpontos\u00edt \u00e9s az \u201eover the top\u201d (\u201eOTT\u201d) szolg\u00e1ltat\u00f3kra is vonatkozik majd.<\/p>\n","protected":false},"author":1,"featured_media":0,"comment_status":"closed","ping_status":"open","sticky":false,"template":"","format":"standard","meta":[],"categories":[4,19],"tags":[],"_links":{"self":[{"href":"https:\/\/gazdasagportal.hu\/index.php\/wp-json\/wp\/v2\/posts\/114052"}],"collection":[{"href":"https:\/\/gazdasagportal.hu\/index.php\/wp-json\/wp\/v2\/posts"}],"about":[{"href":"https:\/\/gazdasagportal.hu\/index.php\/wp-json\/wp\/v2\/types\/post"}],"author":[{"embeddable":true,"href":"https:\/\/gazdasagportal.hu\/index.php\/wp-json\/wp\/v2\/users\/1"}],"replies":[{"embeddable":true,"href":"https:\/\/gazdasagportal.hu\/index.php\/wp-json\/wp\/v2\/comments?post=114052"}],"version-history":[{"count":1,"href":"https:\/\/gazdasagportal.hu\/index.php\/wp-json\/wp\/v2\/posts\/114052\/revisions"}],"predecessor-version":[{"id":114053,"href":"https:\/\/gazdasagportal.hu\/index.php\/wp-json\/wp\/v2\/posts\/114052\/revisions\/114053"}],"wp:attachment":[{"href":"https:\/\/gazdasagportal.hu\/index.php\/wp-json\/wp\/v2\/media?parent=114052"}],"wp:term":[{"taxonomy":"category","embeddable":true,"href":"https:\/\/gazdasagportal.hu\/index.php\/wp-json\/wp\/v2\/categories?post=114052"},{"taxonomy":"post_tag","embeddable":true,"href":"https:\/\/gazdasagportal.hu\/index.php\/wp-json\/wp\/v2\/tags?post=114052"}],"curies":[{"name":"wp","href":"https:\/\/api.w.org\/{rel}","templated":true}]}}