{"id":114050,"date":"2019-02-28T13:17:09","date_gmt":"2019-02-28T12:17:09","guid":{"rendered":"http:\/\/gazdasagportal.hu\/?p=114050"},"modified":"2019-02-28T13:17:09","modified_gmt":"2019-02-28T12:17:09","slug":"brexit-tizevi-melyponton-a-nagy-britanniai-eu-bevandorlas","status":"publish","type":"post","link":"https:\/\/gazdasagportal.hu\/index.php\/brexit-tizevi-melyponton-a-nagy-britanniai-eu-bevandorlas\/","title":{"rendered":"Brexit &#8211; T\u00edz\u00e9vi m\u00e9lyponton a nagy-britanniai EU-bev\u00e1ndorl\u00e1s"},"content":{"rendered":"<p><strong>T\u00edz\u00e9vi m\u00e9lypontra cs\u00f6kkent a szeptemberrel z\u00e1rult tizenk\u00e9t h\u00f3napban az Eur\u00f3pai Uni\u00f3 t\u00e1rs\u00e1llamaib\u00f3l Nagy-Britanni\u00e1ba ir\u00e1nyul\u00f3 nett\u00f3 bev\u00e1ndorl\u00e1s, nem kis r\u00e9szben az\u00e9rt, mert a k\u00f6z\u00e9p- \u00e9s kelet-eur\u00f3pai EU-orsz\u00e1gok \u00e1llampolg\u00e1rai k\u00f6z\u00fcl t\u00f6bben t\u00e1voztak, mint ah\u00e1nyan \u00e9rkeztek.<\/strong><!--more--><\/p>\n<div class=\"ads-in-post1\"><div id=\"gazdasagportal.hu_fullbanner_wideboard\"><\/div>\r\n<\/div>\n<p>    A brit statisztikai hivatal (ONS) cs\u00fct\u00f6rt\u00f6k\u00f6n ismertetett friss becsl\u00e9se szerint a tavalyi harmadik negyed\u00e9v v\u00e9g\u00e9ig terjed\u0151 egy \u00e9vben nett\u00f3 57 ezer volt a tart\u00f3s letelep\u00fcl\u00e9si sz\u00e1nd\u00e9kkal Nagy-Britanni\u00e1ba \u00e9rkez\u0151 k\u00fclf\u00f6ldi EU-\u00e1llampolg\u00e1rok sz\u00e1ma.<br \/>\n    Nagy-Britanni\u00e1ban 2009 \u00f3ta nem m\u00e9rtek ilyen alacsony \u00e9ves szint\u0171 nett\u00f3 EU-bev\u00e1ndorl\u00e1st.<br \/>\n    Az ONS ismertet\u00e9se szerint a vizsg\u00e1lt id\u0151szakban 202 ezren \u00e9rkeztek leteleped\u00e9si c\u00e9llal m\u00e1s EU-orsz\u00e1gokb\u00f3l, \u00e9s 145 ezer EU-\u00e1llampolg\u00e1r t\u00e1vozott v\u00e9gleg Nagy-Britanni\u00e1b\u00f3l.<br \/>\n    Az ONS \u00e1ltal EU8-csoportk\u00e9nt jel\u00f6lt orsz\u00e1gok, vagyis az Eur\u00f3pai Uni\u00f3ba 2004-ben felvett nyolc k\u00f6z\u00e9p- \u00e9s kelet-eur\u00f3pai tag\u00e1llam, k\u00f6zt\u00fck Magyarorsz\u00e1g nagy-britanniai bev\u00e1ndorl\u00e1si m\u00e9rlege a teljes EU-adatsoron bel\u00fcl negat\u00edv: ezekb\u0151l az orsz\u00e1gokb\u00f3l 38 ezren \u00e9rkeztek, viszont 53 ezren t\u00e1voztak Nagy-Britanni\u00e1b\u00f3l, vagyis az EU8-ak nett\u00f3 bev\u00e1ndorl\u00e1si egyenlege m\u00ednusz 15 ezer volt a szeptemberrel z\u00e1rult egy \u00e9vben.<br \/>\n<div class=\"ads-in-post2\"><script async src=\"https:\/\/pagead2.googlesyndication.com\/pagead\/js\/adsbygoogle.js\"><\/script>\r\n<ins class=\"adsbygoogle\"\r\n     style=\"display:block\"\r\n     data-ad-format=\"fluid\"\r\n     data-ad-layout-key=\"-6t+ed+2i-1n-4w\"\r\n     data-ad-client=\"ca-pub-1959107119989764\"\r\n     data-ad-slot=\"4008251320\"><\/ins>\r\n<script>\r\n     (adsbygoogle = window.adsbygoogle || []).push({});\r\n<\/script><\/div>\n     A teljes EU-bev\u00e1ndorl\u00e1si m\u00e9rlegen bel\u00fcl az EU8-csoport az egyetlen, amelynek nett\u00f3 nagy-britanniai bev\u00e1ndorl\u00e1si egyenlege negat\u00edv.<br \/>\n    A statisztikai hivatal cs\u00fct\u00f6rt\u00f6ki ismertet\u00e9se szerint a r\u00e9gebbi EU-tag\u00e1llamokb\u00f3l 34 ezerrel, az ONS \u00e1ltal a keleti EU-orsz\u00e1gcsoporton bel\u00fcl k\u00fcl\u00f6n nyilv\u00e1ntartott Rom\u00e1ni\u00e1b\u00f3l \u00e9s Bulg\u00e1ri\u00e1b\u00f3l pedig 38 ezerrel t\u00f6bben \u00e9rkeztek tart\u00f3s leteleped\u00e9s c\u00e9lj\u00e1val Nagy-Britanni\u00e1ba, mint ah\u00e1nyan ezeknek az orsz\u00e1goknak az \u00e1llampolg\u00e1rai k\u00f6z\u00fcl t\u00e1voztak.<br \/>\n    A statisztikai kimutat\u00e1sban szerepl\u0151 grafikus \u00e1br\u00e1k egy\u00e9rtelm\u0171en mutatj\u00e1k, hogy a brit EU-tags\u00e1gr\u00f3l 2016 j\u00fanius\u00e1ban tartott n\u00e9pszavaz\u00e1s ut\u00e1n &#8211; amelyen a r\u00e9sztvev\u0151k sz\u0171k, 51,89 sz\u00e1zal\u00e9kos t\u00f6bbs\u00e9ge a kil\u00e9p\u00e9sre voksolt &#8211; \u00e9les t\u00f6r\u00e9ssel meredek \u00edvben cs\u00f6kkenni kezdett a Nagy-Britanni\u00e1ba ir\u00e1nyul\u00f3 bev\u00e1ndorl\u00e1s az Eur\u00f3pai Uni\u00f3 t\u00e1rs\u00e1llamaib\u00f3l, k\u00fcl\u00f6n\u00f6sen az EU8-csoportb\u00f3l.<br \/>\n    A statisztikai hivatal nemzetk\u00f6zi migr\u00e1ci\u00f3s k\u00f6zpontj\u00e1nak igazgat\u00f3ja, Jay Lindop mindazon\u00e1ltal hangs\u00falyozta a cs\u00fct\u00f6rt\u00f6ki \u00f6sszes\u00edt\u00e9shez f\u0171z\u00f6tt komment\u00e1rj\u00e1ban, hogy az egy\u00e9nek migr\u00e1ci\u00f3s d\u00f6nt\u00e9sei m\u00f6g\u00f6tt \u00f6sszetett indokok \u00e1llnak, \u00e9s a d\u00f6nt\u00e9seket minden esetben t\u00e9nyez\u0151k eg\u00e9sz sora befoly\u00e1solja, k\u00f6zt\u00fck a munkav\u00e1llal\u00e1si, tanul\u00e1si lehet\u0151s\u00e9gek, illetve csal\u00e1di okok.<br \/>\n    A konzervat\u00edv p\u00e1rti brit korm\u00e1ny azonban m\u00e1r j\u00f3 ideje hangs\u00falyozza, hogy a brit EU-tags\u00e1g megsz\u0171n\u00e9se (Brexit) ut\u00e1n szigor\u00edtani k\u00edv\u00e1nja az uni\u00f3s \u00e1llampolg\u00e1rok leteleped\u00e9si szab\u00e1lyait, \u00e9s az \u00faj bev\u00e1ndorl\u00e1si rendszer nem fogja kedvezm\u00e9nyes elb\u00edr\u00e1l\u00e1sban r\u00e9szes\u00edteni az EU-ban marad\u00f3 orsz\u00e1gok Nagy-Britanni\u00e1ban letelepedni \u00e9s dolgozni k\u00edv\u00e1n\u00f3 munkav\u00e1llal\u00f3it a m\u00e1shonnan \u00e9rkez\u0151kkel szemben.<br \/>\n    Theresa May minisztereln\u00f6k n\u00e9h\u00e1ny hete, a Brit Iparsz\u00f6vets\u00e9g (CBI) Londonban rendezett \u00e9ves kongresszus\u00e1n felsz\u00f3lalva kijelentette: megsz\u0171nik az a helyzet, hogy az Eur\u00f3pai Uni\u00f3b\u00f3l \u00e9rkez\u0151k szakk\u00e9pzetts\u00e9g\u00fckt\u0151l, szakmai tapasztalataikt\u00f3l f\u00fcggetlen\u00fcl &#8222;be\u00e1llhatnak a sor elej\u00e9re, a Sydneyb\u0151l \u00e9rkez\u0151 m\u00e9rn\u00f6k\u00f6k vagy a Delhib\u0151l \u00e9rkez\u0151 szoftverfejleszt\u0151k el\u00e9&#8221;.<br \/>\n    A brit korm\u00e1nyf\u0151 e kijelent\u00e9s\u00e9t sz\u00e1mos b\u00edr\u00e1lat \u00e9rte, \u00e9s May nem sokkal k\u00e9s\u0151bb, egy parlamenti felsz\u00f3lal\u00e1sban eln\u00e9z\u00e9st k\u00e9rt, elismerve, hogy nem lett volna szabad e sz\u00f3haszn\u00e1lattal \u00e9lnie.(MTI)<\/p>\n","protected":false},"excerpt":{"rendered":"<p>T\u00edz\u00e9vi m\u00e9lypontra cs\u00f6kkent a szeptemberrel z\u00e1rult tizenk\u00e9t h\u00f3napban az Eur\u00f3pai Uni\u00f3 t\u00e1rs\u00e1llamaib\u00f3l Nagy-Britanni\u00e1ba ir\u00e1nyul\u00f3 nett\u00f3 bev\u00e1ndorl\u00e1s, nem kis r\u00e9szben az\u00e9rt, mert a k\u00f6z\u00e9p- \u00e9s kelet-eur\u00f3pai EU-orsz\u00e1gok \u00e1llampolg\u00e1rai k\u00f6z\u00fcl t\u00f6bben t\u00e1voztak, mint ah\u00e1nyan \u00e9rkeztek.<\/p>\n","protected":false},"author":1,"featured_media":0,"comment_status":"closed","ping_status":"open","sticky":false,"template":"","format":"standard","meta":[],"categories":[12],"tags":[],"_links":{"self":[{"href":"https:\/\/gazdasagportal.hu\/index.php\/wp-json\/wp\/v2\/posts\/114050"}],"collection":[{"href":"https:\/\/gazdasagportal.hu\/index.php\/wp-json\/wp\/v2\/posts"}],"about":[{"href":"https:\/\/gazdasagportal.hu\/index.php\/wp-json\/wp\/v2\/types\/post"}],"author":[{"embeddable":true,"href":"https:\/\/gazdasagportal.hu\/index.php\/wp-json\/wp\/v2\/users\/1"}],"replies":[{"embeddable":true,"href":"https:\/\/gazdasagportal.hu\/index.php\/wp-json\/wp\/v2\/comments?post=114050"}],"version-history":[{"count":1,"href":"https:\/\/gazdasagportal.hu\/index.php\/wp-json\/wp\/v2\/posts\/114050\/revisions"}],"predecessor-version":[{"id":114051,"href":"https:\/\/gazdasagportal.hu\/index.php\/wp-json\/wp\/v2\/posts\/114050\/revisions\/114051"}],"wp:attachment":[{"href":"https:\/\/gazdasagportal.hu\/index.php\/wp-json\/wp\/v2\/media?parent=114050"}],"wp:term":[{"taxonomy":"category","embeddable":true,"href":"https:\/\/gazdasagportal.hu\/index.php\/wp-json\/wp\/v2\/categories?post=114050"},{"taxonomy":"post_tag","embeddable":true,"href":"https:\/\/gazdasagportal.hu\/index.php\/wp-json\/wp\/v2\/tags?post=114050"}],"curies":[{"name":"wp","href":"https:\/\/api.w.org\/{rel}","templated":true}]}}