{"id":114000,"date":"2019-02-27T11:40:08","date_gmt":"2019-02-27T10:40:08","guid":{"rendered":"http:\/\/gazdasagportal.hu\/?p=114000"},"modified":"2019-02-27T11:40:08","modified_gmt":"2019-02-27T10:40:08","slug":"elemzok-munkaeropiaci-reformra-van-szukseg-a-foglalkoztatas-tovabbi-bovitesehez","status":"publish","type":"post","link":"https:\/\/gazdasagportal.hu\/index.php\/elemzok-munkaeropiaci-reformra-van-szukseg-a-foglalkoztatas-tovabbi-bovitesehez\/","title":{"rendered":"Elemz\u0151k: munkaer\u0151piaci reformra van sz\u00fcks\u00e9g a foglalkoztat\u00e1s tov\u00e1bbi b\u0151v\u00edt\u00e9s\u00e9hez"},"content":{"rendered":"<p><strong>A magyar gazdas\u00e1g el\u00e9rte a teljes foglalkoztatotts\u00e1g szintj\u00e9t, a munkan\u00e9lk\u00fclis\u00e9g tov\u00e1bbi cs\u00f6kkent\u00e9s\u00e9hez munkaer\u0151piaci reformra van sz\u00fcks\u00e9g &#8211; \u00edgy komment\u00e1lt\u00e1k az MTI-nek nyilatkoz\u00f3 szak\u00e9rt\u0151k a legfrissebb foglalkoztat\u00e1si \u00e9s munkan\u00e9lk\u00fclis\u00e9gi adatokat. <\/strong><!--more--><\/p>\n<div class=\"ads-in-post1\"><div id=\"gazdasagportal.hu_fullbanner_wideboard\"><\/div>\r\n<\/div>\n<p>    A K\u00f6zponti Statisztikai Hivatal (KSH) szerdai k\u00f6zl\u00e9se szerint a 2018. november \u00e9s 2019. janu\u00e1r k\u00f6z\u00f6tti id\u0151szakban a foglalkoztatottak \u00e1tlagos l\u00e9tsz\u00e1ma 4 milli\u00f3 481 ezer volt, 45 ezerrel t\u00f6bb, mint egy \u00e9vvel kor\u00e1bban. A munkan\u00e9lk\u00fcliek \u00e1tlagos l\u00e9tsz\u00e1ma 170 ezer, a munkan\u00e9lk\u00fclis\u00e9gi r\u00e1ta 3,7 sz\u00e1zal\u00e9k volt.<br \/>\n    Virov\u00e1cz P\u00e9ter, az ING Bank vezet\u0151 elemz\u0151je komment\u00e1rj\u00e1ban k\u00f6z\u00f6lte, a fesz\u00edtett munkaer\u0151piac miatt id\u00e9n \u00e9ves szinten 3,6 sz\u00e1zal\u00e9kos munkan\u00e9lk\u00fclis\u00e9gi r\u00e1t\u00e1ra sz\u00e1m\u00edt. A tel\u00edtett munkaer\u0151piac tov\u00e1bb hajthatja a b\u00e9remelked\u00e9st, valamint a termel\u00e9kenys\u00e9g jav\u00edt\u00e1s\u00e1t c\u00e9lz\u00f3 v\u00e1llalati beruh\u00e1z\u00e1sokat is &#8211; tette hozz\u00e1 az elemz\u0151.<br \/>\n    Az elemz\u0151 a foglalkoztat\u00e1s szerkezet\u00e9r\u0151l megjegyezte, a k\u00f6zfoglalkoztatottak l\u00e9tsz\u00e1ma 130 ezer al\u00e1 cs\u00f6kkent, az els\u0151dleges munkaer\u0151piacon dolgoz\u00f3k sz\u00e1ma viszont tov\u00e1bb emelkedett, b\u00e1r a temp\u00f3 lassul\u00e1st mutat.<br \/>\n<div class=\"ads-in-post2\"><script async src=\"https:\/\/pagead2.googlesyndication.com\/pagead\/js\/adsbygoogle.js\"><\/script>\r\n<ins class=\"adsbygoogle\"\r\n     style=\"display:block\"\r\n     data-ad-format=\"fluid\"\r\n     data-ad-layout-key=\"-6t+ed+2i-1n-4w\"\r\n     data-ad-client=\"ca-pub-1959107119989764\"\r\n     data-ad-slot=\"4008251320\"><\/ins>\r\n<script>\r\n     (adsbygoogle = window.adsbygoogle || []).push({});\r\n<\/script><\/div>\n    Suppan Gergely, a Takar\u00e9kbank vezet\u0151 elemz\u0151je hangs\u00falyozta, a munkaer\u0151piac egyre ink\u00e1bb bele\u00fctk\u00f6zik a foglalkoztat\u00e1s tov\u00e1bbi b\u0151v\u00fcl\u00e9s\u00e9nek korl\u00e1tj\u00e1ba, az uni\u00f3s tag\u00e1llamokkal \u00f6sszehasonl\u00edtva azonban Magyarorsz\u00e1gon is el\u00e9rhet\u0151 a foglalkoztat\u00e1si r\u00e1ta tov\u00e1bbi, legal\u00e1bb 4 sz\u00e1zal\u00e9kos emelked\u00e9se.<br \/>\n    Az elemz\u0151 szerint ennek a legnagyobb g\u00e1tja a feketefoglalkoztat\u00e1s, illetve, hogy a munkaer\u0151piacon z\u00f6m\u00e9ben m\u00e1r csak a teljesen k\u00e9pzetlen munkaer\u0151 maradt, n\u00e1luk pedig a helyzet jav\u00edt\u00e1sa \u00e9rdek\u00e9ben nagy hangs\u00falyt kell helyezni az oktat\u00e1sra, mindezekhez pedig szakpolitikai beavatkoz\u00e1sra van sz\u00fcks\u00e9g.<br \/>\n    Ugyanakkor arra is r\u00e1mutatott, hogy a munkaer\u0151hi\u00e1nyos \u00e1llapot kedvez\u0151 a munkav\u00e1llal\u00f3k alkupoz\u00edci\u00f3ja szempontj\u00e1b\u00f3l, de pozit\u00edvan befoly\u00e1solja a makrogazdas\u00e1got is, mivel a rendelkez\u00e9sre \u00e1ll\u00f3 er\u0151forr\u00e1sokat a v\u00e1llalatok egyre hat\u00e9konyabban haszn\u00e1lj\u00e1k fel egyre hat\u00e9konyabb munkaszervez\u00e9ssel \u00e9s magasabb hozz\u00e1adott \u00e9rt\u00e9ket el\u0151\u00e1ll\u00edtani k\u00e9pes beruh\u00e1z\u00e1sokkal, ami a teljes nemzetgazdas\u00e1g versenyk\u00e9pess\u00e9g\u00e9t tov\u00e1bb n\u00f6veli.<br \/>\n    Nyeste Orsolya, az Erste Bank szenior makrogazdas\u00e1gi elemz\u0151je szerint az adatok tov\u00e1bbra is er\u0151s, fesz\u00edtett munkapiacot jeleznek, ami az id\u00e9n is &#8222;meg\u00e1gyazhat&#8221; a b\u00e9rek folytat\u00f3d\u00f3 &#8211; b\u00e1r 2018-hoz k\u00e9pest v\u00e1rhat\u00f3an lassul\u00f3 \u00fctem\u0171 &#8211; emelked\u00e9s\u00e9nek. Mindez azt is jelenti, hogy a lakoss\u00e1gi fogyaszt\u00e1s az id\u00e9n is fontos t\u00e1masza marad a magyar gazdas\u00e1gi n\u00f6veked\u00e9snek, ellens\u00falyozva a glob\u00e1lis piacokr\u00f3l \u00e9rkez\u0151 esetleges negat\u00edv hat\u00e1sokat, amelyek legink\u00e1bb az ipari export lassul\u00e1s\u00e1ban mutatkozhatnak meg.<br \/>\n    Az elemz\u0151 szerint a tavalyi \u00e9vi kiemelked\u0151, 4,8 sz\u00e1zal\u00e9kos \u00e9ves n\u00f6veked\u00e9se ut\u00e1n 2019-ben lassulhat a GDP b\u0151v\u00fcl\u00e9se, \u00e1m tov\u00e1bbra is a 3,5-4 sz\u00e1zal\u00e9kos s\u00e1vban maradhat.(MTI)<\/p>\n","protected":false},"excerpt":{"rendered":"<p>A magyar gazdas\u00e1g el\u00e9rte a teljes foglalkoztatotts\u00e1g szintj\u00e9t, a munkan\u00e9lk\u00fclis\u00e9g tov\u00e1bbi cs\u00f6kkent\u00e9s\u00e9hez munkaer\u0151piaci reformra van sz\u00fcks\u00e9g &#8211; \u00edgy komment\u00e1lt\u00e1k az MTI-nek nyilatkoz\u00f3 szak\u00e9rt\u0151k a legfrissebb foglalkoztat\u00e1si \u00e9s munkan\u00e9lk\u00fclis\u00e9gi adatokat.<\/p>\n","protected":false},"author":1,"featured_media":0,"comment_status":"closed","ping_status":"open","sticky":false,"template":"","format":"standard","meta":[],"categories":[4,19],"tags":[],"_links":{"self":[{"href":"https:\/\/gazdasagportal.hu\/index.php\/wp-json\/wp\/v2\/posts\/114000"}],"collection":[{"href":"https:\/\/gazdasagportal.hu\/index.php\/wp-json\/wp\/v2\/posts"}],"about":[{"href":"https:\/\/gazdasagportal.hu\/index.php\/wp-json\/wp\/v2\/types\/post"}],"author":[{"embeddable":true,"href":"https:\/\/gazdasagportal.hu\/index.php\/wp-json\/wp\/v2\/users\/1"}],"replies":[{"embeddable":true,"href":"https:\/\/gazdasagportal.hu\/index.php\/wp-json\/wp\/v2\/comments?post=114000"}],"version-history":[{"count":1,"href":"https:\/\/gazdasagportal.hu\/index.php\/wp-json\/wp\/v2\/posts\/114000\/revisions"}],"predecessor-version":[{"id":114001,"href":"https:\/\/gazdasagportal.hu\/index.php\/wp-json\/wp\/v2\/posts\/114000\/revisions\/114001"}],"wp:attachment":[{"href":"https:\/\/gazdasagportal.hu\/index.php\/wp-json\/wp\/v2\/media?parent=114000"}],"wp:term":[{"taxonomy":"category","embeddable":true,"href":"https:\/\/gazdasagportal.hu\/index.php\/wp-json\/wp\/v2\/categories?post=114000"},{"taxonomy":"post_tag","embeddable":true,"href":"https:\/\/gazdasagportal.hu\/index.php\/wp-json\/wp\/v2\/tags?post=114000"}],"curies":[{"name":"wp","href":"https:\/\/api.w.org\/{rel}","templated":true}]}}