{"id":113833,"date":"2019-02-21T16:07:05","date_gmt":"2019-02-21T15:07:05","guid":{"rendered":"http:\/\/gazdasagportal.hu\/?p=113833"},"modified":"2019-02-21T15:58:29","modified_gmt":"2019-02-21T14:58:29","slug":"csokkent-a-munkanelkuli-segelyt-kerok-szama-az-egyesult-allamokban-10","status":"publish","type":"post","link":"https:\/\/gazdasagportal.hu\/index.php\/csokkent-a-munkanelkuli-segelyt-kerok-szama-az-egyesult-allamokban-10\/","title":{"rendered":"Cs\u00f6kkent a munkan\u00e9lk\u00fcli seg\u00e9lyt k\u00e9r\u0151k sz\u00e1ma az Egyes\u00fclt \u00c1llamokban"},"content":{"rendered":"<p><strong>Cs\u00f6kkent a munkan\u00e9lk\u00fcli seg\u00e9lyt k\u00e9r\u0151k sz\u00e1ma az Egyes\u00fclt \u00c1llamokban a m\u00falt h\u00e9ten.<\/strong><!--more--><\/p>\n<div class=\"ads-in-post1\"><div id=\"gazdasagportal.hu_fullbanner_wideboard\"><\/div>\r\n<\/div>\n<p>    A washingtoni munka\u00fcgyi miniszt\u00e9rium cs\u00fct\u00f6rt\u00f6k\u00f6n k\u00f6z\u00f6lte, hogy a szezon\u00e1lisan kiigaz\u00edtott adatok szerint az els\u0151 alkalommal munkan\u00e9lk\u00fcli seg\u00e9ly\u00e9rt folyamod\u00f3k sz\u00e1ma a febru\u00e1r 16-\u00e1n z\u00e1r\u00f3dott h\u00e9ten 216 ezer volt, 23 ezerrel kevesebb, mint az el\u0151z\u0151 h\u00e9ten. A febru\u00e1r 9-\u00e9n v\u00e9gz\u0151d\u00f6tt h\u00e9ten 4 ezerrel, 239 ezerre n\u0151tt a k\u00e9relmek sz\u00e1ma.<br \/>\n    A 300 ezer alatti \u00e9rt\u00e9ket a munkaer\u0151piac robusztus er\u0151s\u00f6d\u00e9s\u00e9nek jelek\u00e9nt \u00e9rtelmezik az elemz\u0151k, \u00e9s m\u00e1r a 205. egym\u00e1st k\u00f6vet\u0151 h\u00e9ten \u00e1ll 300 ezer alatt ez a sz\u00e1m.<br \/>\n<div class=\"ads-in-post2\"><script async src=\"https:\/\/pagead2.googlesyndication.com\/pagead\/js\/adsbygoogle.js\"><\/script>\r\n<ins class=\"adsbygoogle\"\r\n     style=\"display:block\"\r\n     data-ad-format=\"fluid\"\r\n     data-ad-layout-key=\"-6t+ed+2i-1n-4w\"\r\n     data-ad-client=\"ca-pub-1959107119989764\"\r\n     data-ad-slot=\"4008251320\"><\/ins>\r\n<script>\r\n     (adsbygoogle = window.adsbygoogle || []).push({});\r\n<\/script><\/div>\n    A seg\u00e9lyk\u00e9relmek sz\u00e1m\u00e1t m\u00e9r\u0151 n\u00e9gyhetes mozg\u00f3\u00e1tlag 4 ezerrel 235 750-re n\u0151tt. A mozg\u00f3\u00e1tlag seg\u00edt kisz\u0171rni az ideiglenes, egyszeri hat\u00e1sokat.<br \/>\n    Az amerikai munkaer\u0151piac a teljes foglalkoztatotts\u00e1g k\u00f6r\u00fcli szinten mozog. Janu\u00e1rban a v\u00e1rt 165 ezer helyett 304 ezerrel n\u0151tt a nem mez\u0151gazdas\u00e1gi \u00e1gazatokban foglalkoztatottak sz\u00e1ma az Egyes\u00fclt \u00c1llamokban.(MTI)<\/p>\n","protected":false},"excerpt":{"rendered":"<p>Cs\u00f6kkent a munkan\u00e9lk\u00fcli seg\u00e9lyt k\u00e9r\u0151k sz\u00e1ma az Egyes\u00fclt \u00c1llamokban a m\u00falt h\u00e9ten.<\/p>\n","protected":false},"author":1,"featured_media":0,"comment_status":"closed","ping_status":"open","sticky":false,"template":"","format":"standard","meta":[],"categories":[246],"tags":[],"_links":{"self":[{"href":"https:\/\/gazdasagportal.hu\/index.php\/wp-json\/wp\/v2\/posts\/113833"}],"collection":[{"href":"https:\/\/gazdasagportal.hu\/index.php\/wp-json\/wp\/v2\/posts"}],"about":[{"href":"https:\/\/gazdasagportal.hu\/index.php\/wp-json\/wp\/v2\/types\/post"}],"author":[{"embeddable":true,"href":"https:\/\/gazdasagportal.hu\/index.php\/wp-json\/wp\/v2\/users\/1"}],"replies":[{"embeddable":true,"href":"https:\/\/gazdasagportal.hu\/index.php\/wp-json\/wp\/v2\/comments?post=113833"}],"version-history":[{"count":1,"href":"https:\/\/gazdasagportal.hu\/index.php\/wp-json\/wp\/v2\/posts\/113833\/revisions"}],"predecessor-version":[{"id":113834,"href":"https:\/\/gazdasagportal.hu\/index.php\/wp-json\/wp\/v2\/posts\/113833\/revisions\/113834"}],"wp:attachment":[{"href":"https:\/\/gazdasagportal.hu\/index.php\/wp-json\/wp\/v2\/media?parent=113833"}],"wp:term":[{"taxonomy":"category","embeddable":true,"href":"https:\/\/gazdasagportal.hu\/index.php\/wp-json\/wp\/v2\/categories?post=113833"},{"taxonomy":"post_tag","embeddable":true,"href":"https:\/\/gazdasagportal.hu\/index.php\/wp-json\/wp\/v2\/tags?post=113833"}],"curies":[{"name":"wp","href":"https:\/\/api.w.org\/{rel}","templated":true}]}}